{"id":33028,"date":"2024-06-03T12:57:23","date_gmt":"2024-06-03T09:57:23","guid":{"rendered":"http:\/\/mersinkadingazetesi.com\/?p=33028"},"modified":"2024-06-03T12:57:23","modified_gmt":"2024-06-03T09:57:23","slug":"baskan-ulas-yilmazdan-mezitlinin-sevilen-ismi-bunyamin-onel-ailesine-bassagligi-mesaji","status":"publish","type":"post","link":"https:\/\/mersinkadingazetesi.com\/?p=33028","title":{"rendered":"Ba\u015fkan Ula\u015f Y\u0131lmaz&#8217;dan Mezitli&#8217;nin Sevilen \u0130smi B\u00fcnyamin \u00d6nel Ailesine Ba\u015fsa\u011fl\u0131\u011f\u0131 Mesaj\u0131"},"content":{"rendered":"<p>Mezitli Esnaf ve Sanatk\u00e2rlar Kredi Kefalet Kooperatifi Ba\u015fkan\u0131 ve S.S. Mezitli K\u00fc\u00e7\u00fck Sanayi Sitesi Yap\u0131 Kooperatifi Ba\u015fkan\u0131 B\u00fcnyamin \u00d6nel, ge\u00e7irdi\u011fi trajik kaza sonucu hayat\u0131n\u0131 kaybetti.<\/p>\n<p>Ge\u00e7ti\u011fimiz Cuma&#8217;y\u0131 Cumartesi ak\u015fam\u0131na ba\u011flayan gece kendisine ait \u00e7iftlikte 3. kattan d\u00fc\u015ferek a\u011f\u0131r yaralanan B\u00fcnyamin \u00d6nel, Mersin \u00dcniversitesi yo\u011fun bak\u0131m \u00fcnitesine kald\u0131r\u0131lm\u0131\u015ft\u0131. \u0130lk ba\u015flarda durumunun iyiye gitti\u011fi belirtilen \u00d6nel, bu sabah itibariyle yap\u0131lan t\u00fcm m\u00fcdahalelere ra\u011fmen hayat\u0131n\u0131 kaybetti.<\/p>\n<p>B\u00fcnyamin \u00d6nel, Mezitli&#8217;nin tan\u0131nm\u0131\u015f ve sevilen simalar\u0131ndan biriydi. \u0130l\u00e7eye yapt\u0131\u011f\u0131 yat\u0131r\u0131mlar ve esnaf\u0131n geli\u015fimine sa\u011flad\u0131\u011f\u0131 katk\u0131larla bilinen \u00d6nel, Mezitli Esnaf Kefalet Kooperatifi Ba\u015fkan\u0131 olarak g\u00f6rev yapt\u0131\u011f\u0131 s\u00fcre boyunca pek \u00e7ok ba\u015far\u0131l\u0131 projeye imza att\u0131. \u00d6nceki d\u00f6nem MHP B\u00fcy\u00fck\u015fehir Meclis \u00dcyeli\u011fi g\u00f6revinde de bulunan \u00d6nel, Mezitli halk\u0131na hizmet etmeyi her zaman \u00f6ncelik olarak g\u00f6rm\u00fc\u015f, il\u00e7eye olan sevgisiyle tan\u0131nm\u0131\u015ft\u0131.<\/p>\n<p>Cumhuriyet Halk Partisi (CHP) Mezitli \u0130l\u00e7e Ba\u015fkan\u0131 Av. Ula\u015f Y\u0131lmaz, B\u00fcnyamin \u00d6nel&#8217;in vefat\u0131 \u00fczerine bir ba\u015fsa\u011fl\u0131\u011f\u0131 mesaj\u0131 yay\u0131nlad\u0131. Y\u0131lmaz, mesaj\u0131nda \u015fu ifadelere yer verdi:<br \/>\n&#8220;Mezitli Esnaf ve Sanatkarlar Kredi Kefalet Kooperatifi Ba\u015fkan\u0131 B\u00fcnyamin \u00d6nel&#8217;in vefat haberini b\u00fcy\u00fck bir \u00fcz\u00fcnt\u00fc ile \u00f6\u011frendim. Kendisini tan\u0131mak ve il\u00e7emize olan katk\u0131lar\u0131na \u015fahit olmak b\u00fcy\u00fck bir ayr\u0131cal\u0131kt\u0131. Allah&#8217;tan rahmet, ailesine ve yak\u0131nlar\u0131na sab\u0131r diliyorum. Mekan\u0131 cennet olsun.&#8221; diyerek \u00fcz\u00fcnt\u00fclerini dile getirdi.<\/p>\n","protected":false},"excerpt":{"rendered":"<p>Mezitli Esnaf ve Sanatk\u00e2rlar Kredi Kefalet Kooperatifi Ba\u015fkan\u0131 ve S.S. Mezitli K\u00fc\u00e7\u00fck Sanayi Sitesi Yap\u0131 Kooperatifi Ba\u015fkan\u0131 B\u00fcnyamin \u00d6nel, ge\u00e7irdi\u011fi trajik kaza sonucu hayat\u0131n\u0131 kaybetti. Ge\u00e7ti\u011fimiz Cuma&#8217;y\u0131 Cumartesi ak\u015fam\u0131na ba\u011flayan gece kendisine ait \u00e7iftlikte 3. kattan d\u00fc\u015ferek a\u011f\u0131r yaralanan B\u00fcnyamin \u00d6nel, Mersin \u00dcniversitesi yo\u011fun bak\u0131m \u00fcnitesine kald\u0131r\u0131lm\u0131\u015ft\u0131. \u0130lk ba\u015flarda durumunun iyiye gitti\u011fi belirtilen \u00d6nel, bu [&hellip;]<\/p>\n","protected":false},"author":2,"featured_media":33029,"comment_status":"open","ping_status":"open","sticky":false,"template":"","format":"standard","meta":{"footnotes":""},"categories":[2,3],"tags":[],"class_list":["post-33028","post","type-post","status-publish","format-standard","has-post-thumbnail","hentry","category-gundem","category-manset"],"views":8,"_links":{"self":[{"href":"https:\/\/mersinkadingazetesi.com\/index.php?rest_route=\/wp\/v2\/posts\/33028"}],"collection":[{"href":"https:\/\/mersinkadingazetesi.com\/index.php?rest_route=\/wp\/v2\/posts"}],"about":[{"href":"https:\/\/mersinkadingazetesi.com\/index.php?rest_route=\/wp\/v2\/types\/post"}],"author":[{"embeddable":true,"href":"https:\/\/mersinkadingazetesi.com\/index.php?rest_route=\/wp\/v2\/users\/2"}],"replies":[{"embeddable":true,"href":"https:\/\/mersinkadingazetesi.com\/index.php?rest_route=%2Fwp%2Fv2%2Fcomments&post=33028"}],"version-history":[{"count":0,"href":"https:\/\/mersinkadingazetesi.com\/index.php?rest_route=\/wp\/v2\/posts\/33028\/revisions"}],"wp:featuredmedia":[{"embeddable":true,"href":"https:\/\/mersinkadingazetesi.com\/index.php?rest_route=\/wp\/v2\/media\/33029"}],"wp:attachment":[{"href":"https:\/\/mersinkadingazetesi.com\/index.php?rest_route=%2Fwp%2Fv2%2Fmedia&parent=33028"}],"wp:term":[{"taxonomy":"category","embeddable":true,"href":"https:\/\/mersinkadingazetesi.com\/index.php?rest_route=%2Fwp%2Fv2%2Fcategories&post=33028"},{"taxonomy":"post_tag","embeddable":true,"href":"https:\/\/mersinkadingazetesi.com\/index.php?rest_route=%2Fwp%2Fv2%2Ftags&post=33028"}],"curies":[{"name":"wp","href":"https:\/\/api.w.org\/{rel}","templated":true}]}}