{"id":33031,"date":"2024-06-04T12:31:20","date_gmt":"2024-06-04T09:31:20","guid":{"rendered":"http:\/\/mersinkadingazetesi.com\/?p=33031"},"modified":"2024-06-04T12:31:20","modified_gmt":"2024-06-04T09:31:20","slug":"baskan-boltacsaglikli-nesiller-ve-parlak-bir-gelecek-icin-calisiyoruz","status":"publish","type":"post","link":"https:\/\/mersinkadingazetesi.com\/?p=33031","title":{"rendered":"BA\u015eKAN BOLTA\u00c7;&#8221;SA\u011eLIKLI NES\u0130LLER VE PARLAK B\u0130R GELECEK \u0130\u00c7\u0130N \u00c7ALI\u015eIYORUZ&#8221;"},"content":{"rendered":"<p>Tarsus Belediyesi, D\u00fcnya S\u00fct G\u00fcn\u00fc nedeniyle Tarsus \u0130lkokulu ve Fahrettinpa\u015fa \u0130lkokulu&#8217;nda s\u00fct da\u011f\u0131t\u0131m etkinli\u011fi ger\u00e7ekle\u015ftirdi. Etkinli\u011fe Tarsus Belediye Ba\u015fkan\u0131 Ali Bolta\u00e7 da kat\u0131l\u0131m sa\u011flad\u0131. Etkinlikte, \u00f6\u011frencilere s\u00fct da\u011f\u0131t\u0131l\u0131rken renkli ve e\u011flenceli anlar ya\u015fand\u0131.<\/p>\n<p>Etkinlikte konu\u015fma yapan Tarsus Belediye Ba\u015fkan\u0131 Ali Bolta\u00e7, s\u00fct\u00fcn \u00e7ocuklar\u0131n sa\u011fl\u0131kl\u0131 geli\u015fimi ve gelecek nesillerin sa\u011fl\u0131\u011f\u0131 a\u00e7\u0131s\u0131ndan \u00f6nemine dikkat \u00e7ekti. Bolta\u00e7, \u201cS\u00fct, i\u00e7erdi\u011fi besin de\u011ferleriyle \u00e7ocuklar\u0131m\u0131z\u0131n b\u00fcy\u00fcmesinde ve sa\u011fl\u0131kl\u0131 bireyler olarak yeti\u015fmelerinde \u00e7ok \u00f6nemli bir rol oynamaktad\u0131r. Gelece\u011fimizin teminat\u0131 olan \u00e7ocuklar\u0131m\u0131z\u0131n sa\u011fl\u0131kl\u0131 nesiller olarak yeti\u015fmesi ve parlak bir gelece\u011fe sahip olmas\u0131 i\u00e7in \u00e7al\u0131\u015fmaya devam edece\u011fiz.\u201d dedi.<\/p>\n<p>\u00c7OCUKLAR GELECE\u011eE B\u0130R TOHUM EKT\u0130<\/p>\n<p>Etkinlik s\u0131ras\u0131nda \u00e7ocuklar\u0131n s\u00fct i\u00e7erken ya\u015fad\u0131\u011f\u0131 sevin\u00e7 ve mutluluk, etkinli\u011fe kat\u0131lan herkesin y\u00fcz\u00fcn\u00fc g\u00fcld\u00fcrd\u00fc. \u00d6\u011frenciler, Belediye Ba\u015fkan\u0131 Ali Bolta\u00e7 ile birlikte s\u00fct i\u00e7erken bol bol foto\u011fraf \u00e7ektirdi. Etkinlikte ayr\u0131ca, \u00e7ocuklarla geri d\u00f6n\u00fc\u015f\u00fcm \u00e7al\u0131\u015fmas\u0131 da yap\u0131ld\u0131. Yap\u0131lan geri d\u00f6n\u00fc\u015f\u00fcm \u00e7al\u0131\u015fmas\u0131nda \u00e7ocuklar\u0131n i\u00e7tikleri bo\u015f s\u00fct kutular\u0131 kesilerek i\u00e7ine toprak koyuldu, ard\u0131ndan bu s\u00fct kutular\u0131na tohum yerle\u015ftirilerek fidan haline getirildi. Geri d\u00f6n\u00fc\u015f\u00fcm alg\u0131s\u0131n\u0131n da olu\u015fturuldu\u011fu etkinlikte \u00e7ocuklar gelece\u011fe bir tohum ekmi\u015f oldular.<\/p>\n<p>BA\u015eKAN BOLTA\u00c7 \u00c7OCUKLARLA FUTBOL OYNADI<\/p>\n<p>Ba\u015fkan Bolta\u00e7, s\u00fct da\u011f\u0131t\u0131m etkinli\u011finden sonra okul bah\u00e7esinde \u00f6\u011frencilerle sohbet etti, ard\u0131ndan isteklerini k\u0131rmayarak birlikle futbol oynad\u0131.  Hem \u00e7ocuklar hem de Ba\u015fkan Bolta\u00e7, \u00e7ocuklarla top oynaman\u0131n keyfini \u00e7\u0131kard\u0131.<\/p>\n<p>UYAN; &#8220;\u00c7OCUKLARIMIZIN SA\u011eLIKLI GEL\u0130\u015e\u0130M\u0130N\u0130 DESTEKLEMEK \u0130C\u0130N BENZER PROJELERE DEVAM EDECE\u011e\u0130Z&#8221;<\/p>\n<p>Fahrettinpa\u015fa \u0130lk\u00f6\u011fretim Okulu&#8217;ndaki etkinli\u011fe kat\u0131lan Tarsus Belediye Ba\u015fkan Yard\u0131mc\u0131s\u0131 Ali Uyan; &#8220;Tarsus Belediyesi, bu t\u00fcr etkinliklerle hem \u00e7ocuklar\u0131 hem de aileleri s\u00fct t\u00fcketimi konusunda bilin\u00e7lendirmeyi ama\u00e7l\u0131yor. Bu t\u00fcr etkinlikler, \u00e7ocuklar\u0131m\u0131za s\u00fct\u00fcn ne kadar de\u011ferli bir besin oldu\u011funu \u00f6\u011fretmek ve sa\u011fl\u0131kl\u0131 nesiller yeti\u015ftirmek i\u00e7in \u00e7ok \u00f6nemli. Bu vesileyle \u00e7ocuklar sa\u011fl\u0131kl\u0131 beslenme al\u0131\u015fkanl\u0131\u011f\u0131 kazan\u0131yor. Tarsus Belediyesi olarak, \u00e7ocuklar\u0131m\u0131z\u0131n sa\u011fl\u0131kl\u0131 geli\u015fimini desteklemek i\u00e7in benzer projelere devam edece\u011fiz.\u201d ifadelerini kulland\u0131.<\/p>\n<p>D\u00fcnya S\u00fct G\u00fcn\u00fc nedeniyle d\u00fczenlenen bu etkinlik, Tarsus&#8217;ta s\u00fct t\u00fcketimine olan ilgiyi art\u0131rmay\u0131, \u00e7ocuklar\u0131n sa\u011fl\u0131kl\u0131 beslenme al\u0131\u015fkanl\u0131klar\u0131 kazanmalar\u0131n\u0131 sa\u011flamay\u0131 ve geri d\u00f6n\u00fc\u015f\u00fcm\u00fcn hayat\u0131m\u0131zdaki \u00f6nemiyle ilgili bilin\u00e7 olu\u015fturmay\u0131 sa\u011flad\u0131. Tarsus Belediyesi&#8217;nin katk\u0131lar\u0131yla ger\u00e7ekle\u015ftirilen bu etkinlik, hem \u00f6\u011frenciler hem de veliler taraf\u0131ndan b\u00fcy\u00fck ilgi g\u00f6rd\u00fc.<\/p>\n","protected":false},"excerpt":{"rendered":"<p>Tarsus Belediyesi, D\u00fcnya S\u00fct G\u00fcn\u00fc nedeniyle Tarsus \u0130lkokulu ve Fahrettinpa\u015fa \u0130lkokulu&#8217;nda s\u00fct da\u011f\u0131t\u0131m etkinli\u011fi ger\u00e7ekle\u015ftirdi. Etkinli\u011fe Tarsus Belediye Ba\u015fkan\u0131 Ali Bolta\u00e7 da kat\u0131l\u0131m sa\u011flad\u0131. Etkinlikte, \u00f6\u011frencilere s\u00fct da\u011f\u0131t\u0131l\u0131rken renkli ve e\u011flenceli anlar ya\u015fand\u0131. Etkinlikte konu\u015fma yapan Tarsus Belediye Ba\u015fkan\u0131 Ali Bolta\u00e7, s\u00fct\u00fcn \u00e7ocuklar\u0131n sa\u011fl\u0131kl\u0131 geli\u015fimi ve gelecek nesillerin sa\u011fl\u0131\u011f\u0131 a\u00e7\u0131s\u0131ndan \u00f6nemine dikkat \u00e7ekti. Bolta\u00e7, \u201cS\u00fct, [&hellip;]<\/p>\n","protected":false},"author":2,"featured_media":33032,"comment_status":"open","ping_status":"open","sticky":false,"template":"","format":"standard","meta":{"footnotes":""},"categories":[3,9],"tags":[],"class_list":["post-33031","post","type-post","status-publish","format-standard","has-post-thumbnail","hentry","category-manset","category-saglik"],"views":6,"_links":{"self":[{"href":"https:\/\/mersinkadingazetesi.com\/index.php?rest_route=\/wp\/v2\/posts\/33031"}],"collection":[{"href":"https:\/\/mersinkadingazetesi.com\/index.php?rest_route=\/wp\/v2\/posts"}],"about":[{"href":"https:\/\/mersinkadingazetesi.com\/index.php?rest_route=\/wp\/v2\/types\/post"}],"author":[{"embeddable":true,"href":"https:\/\/mersinkadingazetesi.com\/index.php?rest_route=\/wp\/v2\/users\/2"}],"replies":[{"embeddable":true,"href":"https:\/\/mersinkadingazetesi.com\/index.php?rest_route=%2Fwp%2Fv2%2Fcomments&post=33031"}],"version-history":[{"count":0,"href":"https:\/\/mersinkadingazetesi.com\/index.php?rest_route=\/wp\/v2\/posts\/33031\/revisions"}],"wp:featuredmedia":[{"embeddable":true,"href":"https:\/\/mersinkadingazetesi.com\/index.php?rest_route=\/wp\/v2\/media\/33032"}],"wp:attachment":[{"href":"https:\/\/mersinkadingazetesi.com\/index.php?rest_route=%2Fwp%2Fv2%2Fmedia&parent=33031"}],"wp:term":[{"taxonomy":"category","embeddable":true,"href":"https:\/\/mersinkadingazetesi.com\/index.php?rest_route=%2Fwp%2Fv2%2Fcategories&post=33031"},{"taxonomy":"post_tag","embeddable":true,"href":"https:\/\/mersinkadingazetesi.com\/index.php?rest_route=%2Fwp%2Fv2%2Ftags&post=33031"}],"curies":[{"name":"wp","href":"https:\/\/api.w.org\/{rel}","templated":true}]}}