{"id":33040,"date":"2024-06-04T12:36:04","date_gmt":"2024-06-04T09:36:04","guid":{"rendered":"http:\/\/mersinkadingazetesi.com\/?p=33040"},"modified":"2024-06-04T12:36:04","modified_gmt":"2024-06-04T09:36:04","slug":"baskan-boltacla-koylerin-yol-sorunu-ortadan-kalkiyor","status":"publish","type":"post","link":"https:\/\/mersinkadingazetesi.com\/?p=33040","title":{"rendered":"-BA\u015eKAN BOLTA\u00c7\u2019LA K\u00d6YLER\u0130N YOL SORUNU ORTADAN KALKIYOR"},"content":{"rendered":"<p>Uzun y\u0131llard\u0131r yap\u0131lmayan k\u00f6y yollar\u0131 Tarsus Belediye Ba\u015fkan\u0131 Ali Bolta\u00e7\u2019\u0131n talimatlar\u0131yla yerine getiriliyor. Mahalle halk\u0131 ve muhtarlar\u0131n yol sorunu ortadan kalk\u0131yor.<\/p>\n<p>Tarsus Belediyesi \u00e7ift\u00e7ilerin rahat bir \u015fekilde hasatlar\u0131n\u0131 yapabilmesi, \u00fcr\u00fcnlerini yeti\u015ftirebilmesi ve k\u0131rsal mahalle halk\u0131n\u0131n rahatl\u0131kla ula\u015f\u0131m\u0131n\u0131 sa\u011flayabilmesi i\u00e7in k\u00f6y yollar\u0131n\u0131 yap\u0131yor. Uzun y\u0131llar sonra Tarsus Belediyesi Fen \u0130\u015fleri M\u00fcd\u00fcrl\u00fc\u011f\u00fc taraf\u0131ndan, Olukkoya\u011f\u0131, Kurt\u00e7ukuru, Bo\u011fazp\u0131nar\u0131, Ta\u015f\u00e7\u0131l\u0131, \u00c7ak\u0131rl\u0131 ve Alifak\u0131 Mahallelerinde parke tamirat\u0131 yap\u0131l\u0131rken \u00c7avdarl\u0131 Mahallesi\u2019nde ise b\u00fcz a\u00e7\u0131m\u0131 ger\u00e7ekle\u015ftiriliyor.  Vatanda\u015flar ve muhtarlar, yap\u0131lan \u00e7al\u0131\u015fmalardan duyduklar\u0131 memnuniyeti dile getiriyor.<\/p>\n<p>Ba\u015fkan Bolta\u00e7\u2019\u0131n giri\u015fimleri sayesinde vatanda\u015flar\u0131n k\u00f6y yollar\u0131ndaki \u00e7ilesi sona eriyor ve Tarsus halk\u0131 daha rahat bir ula\u015f\u0131m imkan\u0131na kavu\u015fuyor.<\/p>\n<p>BA\u015eKAN BOLTA\u00c7; \u201cULA\u015eILMADIK K\u00d6Y BIRAKMIYORUZ\u201d<\/p>\n<p>Tarsus Belediye Ba\u015fkan\u0131 Ali Bolta\u00e7 k\u0131rsal mahalleleri \u00f6nemsedi\u011fini ve bu anlamda \u00e7al\u0131\u015fmalar\u0131 ivedilikle s\u00fcrd\u00fcrd\u00fc\u011f\u00fcn\u00fc kaydederek, \u201cUla\u015f\u0131lmad\u0131k k\u00f6y b\u0131rakm\u0131yoruz. \u00c7\u00fcnk\u00fc s\u00f6z vermi\u015ftik, k\u0131rsal mahallelerimiz ne g\u00f6zden ne de g\u00f6n\u00fclden uzak olacak diye. T\u00fcm mahallelerimizdeki sorunlar\u0131 muhtarlar\u0131m\u0131zla birlikte koordineli bir \u015fekilde tespit edip \u00e7\u00f6z\u00fcme kavu\u015fturaca\u011f\u0131z.\u201d diye belirtti.<\/p>\n<p>\u201cBA\u015eKANIMIZ AL\u0130 BOLTA\u00c7\u2019A TE\u015eEKK\u00dcR ED\u0130YORUZ\u201d<\/p>\n<p>Memnuniyetlerini dile getiren Olukkoya\u011f\u0131 Mahalle Muhtar\u0131 Mahmut Sa\u011f\u0131r, \u201cBa\u015fkan\u0131m\u0131z Ali Bolta\u00e7\u2019a te\u015fekk\u00fcr ediyoruz. K\u00f6y\u00fcm\u00fcz\u00fcn sorunlar\u0131n\u0131 bizden talep edip \u00f6\u011frenmemizi istedi. \u00d6ncelik s\u0131ras\u0131na g\u00f6re de ilgileneceklerini s\u00f6ylediler.\u201d ifadelerini kulland\u0131.  <\/p>\n<p>\u201cSORUNUMUZU \u00c7\u00d6Z\u00dcME KAVU\u015eTURDULAR\u201d<\/p>\n<p>Bo\u011fazp\u0131nar\u0131 Mahalle Muhtar\u0131 Mesut Anbaro\u011flu taleplerinin h\u0131zl\u0131 bir \u015fekilde yap\u0131ld\u0131\u011f\u0131na de\u011finerek\u201d Say\u0131n Ba\u015fkan\u0131m Ali Bolta\u00e7\u2019a 3-4 y\u0131ld\u0131r bu parke yollar\u0131n\u0131n bozuk oldu\u011funu iletmi\u015ftim ve an\u0131nda sorunumuzu \u00e7\u00f6z\u00fcme kavu\u015fturdular.\u201d dedi.<\/p>\n<p>\u201cYEN\u0130 SE\u00c7\u0130LEN AL\u0130 BOLTA\u00c7 BA\u015eKANIMIZDAN ALLAH RAZI OLSUN\u201d<\/p>\n<p>Kurt\u00e7ukuru Mahalle Muhtar\u0131 S\u00fcleyman Dubarac\u0131 yap\u0131lan hizmetten \u00f6t\u00fcr\u00fc te\u015fekk\u00fcrlerini ileterek, \u201cYeni se\u00e7ilen Ali Bolta\u00e7 ba\u015fkan\u0131m\u0131zdan Allah raz\u0131 olsun. Kendisine durumu arz ettik. K\u0131sa s\u00fcrede \u00e7\u00f6z\u00fcm \u00fcrettiler. \u00c7ok acil olan yerleri yapt\u0131rd\u0131k. \u0130lerleyen zamanlarda eksik olan yerleri de yapacaklar\u0131na s\u00f6z verdiler. \u0130lgilerinden dolay\u0131 \u00e7ok memnunuz.\u201d \u015feklinde ifade etti.<\/p>\n","protected":false},"excerpt":{"rendered":"<p>Uzun y\u0131llard\u0131r yap\u0131lmayan k\u00f6y yollar\u0131 Tarsus Belediye Ba\u015fkan\u0131 Ali Bolta\u00e7\u2019\u0131n talimatlar\u0131yla yerine getiriliyor. Mahalle halk\u0131 ve muhtarlar\u0131n yol sorunu ortadan kalk\u0131yor. Tarsus Belediyesi \u00e7ift\u00e7ilerin rahat bir \u015fekilde hasatlar\u0131n\u0131 yapabilmesi, \u00fcr\u00fcnlerini yeti\u015ftirebilmesi ve k\u0131rsal mahalle halk\u0131n\u0131n rahatl\u0131kla ula\u015f\u0131m\u0131n\u0131 sa\u011flayabilmesi i\u00e7in k\u00f6y yollar\u0131n\u0131 yap\u0131yor. Uzun y\u0131llar sonra Tarsus Belediyesi Fen \u0130\u015fleri M\u00fcd\u00fcrl\u00fc\u011f\u00fc taraf\u0131ndan, Olukkoya\u011f\u0131, Kurt\u00e7ukuru, Bo\u011fazp\u0131nar\u0131, Ta\u015f\u00e7\u0131l\u0131, [&hellip;]<\/p>\n","protected":false},"author":2,"featured_media":33041,"comment_status":"open","ping_status":"open","sticky":false,"template":"","format":"standard","meta":{"footnotes":""},"categories":[2,3],"tags":[],"class_list":["post-33040","post","type-post","status-publish","format-standard","has-post-thumbnail","hentry","category-gundem","category-manset"],"views":6,"_links":{"self":[{"href":"https:\/\/mersinkadingazetesi.com\/index.php?rest_route=\/wp\/v2\/posts\/33040"}],"collection":[{"href":"https:\/\/mersinkadingazetesi.com\/index.php?rest_route=\/wp\/v2\/posts"}],"about":[{"href":"https:\/\/mersinkadingazetesi.com\/index.php?rest_route=\/wp\/v2\/types\/post"}],"author":[{"embeddable":true,"href":"https:\/\/mersinkadingazetesi.com\/index.php?rest_route=\/wp\/v2\/users\/2"}],"replies":[{"embeddable":true,"href":"https:\/\/mersinkadingazetesi.com\/index.php?rest_route=%2Fwp%2Fv2%2Fcomments&post=33040"}],"version-history":[{"count":0,"href":"https:\/\/mersinkadingazetesi.com\/index.php?rest_route=\/wp\/v2\/posts\/33040\/revisions"}],"wp:featuredmedia":[{"embeddable":true,"href":"https:\/\/mersinkadingazetesi.com\/index.php?rest_route=\/wp\/v2\/media\/33041"}],"wp:attachment":[{"href":"https:\/\/mersinkadingazetesi.com\/index.php?rest_route=%2Fwp%2Fv2%2Fmedia&parent=33040"}],"wp:term":[{"taxonomy":"category","embeddable":true,"href":"https:\/\/mersinkadingazetesi.com\/index.php?rest_route=%2Fwp%2Fv2%2Fcategories&post=33040"},{"taxonomy":"post_tag","embeddable":true,"href":"https:\/\/mersinkadingazetesi.com\/index.php?rest_route=%2Fwp%2Fv2%2Ftags&post=33040"}],"curies":[{"name":"wp","href":"https:\/\/api.w.org\/{rel}","templated":true}]}}