{"id":33043,"date":"2024-06-04T12:37:14","date_gmt":"2024-06-04T09:37:14","guid":{"rendered":"http:\/\/mersinkadingazetesi.com\/?p=33043"},"modified":"2024-06-04T12:37:14","modified_gmt":"2024-06-04T09:37:14","slug":"mersinde-vefa-gecesi-2","status":"publish","type":"post","link":"https:\/\/mersinkadingazetesi.com\/?p=33043","title":{"rendered":"Mersin\u2019de Vefa Gecesi"},"content":{"rendered":"<p>Mersin Orman B\u00f6lge M\u00fcd\u00fcrl\u00fc\u011f\u00fc g\u00f6revindeyken, Konya Orman B\u00f6lge M\u00fcd\u00fcr\u00fc olarak atanan Mustafa Yal\u00e7\u0131n i\u00e7in Orman B\u00f6lge M\u00fcd\u00fcrl\u00fc\u011f\u00fcm\u00fcz yemekhanesinde vedala\u015fma program\u0131 d\u00fczenlendi.\u00a0<br \/>\nProgram, Mersin Orman B\u00f6lge M\u00fcd\u00fcr\u00fc R\u0131fat Ata\u015f\u2019\u0131n konu\u015fmalar\u0131 ile ba\u015flad\u0131. B\u00f6lge M\u00fcd\u00fcr\u00fc Ata\u015f konu\u015fmas\u0131nda, Konya Orman B\u00f6lge M\u00fcd\u00fcr\u00fc olarak atanan Yal\u00e7\u0131n\u2019a b\u00f6lgemizde yapm\u0131\u015f oldu\u011fu \u00f6zverili \u00e7al\u0131\u015fmalar ve hizmetler i\u00e7in te\u015fekk\u00fcr ederek, yeni g\u00f6revinde ba\u015far\u0131lar\u0131n\u0131n devam\u0131n\u0131 diledi.<\/p>\n","protected":false},"excerpt":{"rendered":"<p>Mersin Orman B\u00f6lge M\u00fcd\u00fcrl\u00fc\u011f\u00fc g\u00f6revindeyken, Konya Orman B\u00f6lge M\u00fcd\u00fcr\u00fc olarak atanan Mustafa Yal\u00e7\u0131n i\u00e7in Orman B\u00f6lge M\u00fcd\u00fcrl\u00fc\u011f\u00fcm\u00fcz yemekhanesinde vedala\u015fma program\u0131 d\u00fczenlendi.\u00a0 Program, Mersin Orman B\u00f6lge M\u00fcd\u00fcr\u00fc R\u0131fat Ata\u015f\u2019\u0131n konu\u015fmalar\u0131 ile ba\u015flad\u0131. B\u00f6lge M\u00fcd\u00fcr\u00fc Ata\u015f konu\u015fmas\u0131nda, Konya Orman B\u00f6lge M\u00fcd\u00fcr\u00fc olarak atanan Yal\u00e7\u0131n\u2019a b\u00f6lgemizde yapm\u0131\u015f oldu\u011fu \u00f6zverili \u00e7al\u0131\u015fmalar ve hizmetler i\u00e7in te\u015fekk\u00fcr ederek, yeni g\u00f6revinde ba\u015far\u0131lar\u0131n\u0131n [&hellip;]<\/p>\n","protected":false},"author":2,"featured_media":33044,"comment_status":"open","ping_status":"open","sticky":false,"template":"","format":"standard","meta":{"footnotes":""},"categories":[3],"tags":[],"class_list":["post-33043","post","type-post","status-publish","format-standard","has-post-thumbnail","hentry","category-manset"],"views":5,"_links":{"self":[{"href":"https:\/\/mersinkadingazetesi.com\/index.php?rest_route=\/wp\/v2\/posts\/33043"}],"collection":[{"href":"https:\/\/mersinkadingazetesi.com\/index.php?rest_route=\/wp\/v2\/posts"}],"about":[{"href":"https:\/\/mersinkadingazetesi.com\/index.php?rest_route=\/wp\/v2\/types\/post"}],"author":[{"embeddable":true,"href":"https:\/\/mersinkadingazetesi.com\/index.php?rest_route=\/wp\/v2\/users\/2"}],"replies":[{"embeddable":true,"href":"https:\/\/mersinkadingazetesi.com\/index.php?rest_route=%2Fwp%2Fv2%2Fcomments&post=33043"}],"version-history":[{"count":0,"href":"https:\/\/mersinkadingazetesi.com\/index.php?rest_route=\/wp\/v2\/posts\/33043\/revisions"}],"wp:featuredmedia":[{"embeddable":true,"href":"https:\/\/mersinkadingazetesi.com\/index.php?rest_route=\/wp\/v2\/media\/33044"}],"wp:attachment":[{"href":"https:\/\/mersinkadingazetesi.com\/index.php?rest_route=%2Fwp%2Fv2%2Fmedia&parent=33043"}],"wp:term":[{"taxonomy":"category","embeddable":true,"href":"https:\/\/mersinkadingazetesi.com\/index.php?rest_route=%2Fwp%2Fv2%2Fcategories&post=33043"},{"taxonomy":"post_tag","embeddable":true,"href":"https:\/\/mersinkadingazetesi.com\/index.php?rest_route=%2Fwp%2Fv2%2Ftags&post=33043"}],"curies":[{"name":"wp","href":"https:\/\/api.w.org\/{rel}","templated":true}]}}