{"id":33065,"date":"2024-06-05T12:50:22","date_gmt":"2024-06-05T09:50:22","guid":{"rendered":"http:\/\/mersinkadingazetesi.com\/?p=33065"},"modified":"2024-06-05T12:50:22","modified_gmt":"2024-06-05T09:50:22","slug":"camliyayla-karagecitte-gonullulerle-birlikte-cevre-temizligi-yapildi","status":"publish","type":"post","link":"https:\/\/mersinkadingazetesi.com\/?p=33065","title":{"rendered":"\u00c7AMLIYAYLA KARAGE\u00c7\u0130T&#8217;TE G\u00d6N\u00dcLL\u00dcLERLE B\u0130RL\u0130KTE \u00c7EVRE TEM\u0130ZL\u0130\u011e\u0130 YAPILDI"},"content":{"rendered":"<p>Mersin B\u00fcy\u00fck\u015fehir Belediyesi \u00c7evre Koruma ve Kontrol Dairesi, her y\u0131l oldu\u011fu gibi bu y\u0131l da 5-11 Haziran \u00c7evre Haftas\u0131&#8217;n\u0131 dolu dolu etkinliklerle kutlayarak, \u00e7evre bilinci ve fark\u0131ndal\u0131\u011f\u0131 olu\u015fturacak. Bu y\u0131l &#8216;\u00c7evremiz \u0130yiyse Biz de \u0130yiyiz&#8217; slogan\u0131yla yola \u00e7\u0131kan Mersin B\u00fcy\u00fck\u015fehir Belediyesi, ilk etkinli\u011fi \u00c7aml\u0131yayla&#8217;da bulunan, Karage\u00e7it b\u00f6lgesinde yapt\u0131.<\/p>\n<p>Mersin Sup Kul\u00fcb\u00fc, Akdeniz Running Kul\u00fcb\u00fc ve Sayapark AVM i\u015f birli\u011finde ger\u00e7ekle\u015fen \u00e7evre temizlik etkinli\u011fine hem kul\u00fcp \u00fcyeleri hem de g\u00f6n\u00fcll\u00fcler kat\u0131ld\u0131. Etkinlikte do\u011fay\u0131 ve \u00e7evreyi miras b\u0131rakaca\u011f\u0131m\u0131z \u00e7ocuklar da vard\u0131.  \u0130nsanlar\u0131n, g\u00fczel havas\u0131 ve do\u011fal atmosferi dolay\u0131s\u0131yla piknik yapmak ve g\u00f6l\u00fc g\u00f6rmek i\u00e7in gitti\u011fi Karage\u00e7it b\u00f6lgesinde temizlik etkinli\u011fi yapan \u00c7evre Koruma Dairesi ekipleri, do\u011fada g\u00f6zden uzak her hangi bir alan\u0131n\u0131n da insan eliyle ne kadar kirletildi\u011fini g\u00f6stermi\u015f oldu.<\/p>\n<p>Kat\u0131l\u0131mc\u0131lar, \u00f6nce insanlar taraf\u0131ndan \u00e7evreye at\u0131lan \u00e7\u00f6pleri toplayarak, temizlik yapt\u0131. Temizlik sonras\u0131 onlarca po\u015fet \u00e7\u00f6p \u00e7\u0131kt\u0131. \u00c7\u0131kan \u00e7\u00f6pler aras\u0131nda hi\u00e7 biri do\u011faya ait olmayan, plastik ve cam \u015fi\u015feler, \u00fcr\u00fcn ambalajlar\u0131, izmaritler, po\u015fetler ve karton par\u00e7alar\u0131 yer ald\u0131. B\u00f6lgeyi tertemiz yapan kat\u0131l\u0131mc\u0131lar daha sonra Mersin Sup Kul\u00fcb\u00fc \u00f6nc\u00fcl\u00fc\u011f\u00fcnde Karage\u00e7it G\u00f6l\u00fc \u00fczerinde s\u00f6rf tahtalar\u0131 ile bir g\u00f6steri ger\u00e7ekle\u015ftirdi.<\/p>\n<p>Etkinlikte; &#8216;Ye\u015file Sahip \u00c7\u0131k&#8217;, &#8216;Suyu, Topra\u011f\u0131, Yar\u0131nlar\u0131 Koru&#8217;, &#8216;O&#8217;na \u0130yi Bak, \u00c7\u00fcnk\u00fc O&#8217;ndan sadece 1 Tane Var&#8217;, &#8216;Tertemiz Bir \u00c7evre \u0130\u00e7in El Ele&#8217;, &#8216;\u00c7\u00f6p\u00fcn Yeri Do\u011fa De\u011fil&#8217;,  &#8216;Sa\u011fl\u0131kl\u0131 Ya\u015fam, Sa\u011fl\u0131kl\u0131 \u00c7evre&#8217;, &#8216;Temiz \u0130nsan, Temiz \u00c7evre&#8217;, &#8216;D\u00fcnyan\u0131n Sa\u011fl\u0131\u011f\u0131 Bizim Sa\u011fl\u0131\u011f\u0131m\u0131z&#8217;, &#8216;Gelece\u011fimiz \u0130\u00e7in S\u0131f\u0131r At\u0131k&#8217;, &#8216;Geri D\u00f6n\u00fc\u015ft\u00fcr Kullan, Hayata Ba\u011flan&#8217; sloganlar\u0131n\u0131n yaz\u0131l\u0131 oldu\u011fu d\u00f6vizler de bulundurularak, \u00e7evre, do\u011fa ve gezegen ad\u0131na \u00f6nemli mesajlar verildi.<\/p>\n<p>Sanal: &#8220;Herkesi iklim de\u011fi\u015fikli\u011fine dikkat \u00e7ekmeye davet ediyorum&#8221;<\/p>\n<p>Mersin B\u00fcy\u00fck\u015fehir Belediyesi \u00c7evre Koruma Kontrol Dairesi Ba\u015fkanl\u0131\u011f\u0131 \u00c7evre Koruma ve Denetleme \u015eube M\u00fcd\u00fcr\u00fc Tu\u011fba Sanal, her y\u0131l 5-11 Haziran \u00c7evre Haftas\u0131 kapsam\u0131nda farkl\u0131 etkinlikler ger\u00e7ekle\u015ftirdiklerinin bilgisini verdi. Karage\u00e7it&#8217;te yapt\u0131klar\u0131 etkinlikten ve hafta boyu yapacaklar\u0131 etkinliklerden bahseden Sanal, &#8220;Etkinli\u011fimiz yakla\u015f\u0131k 250 g\u00f6n\u00fcll\u00fcm\u00fczle ba\u015flad\u0131. \u00d6nce biraz \u00e7evre temizli\u011fi yapt\u0131k, ard\u0131ndan Mersin Sup Kul\u00fcn\u00fc&#8217;nden arkada\u015flar\u0131m\u0131z di\u011fer g\u00f6n\u00fcllerimizi de yanlar\u0131na alarak Karage\u00e7it G\u00f6l\u00fc \u00fczerinde bizim i\u00e7in bir g\u00f6steri d\u00fczenlediler. Etkinliklerimiz hafta boyu devam edecek. \u00d6nce bir teknik gezi yapaca\u011f\u0131z. Ard\u0131ndan 5 Haziran&#8217;da Etkinlik Merkezi&#8217;nde \u00e7ocuklar\u0131m\u0131z i\u00e7in at\u00f6lyeler olacak. 8 Haziran&#8217;da Sapark&#8217;\u0131n \u00f6n\u00fcnde at\u00f6lyelerimiz ve etkinliklerimiz devam edecek. Bizi izleyen herkesi etkinliklerimize davet ediyoruz&#8221; dedi.<\/p>\n<p>\u0130klim krizine &#8216;dur&#8217; diyebilmek i\u00e7in insanlar\u0131n baz\u0131 konularda dikkatli davranmas\u0131 gerekti\u011fini de s\u00f6zlerine ekleyen Sanal, &#8220;\u0130klim de\u011fi\u015fikli\u011fi en b\u00fcy\u00fck krizimiz olmaya ba\u015flad\u0131. \u00c7evre hepimizin dikkat etmesi gereken bir \u015fey, gelecek nesillere aktaraca\u011f\u0131m\u0131z en \u00f6nemli miras\u0131m\u0131z. O y\u00fczden herkesi \u00e7evreye daha duyarl\u0131 olmaya, iklim de\u011fi\u015fikli\u011fine daha fazla dikkat \u00e7ekmeye, at\u0131klar\u0131m\u0131z\u0131 do\u011fru toplamaya ve do\u011fru atmaya davet ediyorum&#8221; diye konu\u015ftu.<\/p>\n<p>Birg\u00fcl: &#8220;Temizlik yapt\u0131k, \u00e7ok g\u00fczel oldu&#8221;<\/p>\n<p>Etkinli\u011fe kat\u0131lan Akdeniz Running Kurucusu Deniz Birg\u00fcl, \u00c7evre Haftas\u0131&#8217;nda ortak bir paydada bir araya geldiklerini ifade ederek, &#8220;Biz 30 ki\u015fi geldik. Ekip arkada\u015flar\u0131m\u0131z ve g\u00f6n\u00fcll\u00fc arkada\u015flar\u0131n deste\u011fiyle birlikte buralar\u0131 temizledik. \u00c7ok da g\u00fczel oldu. Biz de Akdeniz Running ekibi olarak bu tarz sosyal projelere destek vermek i\u00e7in elimizden geleni yapaca\u011f\u0131z&#8221; dedi.<\/p>\n<p>\u00d6zdemir: &#8220;Do\u011fay\u0131 temiz tutal\u0131m, gelece\u011fimizi koruyal\u0131m&#8221;<\/p>\n<p>Mersin Sup Kul\u00fcb\u00fc Kurucusu Mehmetcan \u00d6zdemir, etkinli\u011fin \u00e7evre i\u00e7in \u00f6nemli oldu\u011funu s\u00f6yleyerek, &#8220;Do\u011fay\u0131 temiz tutal\u0131m, gelece\u011fimizi koruyal\u0131m. Bir tane d\u00fcnyam\u0131z var. Olabildi\u011fince s\u00fcrd\u00fcr\u00fclebilir ya\u015fam\u0131 benimseyerek; s\u00fcrd\u00fcr\u00fclebilir \u00fcr\u00fcnler kullanarak, tek kullan\u0131ml\u0131k \u00fcr\u00fcnler kullanmayarak \u00e7evremizi temiz tutal\u0131m ve gelece\u011fe destek olal\u0131m&#8221; dedi.<\/p>\n<p>\u00c7evreyi temiz tutmak konusunda insanlara da b\u00fcy\u00fck i\u015f d\u00fc\u015ft\u00fc\u011f\u00fcn\u00fc ifade eden \u00d6zdemir, &#8220;B\u00fcy\u00fck\u015fehir Belediyemiz genel olarak \u00e7evreyi, sahili baya\u011f\u0131 bir temiz tutuyor. Biraz daha i\u00e7 sulara, g\u00f6ller b\u00f6lgesine kamp yapmaya gelen insanlar do\u011fam\u0131z\u0131 temiz tutarsa ve nas\u0131l bulmak istiyorsak o \u015fekilde b\u0131rak\u0131rsa daha g\u00fczel olur&#8221; ifadelerine yer verdi.<\/p>\n<p>Ekti: &#8220;\u00c7evre bize emanet, gelece\u011fe miras&#8221;<\/p>\n<p>Sayapark ad\u0131na etkinli\u011fe kat\u0131lan Tugay Erkin Ekti, &#8220;Mersin B\u00fcy\u00fck\u015fehir Belediyesi&#8217;nin D\u00fcnya \u00c7evre G\u00fcn\u00fc etkinli\u011fine kat\u0131ld\u0131k. Hep beraber burada \u00e7evreyi temizledik. \u00c7evre bizim bize emanet. Gelece\u011fe miras&#8221; diye belirtti.<\/p>\n","protected":false},"excerpt":{"rendered":"<p>Mersin B\u00fcy\u00fck\u015fehir Belediyesi \u00c7evre Koruma ve Kontrol Dairesi, her y\u0131l oldu\u011fu gibi bu y\u0131l da 5-11 Haziran \u00c7evre Haftas\u0131&#8217;n\u0131 dolu dolu etkinliklerle kutlayarak, \u00e7evre bilinci ve fark\u0131ndal\u0131\u011f\u0131 olu\u015fturacak. Bu y\u0131l &#8216;\u00c7evremiz \u0130yiyse Biz de \u0130yiyiz&#8217; slogan\u0131yla yola \u00e7\u0131kan Mersin B\u00fcy\u00fck\u015fehir Belediyesi, ilk etkinli\u011fi \u00c7aml\u0131yayla&#8217;da bulunan, Karage\u00e7it b\u00f6lgesinde yapt\u0131. Mersin Sup Kul\u00fcb\u00fc, Akdeniz Running Kul\u00fcb\u00fc ve [&hellip;]<\/p>\n","protected":false},"author":2,"featured_media":33066,"comment_status":"open","ping_status":"open","sticky":false,"template":"","format":"standard","meta":{"footnotes":""},"categories":[2,3,5],"tags":[],"class_list":["post-33065","post","type-post","status-publish","format-standard","has-post-thumbnail","hentry","category-gundem","category-manset","category-mersin"],"views":0,"_links":{"self":[{"href":"https:\/\/mersinkadingazetesi.com\/index.php?rest_route=\/wp\/v2\/posts\/33065"}],"collection":[{"href":"https:\/\/mersinkadingazetesi.com\/index.php?rest_route=\/wp\/v2\/posts"}],"about":[{"href":"https:\/\/mersinkadingazetesi.com\/index.php?rest_route=\/wp\/v2\/types\/post"}],"author":[{"embeddable":true,"href":"https:\/\/mersinkadingazetesi.com\/index.php?rest_route=\/wp\/v2\/users\/2"}],"replies":[{"embeddable":true,"href":"https:\/\/mersinkadingazetesi.com\/index.php?rest_route=%2Fwp%2Fv2%2Fcomments&post=33065"}],"version-history":[{"count":0,"href":"https:\/\/mersinkadingazetesi.com\/index.php?rest_route=\/wp\/v2\/posts\/33065\/revisions"}],"wp:featuredmedia":[{"embeddable":true,"href":"https:\/\/mersinkadingazetesi.com\/index.php?rest_route=\/wp\/v2\/media\/33066"}],"wp:attachment":[{"href":"https:\/\/mersinkadingazetesi.com\/index.php?rest_route=%2Fwp%2Fv2%2Fmedia&parent=33065"}],"wp:term":[{"taxonomy":"category","embeddable":true,"href":"https:\/\/mersinkadingazetesi.com\/index.php?rest_route=%2Fwp%2Fv2%2Fcategories&post=33065"},{"taxonomy":"post_tag","embeddable":true,"href":"https:\/\/mersinkadingazetesi.com\/index.php?rest_route=%2Fwp%2Fv2%2Ftags&post=33065"}],"curies":[{"name":"wp","href":"https:\/\/api.w.org\/{rel}","templated":true}]}}