{"id":33071,"date":"2024-06-05T13:04:08","date_gmt":"2024-06-05T10:04:08","guid":{"rendered":"http:\/\/mersinkadingazetesi.com\/?p=33071"},"modified":"2024-06-05T13:04:08","modified_gmt":"2024-06-05T10:04:08","slug":"sahin-mahallesinde-parka-ahmet-kaya-ismi-verildi","status":"publish","type":"post","link":"https:\/\/mersinkadingazetesi.com\/?p=33071","title":{"rendered":"\u015eAH\u0130N MAHALLES\u0130\u2019NDE PARKA AHMET KAYA \u0130SM\u0130 VER\u0130LD\u0130"},"content":{"rendered":"<p>Tarsus Belediye Ba\u015fkan\u0131 Ali Bolta\u00e7 Haziran Ay\u0131 Ola\u011fan Meclis Toplant\u0131s\u0131nda son g\u00fcnlerde g\u00fcndemde olan tiyatro konusuna y\u00f6nelik \u00f6nemli a\u00e7\u0131klamalarda bulundu. Tiyatro M\u00fcd\u00fcrl\u00fc\u011f\u00fc\u2019n\u00fcn kapat\u0131lmad\u0131\u011f\u0131n\u0131 belirterek baz\u0131 s\u0131k\u0131nt\u0131l\u0131 durumlarla ilgili tasarrufta bulunduklar\u0131n\u0131 ifade etti. Ayn\u0131 zamanda Tarsus Belediyesi\u2019nin ekonomik olarak toparlay\u0131p yol almaya ba\u015flad\u0131\u011f\u0131n\u0131 da s\u00f6yledi.Ba\u015fkan Bolta\u00e7 \u201cBen bir belediye ba\u015fkan\u0131 olarak sanata ve sanat\u00e7\u0131ya asla kar\u015f\u0131 de\u011filim, hatta tam tersine \u00e7ok daha fazla destek vermesi taraftar\u0131y\u0131m. Sanat\u00e7\u0131n\u0131n ruhu kalben olmal\u0131. Bunu g\u00f6n\u00fcll\u00fcl\u00fck esas\u0131 ve hakk\u0131n\u0131 alarak yapmal\u0131. Ben bu s\u00fcre zarf\u0131nda alg\u0131 olu\u015fturulmak istendi\u011fini de g\u00f6rd\u00fcm. Normalde alm\u0131\u015f olduklar\u0131 maa\u015f\u0131n d\u0131\u015f\u0131nda g\u00fcnl\u00fck 400 TL ekstra bir \u00fccret yans\u0131t\u0131lm\u0131\u015f. Ben bu belediyede \u00e7al\u0131\u015fan emek\u00e7i personelimin maa\u015f\u0131n\u0131 \u00f6deyemiyorum. Tabi ki o arkada\u015flar da bu anlamda feragat etmiyor.\u201d dedi.\u00a0Haziran Ay\u0131 Ola\u011fan Meclis Toplant\u0131s\u0131\u2019n\u0131n 1. Birle\u015fimi Tarsus Belediye Ba\u015fkan\u0131 Ali Bolta\u00e7 ba\u015fkanl\u0131\u011f\u0131nda ger\u00e7ekle\u015ftirildi. Toplant\u0131da belediye m\u00fcd\u00fcrl\u00fcklerinden gelen evraklar oy birli\u011fi ve oy \u00e7oklu\u011fuyla ile kabul edildi.\u00a0<\/p>\n<p>BOLTA\u00c7; \u201cTARSUS BELED\u0130YES\u0130 EKONOM\u0130K OLARAK YOL ALMAYA BA\u015eLAMI\u015eTIR\u201d<\/p>\n<p>Tarsus Belediyesi\u2019nin ekonomik olarak toparlay\u0131p yol almaya ba\u015flad\u0131\u011f\u0131n\u0131 ifade eden Tarsus Belediye Ba\u015fkan\u0131 Ali Bolta\u00e7: \u201cGeldi\u011fimizde tablo \u00e7ok k\u00f6t\u00fc durumdayd\u0131. Bu durumu toparlayabilmek ad\u0131na baz\u0131 tasarruf tedbirleri ald\u0131k. Gereksiz i\u015fleri ve gereksiz \u00f6demeleri bitirdik. Bu tedbirler fayda vermeye ba\u015flad\u0131. Ayr\u0131ca Tarsus halk\u0131na bir istekte bulunmu\u015ftuk. Bu istek, vergilerini zaman\u0131nda \u00f6deme iste\u011fiydi. Bu iste\u011fi belediye b\u00fct\u00e7esinin olu\u015fmas\u0131 anlam\u0131nda sa\u011flayan ve bize bu anlamada destek olan Tarsus halk\u0131na \u00e7ok te\u015fekk\u00fcr ediyorum. Ger\u00e7ekten duyarl\u0131 davran\u0131p sorumluluklar\u0131n\u0131 yerine getirdiler vergilerini g\u00fcn\u00fcnde \u00f6dediler. Dayan\u0131\u015fman\u0131n \u00e7\u00f6zemeyece\u011fi bir \u015fey yoktur.\u201d dedi.\u00a0\u015eAH\u0130N MAHALLES\u0130\u2019NDE PARKA AHMET KAYA \u0130SM\u0130 VER\u0130LD\u0130\u015eahin Mahallesi\u2019nde a\u00e7\u0131l\u0131\u015f\u0131 ger\u00e7ekle\u015ftirilen park ve ye\u015fil alana Sanat\u00e7\u0131 Ahmet Kaya\u2019n\u0131n isminin verilmesi oy \u00e7oklu\u011fuyla kabul edildi.\u00a0 Ayn\u0131 zamanda Tarsus, Mersin ve \u00c7ukurova&#8217;n\u0131n kurtulu\u015fu i\u00e7in \u00f6nem ta\u015f\u0131yan, 28 May\u0131s 1920\u2019de G\u00fclek-Karbo\u011faz\u0131&#8217;nda, G\u00fclekli 44 kahraman insan\u0131n kazand\u0131\u011f\u0131 destans\u0131 zaferin an\u0131s\u0131na Tarsus\u2019a ba\u011fl\u0131 G\u00fclek Mahallesi\u2019nin ismi Kahraman G\u00fclek olarak meclisten oy \u00e7oklu\u011fuyla ge\u00e7ti.\u00a0<\/p>\n<p>\u201cT\u0130YATRO M\u00dcD\u00dcRL\u00dc\u011e\u00dc\u2019N\u00dc KAPATMADIK\u201d<\/p>\n<p>G\u00fcndemde s\u0131k\u00e7a yer alan tiyatro haberleri \u00fczerine a\u00e7\u0131klamada bulunan Tarsus Belediye Ba\u015fkan\u0131 Ali Bolta\u00e7 \u201cBu durum T\u00fcrkiye\u2019de g\u00fcndem oldu ama Tarsus halk\u0131n\u0131n g\u00fcndeminde yer almad\u0131. Asl\u0131nda her \u015fey ortada. Bir belediyede, bir m\u00fcd\u00fcrl\u00fck kapat\u0131lacaksa ancak meclis karar\u0131yla yap\u0131labilir. Tiyatro M\u00fcd\u00fcrl\u00fc\u011f\u00fc\u2019n\u00fc kapatmad\u0131k. Fakat bu m\u00fcd\u00fcrl\u00fc\u011f\u00fcn i\u00e7inde yap\u0131lan baz\u0131 s\u0131k\u0131nt\u0131l\u0131 durumlarla ilgili tasarrufta bulunduk. Oradaki arkada\u015flar\u0131m\u0131z\u0131n i\u015fe giri\u015fi de b\u00fcro personeliydi.\u00a0 Biz son 1 y\u0131l i\u00e7erisinde yapm\u0131\u015f olduklar\u0131 \u00e7al\u0131\u015fmalarda \u00e7ok anlaml\u0131 bir faaliyet g\u00f6remedik. Buna istinaden orada sadece belli bir kesim i\u00e7erisinde kendine \u00f6zel durumda s\u00f6z konusu olmu\u015f.\u00a0 Normalde alm\u0131\u015f olduklar\u0131 maa\u015f\u0131n d\u0131\u015f\u0131nda g\u00fcnl\u00fck 400 TL ekstra bir \u00fccret yans\u0131t\u0131lm\u0131\u015f. Yani her g\u00fcn boyunca ekstra bir \u00fccret.\u201d dedi.<\/p>\n<p>\u00a0\u201cARKADA\u015eLARIMIZI B\u00dcRO PERSONELL\u0130\u011e\u0130NE G\u00d6REVLEND\u0130RD\u0130K\u201d<\/p>\n<p>Konu\u015fmalar\u0131na devam eden Ba\u015fkan Bolta\u00e7 \u201cBen bu belediyede \u00e7al\u0131\u015fan emek\u00e7i personelimin maa\u015f\u0131 \u00f6deyemiyorum. Tabi ki o arkada\u015flar da bu anlamda feragat etmiyor. Bu birimde kald\u0131klar\u0131 s\u00fcrece ben bu 400 TL\u2019yi \u00f6demekle m\u00fckelleftim. Sadece para meselesini de yapm\u0131yorum. Hadi helali ho\u015f olsun bu paray\u0131 verelim de son bir y\u0131lda ne kadar etkinlik i\u00e7erisinde bulundular ona bir bakal\u0131m. Hak ediyorsa hakk\u0131n\u0131 verelim. Bakt\u0131k do\u011fru d\u00fczg\u00fcn bir etkinlikte yok. Bu arkada\u015flar belli bir s\u00fcre \u00e7al\u0131\u015facaklar onun \u00fczerine yo\u011funla\u015facaklar, ayn\u0131 zamanda yetmiyormu\u015f gibi biz d\u0131\u015far\u0131dan hizmet sat\u0131n alm\u0131\u015f\u0131z. Elimizde mevcut bir kadro var. Biz \u015fimdi orada bir d\u00fczenlemeye gidece\u011fiz. Gerekirse m\u00fclakata alaca\u011f\u0131z. Ger\u00e7ekten alan\u0131nda uzmansa devam edecek. Ama bu s\u00fcre zarf\u0131nda arkada\u015flar\u0131m\u0131z\u0131 b\u00fcro personelli\u011fine g\u00f6revlendirdik.\u201d diye ifade etti.<\/p>\n<p>\u00a0\u201cSANATA VE SANAT\u00c7IYA ASLA KAR\u015eI DE\u011e\u0130L\u0130M\u201d<\/p>\n<p>Her zaman sanat\u00e7\u0131ya de\u011fer verdi\u011fini kaydeden Ba\u015fkan Bolta\u00e7 \u201cBen bir belediye ba\u015fkan\u0131 olarak sanata ve sanat\u00e7\u0131ya asla kar\u015f\u0131 de\u011filim, hatta tam tersine \u00e7ok daha fazla destek vermesi taraftar\u0131y\u0131m. Sanat\u00e7\u0131n\u0131n ruhu kalben olmal\u0131. Bunu g\u00f6n\u00fcll\u00fcl\u00fck esas\u0131 ve hakk\u0131n\u0131 alarak yaps\u0131n. Ben bu s\u00fcre zarf\u0131nda alg\u0131 olu\u015fturulmak istendi\u011fini de g\u00f6rd\u00fcm. Kendi belediye personellerimiz bir kamuoyu olu\u015fturmak istemi\u015f. Olu\u015fturdular ba\u015far\u0131l\u0131 da oldular. Ama yapt\u0131klar\u0131 da su\u00e7tu. \u0130\u00e7lerinden baz\u0131lar\u0131 disipline sevk edildi.\u201d \u015feklinde ifade etti.\u00a0<\/p>\n<p>\u201cB\u0130ZDE T\u0130YATRO M\u00dcD\u00dcRL\u00dc\u011e\u00dc KAPATILMAZ TAM TERS\u0130NE DAHA DA G\u00dc\u00c7LEND\u0130R\u0130L\u0130R\u201d<\/p>\n<p>Tiyatro M\u00fcd\u00fcrl\u00fc\u011f\u00fc kapat\u0131lmaz tam tersine daha da g\u00fc\u00e7lendirildi\u011fini belirten Ba\u015fkan Bolta\u00e7, \u201cBug\u00fcne kadar susmam\u0131n, konu\u015fmamam\u0131n sebebi bu a\u00e7\u0131klamay\u0131 Tarsus Belediyesi\u2019nin meclis k\u00fcrs\u00fcs\u00fcnden yapmay\u0131 tercih etmemdi. \u00c7\u00fcnk\u00fc sorumlulu\u011fumun Tarsus\u2019a ait oldu\u011funu, Tarsus\u2019ta ya\u015fayan insanlara ait oldu\u011funun bilincindeyim. Bizde Tiyatro M\u00fcd\u00fcrl\u00fc\u011f\u00fc kapat\u0131lmaz tam tersine daha da g\u00fc\u00e7lendirilir daha da aktif bir \u015fekilde kullan\u0131l\u0131r.\u201d dedi.<\/p>\n","protected":false},"excerpt":{"rendered":"<p>Tarsus Belediye Ba\u015fkan\u0131 Ali Bolta\u00e7 Haziran Ay\u0131 Ola\u011fan Meclis Toplant\u0131s\u0131nda son g\u00fcnlerde g\u00fcndemde olan tiyatro konusuna y\u00f6nelik \u00f6nemli a\u00e7\u0131klamalarda bulundu. Tiyatro M\u00fcd\u00fcrl\u00fc\u011f\u00fc\u2019n\u00fcn kapat\u0131lmad\u0131\u011f\u0131n\u0131 belirterek baz\u0131 s\u0131k\u0131nt\u0131l\u0131 durumlarla ilgili tasarrufta bulunduklar\u0131n\u0131 ifade etti. Ayn\u0131 zamanda Tarsus Belediyesi\u2019nin ekonomik olarak toparlay\u0131p yol almaya ba\u015flad\u0131\u011f\u0131n\u0131 da s\u00f6yledi.Ba\u015fkan Bolta\u00e7 \u201cBen bir belediye ba\u015fkan\u0131 olarak sanata ve sanat\u00e7\u0131ya asla kar\u015f\u0131 [&hellip;]<\/p>\n","protected":false},"author":2,"featured_media":33072,"comment_status":"open","ping_status":"open","sticky":false,"template":"","format":"standard","meta":{"footnotes":""},"categories":[1,2,3],"tags":[],"class_list":["post-33071","post","type-post","status-publish","format-standard","has-post-thumbnail","hentry","category-genel","category-gundem","category-manset"],"views":11,"_links":{"self":[{"href":"https:\/\/mersinkadingazetesi.com\/index.php?rest_route=\/wp\/v2\/posts\/33071"}],"collection":[{"href":"https:\/\/mersinkadingazetesi.com\/index.php?rest_route=\/wp\/v2\/posts"}],"about":[{"href":"https:\/\/mersinkadingazetesi.com\/index.php?rest_route=\/wp\/v2\/types\/post"}],"author":[{"embeddable":true,"href":"https:\/\/mersinkadingazetesi.com\/index.php?rest_route=\/wp\/v2\/users\/2"}],"replies":[{"embeddable":true,"href":"https:\/\/mersinkadingazetesi.com\/index.php?rest_route=%2Fwp%2Fv2%2Fcomments&post=33071"}],"version-history":[{"count":0,"href":"https:\/\/mersinkadingazetesi.com\/index.php?rest_route=\/wp\/v2\/posts\/33071\/revisions"}],"wp:featuredmedia":[{"embeddable":true,"href":"https:\/\/mersinkadingazetesi.com\/index.php?rest_route=\/wp\/v2\/media\/33072"}],"wp:attachment":[{"href":"https:\/\/mersinkadingazetesi.com\/index.php?rest_route=%2Fwp%2Fv2%2Fmedia&parent=33071"}],"wp:term":[{"taxonomy":"category","embeddable":true,"href":"https:\/\/mersinkadingazetesi.com\/index.php?rest_route=%2Fwp%2Fv2%2Fcategories&post=33071"},{"taxonomy":"post_tag","embeddable":true,"href":"https:\/\/mersinkadingazetesi.com\/index.php?rest_route=%2Fwp%2Fv2%2Ftags&post=33071"}],"curies":[{"name":"wp","href":"https:\/\/api.w.org\/{rel}","templated":true}]}}