{"id":33077,"date":"2024-06-06T09:58:42","date_gmt":"2024-06-06T06:58:42","guid":{"rendered":"http:\/\/mersinkadingazetesi.com\/?p=33077"},"modified":"2024-06-06T09:58:42","modified_gmt":"2024-06-06T06:58:42","slug":"ekmen-tasarruf-genelgesinin-yerel-basin-uzerindeki-etkilerini-elestirdi-yerel-basin-demokrasimiz-icin-su-gibi-onemlidir","status":"publish","type":"post","link":"https:\/\/mersinkadingazetesi.com\/?p=33077","title":{"rendered":"Ekmen, Tasarruf Genelgesi\u2019nin yerel bas\u0131n \u00fczerindeki etkilerini ele\u015ftirdi: &#8220;Yerel bas\u0131n demokrasimiz i\u00e7in su gibi \u00f6nemlidir"},"content":{"rendered":"<p>DEVA Partisi Mersin Milletvekili ve Genel Ba\u015fkan Yard\u0131mc\u0131s\u0131 Mehmet Emin Ekmen, yerel bas\u0131n\u0131n kar\u015f\u0131 kar\u015f\u0131ya oldu\u011fu sorunlar\u0131 ve merkezi iktidar\u0131n yerel bas\u0131na y\u00f6nelik bask\u0131lar\u0131n\u0131 g\u00fcndeme getirmek amac\u0131yla bir bas\u0131n toplant\u0131s\u0131 d\u00fczenledi. Tasarruf genelgesi kapsam\u0131nda kesilen ilanlar nedeniyle yerel bas\u0131nda mali kriz ya\u015fand\u0131\u011f\u0131n\u0131 kaydeden Ekmen, \u201cYerel bas\u0131n\u0131n ilanlar\u0131ndan k\u0131sarak tasarruf yapamazs\u0131n\u0131z. Tasarruf yapmak istiyorsan\u0131z k\u00fclliyedeki \u00f6zel u\u00e7aklardan birini satacaks\u0131n\u0131z\u201d dedi.<\/p>\n<p>Ekmen yerel bas\u0131n\u0131n \u00f6nemine dikkat \u00e7ekerek, DEVA Partisi Genel Ba\u015fkan\u0131 Ali Babacan&#8217;\u0131n s\u00f6z\u00fcn\u00fc hat\u0131rlatt\u0131: &#8220;Yerel Bas\u0131n demokrasimiz i\u00e7in su gibi \u00f6nemlidir.\u201d <\/p>\n<p>Ekmen, son d\u00f6nemde yay\u0131nlanan tasarruf genelgelerinin yerel bas\u0131n \u00fczerindeki etkilerini ele\u015ftirerek, &#8220;13 May\u0131s 2024 tarihinde Hazine ve Maliye Bakanl\u0131\u011f\u0131 taraf\u0131ndan a\u00e7\u0131klanan Kamuda Tasarruf ve Verimlilik Paketi ve ard\u0131ndan Sosyal G\u00fcvenlik Kurumu\u2019nun ilan d\u00fczenlemesi, yerel medya kurulu\u015flar\u0131m\u0131z i\u00e7in ciddi bir tehdit olu\u015fturmaktad\u0131r&#8221; diye konu\u015ftu. Bu d\u00fczenlemelerle birlikte, ilanlar\u0131n %30 oran\u0131nda azalmas\u0131n\u0131n yerel bas\u0131n\u0131 mali a\u00e7\u0131dan b\u00fcy\u00fck s\u0131k\u0131nt\u0131ya soktu\u011funu vurgulad\u0131.<\/p>\n<p>Ekmen, &#8220;Ge\u00e7ti\u011fimiz y\u0131llarda yine bir genelge ile kamunun ve belediyelerin gazetelere abone olmalar\u0131 kald\u0131r\u0131lm\u0131\u015ft\u0131. Bunun yan\u0131 s\u0131ra sosyal medyan\u0131n yayg\u0131nla\u015fmas\u0131ndan sonra gazetelerin reklam gelirleri %80 geriledi. S\u00f6z konusu tasarruf genelgeleri sonunda, kamuda israf yolsuzluk ve g\u00f6steri\u015f devam etti ancak yerel bas\u0131n\u0131n abonelikleri kesildi. Kamu bankalar\u0131 ve varl\u0131k fonuna ba\u011fl\u0131 \u015firketler de yerel bas\u0131na ilan vermezken ulusal bas\u0131na reklam vermeye devam etti&#8221; dedi.<\/p>\n<p>Yerel bas\u0131n\u0131n demokrasinin temel ta\u015flar\u0131ndan biri oldu\u011funu dile getiren Ekmen, &#8220;Yerel bas\u0131n, halk\u0131n bilgi edinme hakk\u0131n\u0131 g\u00fcvence alt\u0131na almakta ve toplumsal geli\u015fime katk\u0131 sa\u011flamaktad\u0131r. Bu nedenle, yerel bas\u0131n\u0131n ya\u015fat\u0131lmas\u0131 ve g\u00fc\u00e7lendirilmesi, demokratik bir toplumun vazge\u00e7ilmez unsurlar\u0131ndand\u0131r. Ulusal medyan\u0131n tek man\u015fetle \u00e7\u0131kt\u0131\u011f\u0131, ulusal kanallar\u0131n y\u00fczde doksan\u0131n\u0131n ayn\u0131 anda tek canl\u0131 yay\u0131n yapt\u0131\u011f\u0131 bir d\u00f6nemde farkl\u0131 bir renk ve ses duyman\u0131n tek yolu yerel bas\u0131n\u0131 takip etmektir.\u201d ifadelerini kulland\u0131.<\/p>\n<p>Ekmen, Hazine ve Maliye Bakan\u0131 Mehmet \u015eim\u015fek ve Bas\u0131n \u0130lan Kurumu Genel M\u00fcd\u00fcr\u00fc Cavit Erk\u0131l\u0131n\u00e7&#8217;a seslenerek, &#8220;Yerel bas\u0131n\u0131n, toplumun g\u00f6z\u00fc, kula\u011f\u0131 ve sesi olarak varl\u0131\u011f\u0131n\u0131 s\u00fcrd\u00fcrebilmesi i\u00e7in gereken ad\u0131mlar at\u0131lmal\u0131d\u0131r. Kamuda Tasarruf ve Verimlilik Genelgesi yerel bas\u0131n i\u00e7in bir limit getirmektedir. Bu da %30\u2019luk bir daralma demektir. Bu kimi gazetelerin kapanmas\u0131 ve insanlar\u0131n i\u015fsiz kalmas\u0131 demektir. Bu konuda geri ad\u0131m at\u0131lmas\u0131 gerekmektedir&#8221; dedi.<\/p>\n<p>Ekmen, &#8220;TRT Haberi, A Haber&#8217;i izleyerek veya CNN T\u00fcrk ve NTV&#8217;yi takip ederek tasarruf genelgesinin nas\u0131l uyguland\u0131\u011f\u0131n\u0131 yakalayamazs\u0131n\u0131z. Ger\u00e7ek habercilik g\u00f6rmek istiyorsan\u0131z yerel bas\u0131n\u0131 g\u00fc\u00e7lendirmelisiniz&#8221; ifadesini kulland\u0131. <\/p>\n<p>Tasarruf tedbirlerinin yanl\u0131\u015f uygulamalar\u0131na dikkat \u00e7eken Ekmen, Cumhurba\u015fan\u0131 Yard\u0131mc\u0131s\u0131 Cevdet Y\u0131lmaz&#8217;a da seslenerek, &#8220;Memurun servisinden, i\u015f\u00e7inin fazla mesaisinden, yerel bas\u0131n\u0131n ilanlar\u0131ndan k\u0131sarak tasarruf yapamazs\u0131n\u0131z. Tasarruf yapmak istiyorsan\u0131z k\u00fclliyedeki \u00f6zel u\u00e7aklardan birini satacaks\u0131n\u0131z. Tasarruf yapmak istiyorsan\u0131z bakanlar \u00f6zel u\u00e7aklarla seyahat etmekten vazge\u00e7ecek. Daha ge\u00e7en g\u00fcn Ula\u015ft\u0131rma Bakan\u0131 \u00f6zel u\u00e7akla seyahat ediyor. Soru geldi\u011finde  &#8216;\u015firket bunun bedelini kar\u015f\u0131lad\u0131&#8217; diyor. \u015eirket devletten 10 lira almadan o 1 liral\u0131k iyili\u011fi yapar m\u0131?&#8221; dedi. Ekmen, bas\u0131l\u0131 ilan gelirleri i\u00e7in 212 say\u0131l\u0131 kanuna tabi olarak en az alt\u0131 ki\u015finin, internet ilanlar\u0131 i\u00e7in ise en az sekiz ki\u015finin \u00e7al\u0131\u015ft\u0131r\u0131lmas\u0131 gerekti\u011fini bunun da yerel bas\u0131n \u00fczerinde ciddi bir y\u00fck olu\u015fturdu\u011funu ifade etti. Bu d\u00fczenlemelerde bir de\u011fi\u015fiklik yap\u0131lmam\u0131\u015fken ilan gelirlerinin k\u0131s\u0131lacak olmas\u0131n\u0131n bir\u00e7ok gazetenin kapanacak olmas\u0131 anlam\u0131na geldi\u011fini belirtti. <\/p>\n","protected":false},"excerpt":{"rendered":"<p>DEVA Partisi Mersin Milletvekili ve Genel Ba\u015fkan Yard\u0131mc\u0131s\u0131 Mehmet Emin Ekmen, yerel bas\u0131n\u0131n kar\u015f\u0131 kar\u015f\u0131ya oldu\u011fu sorunlar\u0131 ve merkezi iktidar\u0131n yerel bas\u0131na y\u00f6nelik bask\u0131lar\u0131n\u0131 g\u00fcndeme getirmek amac\u0131yla bir bas\u0131n toplant\u0131s\u0131 d\u00fczenledi. Tasarruf genelgesi kapsam\u0131nda kesilen ilanlar nedeniyle yerel bas\u0131nda mali kriz ya\u015fand\u0131\u011f\u0131n\u0131 kaydeden Ekmen, \u201cYerel bas\u0131n\u0131n ilanlar\u0131ndan k\u0131sarak tasarruf yapamazs\u0131n\u0131z. Tasarruf yapmak istiyorsan\u0131z k\u00fclliyedeki \u00f6zel [&hellip;]<\/p>\n","protected":false},"author":2,"featured_media":32174,"comment_status":"open","ping_status":"open","sticky":false,"template":"","format":"standard","meta":{"footnotes":""},"categories":[3,6],"tags":[],"class_list":["post-33077","post","type-post","status-publish","format-standard","has-post-thumbnail","hentry","category-manset","category-siyaset-2"],"views":4,"_links":{"self":[{"href":"https:\/\/mersinkadingazetesi.com\/index.php?rest_route=\/wp\/v2\/posts\/33077"}],"collection":[{"href":"https:\/\/mersinkadingazetesi.com\/index.php?rest_route=\/wp\/v2\/posts"}],"about":[{"href":"https:\/\/mersinkadingazetesi.com\/index.php?rest_route=\/wp\/v2\/types\/post"}],"author":[{"embeddable":true,"href":"https:\/\/mersinkadingazetesi.com\/index.php?rest_route=\/wp\/v2\/users\/2"}],"replies":[{"embeddable":true,"href":"https:\/\/mersinkadingazetesi.com\/index.php?rest_route=%2Fwp%2Fv2%2Fcomments&post=33077"}],"version-history":[{"count":0,"href":"https:\/\/mersinkadingazetesi.com\/index.php?rest_route=\/wp\/v2\/posts\/33077\/revisions"}],"wp:featuredmedia":[{"embeddable":true,"href":"https:\/\/mersinkadingazetesi.com\/index.php?rest_route=\/wp\/v2\/media\/32174"}],"wp:attachment":[{"href":"https:\/\/mersinkadingazetesi.com\/index.php?rest_route=%2Fwp%2Fv2%2Fmedia&parent=33077"}],"wp:term":[{"taxonomy":"category","embeddable":true,"href":"https:\/\/mersinkadingazetesi.com\/index.php?rest_route=%2Fwp%2Fv2%2Fcategories&post=33077"},{"taxonomy":"post_tag","embeddable":true,"href":"https:\/\/mersinkadingazetesi.com\/index.php?rest_route=%2Fwp%2Fv2%2Ftags&post=33077"}],"curies":[{"name":"wp","href":"https:\/\/api.w.org\/{rel}","templated":true}]}}