{"id":33095,"date":"2024-06-06T15:18:49","date_gmt":"2024-06-06T12:18:49","guid":{"rendered":"http:\/\/mersinkadingazetesi.com\/?p=33095"},"modified":"2024-06-06T17:37:56","modified_gmt":"2024-06-06T14:37:56","slug":"kocatepe-olayi-buyuk-basariyi-golgeleyemez","status":"publish","type":"post","link":"https:\/\/mersinkadingazetesi.com\/?p=33095","title":{"rendered":"\u2018KOCATEPE OLAYI B\u00dcY\u00dcK BA\u015eARIYI G\u00d6LGELEYEMEZ\u2019"},"content":{"rendered":"<div>Yeni\u015fehir Belediyesi, Atat\u00fcrk\u00e7\u00fc D\u00fc\u015f\u00fcnce Derne\u011fi Mersin \u015eubesi ve payda\u015f kurumlar taraf\u0131ndan \u201c50. Y\u0131l\u0131nda K\u0131br\u0131s Bar\u0131\u015f Harekat\u0131\u201c konulu bir konferans d\u00fczenledi. Sayg\u0131 Duru\u015fu ve \u0130stiklal Mar\u015f\u0131 ile ba\u015flayan konferansta, Gazi E. Kurmay Yarbay \u00d6zhan Bakkalba\u015f\u0131o\u011flu\u2019nun ayr\u0131nt\u0131lar\u0131yla anlatt\u0131\u011f\u0131 K\u0131br\u0131s Bar\u0131\u015f Harekat\u0131 ve Kocatepe\u00a0Muhribi&#8217;nin\u00a0Bat\u0131\u015f \u00d6yk\u00fcs\u00fc ve g\u00f6rselleri kat\u0131lan dinleyiciler taraf\u0131ndan ilgiyle izlendi.<\/div>\n<div><\/div>\n<div>&#8220;Gazze halk\u0131n\u0131 en iyi anlayan K\u0131br\u0131s T\u00fcrkleri&#8217;dir&#8221;<\/div>\n<div><\/div>\n<div>Konferansta T\u00fcrk U\u00e7aklar\u0131 taraf\u0131ndan yanl\u0131\u015fl\u0131kla bombalanarak batan Kocatepe Muhribi\u2019nden sa\u011f kurtulan Gazi E. Kurmay Albay \u00d6zhan Bakkalba\u015f\u0131o\u011flu, bu olay ayr\u0131nt\u0131lar\u0131yla anlat\u0131l\u0131rken, Kocatepe olay\u0131n\u0131 ak\u0131l tutulmas\u0131 olarak yorumlad\u0131. Bakkalba\u015f\u0131o\u011flu\u2019nun konferans s\u00fcresince duygulu oldu\u011fu g\u00f6zlerden ka\u00e7mad\u0131. Kocatepe olay\u0131n\u0131n K\u0131br\u0131s Bar\u0131\u015f Harekat\u0131\u2019n\u0131n b\u00fcy\u00fck ba\u015far\u0131s\u0131n\u0131 g\u00f6lgeleyemeyece\u011fine vurgu yapt\u0131. 19 Temmuz 1974 sabah saat 08:30\u2019da Mersin\u2019den hareket eden muhrip ve gemilerin, 20 Temmuz 1974 sabah\u0131 08:30\u2019da Girne\u2019nin Penta Miles plaj\u0131na kapak att\u0131\u011f\u0131 ifade eden Bakkalba\u015f\u0131o\u011flu, TSK\u2019n\u0131n sava\u015f tarihinde ilk defa yapt\u0131\u011f\u0131 bu anfibi \u00e7\u0131karma harekat\u0131nda bir \u00e7ok ilkleri ba\u015fard\u0131\u011f\u0131na de\u011findi. Cenevre g\u00f6r\u00fc\u015fmelerinde sonu\u00e7 al\u0131namay\u0131nca 14 A\u011fustos 1974 de rahmetli Turan G\u00fcne\u015f\u2019in kat\u0131ld\u0131\u011f\u0131 Cenevre g\u00f6r\u00fc\u015fmelerinde K\u0131br\u0131s Rum ve Yunan taraf\u0131n\u0131n uzla\u015fmaz tutumu kar\u015f\u0131nda 14 A\u011fustos 1974 tarihinde K\u0131y\u0131ba\u015f\u0131 tutan askerlerimizin dar alanda s\u0131k\u0131\u015fmas\u0131 ile ikinci ba\u015flad\u0131\u011f\u0131n\u0131 ve bug\u00fcnk\u00fc s\u0131n\u0131rlar\u0131n \u00e7izildi\u011fini anlatan Bakkalba\u015f\u0131o\u011flu, K\u0131br\u0131s sava\u015f\u0131n\u0131n asl\u0131nda \u00f6rt\u00fcl\u00fc bir T\u00fcrk Yunan sava\u015f\u0131 oldu\u011funu ifade etti. Harekatta toplam 458 \u015fehit verdi\u011fimizi bunun \u00e7ok b\u00fcy\u00fck bir ba\u015far\u0131 oldu\u011funu vurgulayan Bakkalba\u015f\u0131o\u011flu, D\u00fcnya\u2019da b\u00f6yle bir anfibi \u00e7\u0131karmada y\u00fczde 60 zayiat\u0131n normal kabul edildi\u011fini belirtti. Konferansta, T\u00fcrk U\u00e7aklar\u0131 taraf\u0131ndan yanl\u0131\u015fl\u0131kla bombalanarak batan Kocatepe Muhribi\u2019nden 280 personelden 54 ki\u015finin \u015fehit oldu\u011funu belirten Bakkalba\u015f\u0131o\u011flu, bu olay\u0131 ayr\u0131nt\u0131lar\u0131yla anlat\u0131l\u0131rken ak\u0131l tutulmas\u0131 olarak yorumlad\u0131.<\/div>\n<div><\/div>\n<div>Konferans\u0131n ba\u015flang\u0131c\u0131nda bir konu\u015fma yapan KKTC Mersin Ba\u015fkonsolosu Zalihe Mendeli ise, K\u0131br\u0131s T\u00fcrk\u00fcn\u00fc&#8217;n\u00fcn M\u00fccadelesinde \u00f6nde gelen lideri Rauf Denkta\u015f ve arkada\u015flar\u0131n\u0131 unutmad\u0131. 1960 y\u0131l\u0131ndan beri K\u0131br\u0131s T\u00fcrklerine yap\u0131lan zulm\u00fc ve soyk\u0131r\u0131m\u0131 bug\u00fcn Gazze\u2019de ya\u015fanan soyk\u0131r\u0131ma benzeten Mendelli, &#8220;Gazze halk\u0131n\u0131 en iyi anlayan K\u0131br\u0131s T\u00fcrkleri&#8217;dir.&#8221; dedi.<\/div>\n<div><\/div>\n<div>Serdar Erkan&#8217;dan Te\u015fekk\u00fcr<\/div>\n<div><\/div>\n<div>Atat\u00fcrk\u00e7\u00fc D\u00fc\u015f\u00fcnce Derne\u011fi Mersin \u015eubesi Ba\u015fkan\u0131 Serdar Erkan ise yapt\u0131\u011f\u0131 konu\u015fmas\u0131nda, &#8220;Yeni\u015fehir Belediyesi ve payda\u015f kurumlar olarak d\u00fczenledi\u02d9\u011fi\u02d9mi\u02d9z \u201c50. Y\u0131l\u0131nda K\u0131br\u0131s Bar\u0131\u015f Harekat\u0131 Konferans\u0131&#8217;n\u0131 sunan Gazi E. Kurmay Yarbay \u00d6zhan Bakkalba\u015f\u0131o\u011flu\u2019na konferans\u0131m\u0131za kat\u0131larak onurland\u0131ran KKTC Ba\u015fkonsolosu Zalihe Mendeli\u2019ye, Mersin B\u00fcy\u00fck\u015fehir Belediye Ba\u015fkan Vekili&#8217;ne, Yeni\u015fehir Belediyesi Meclis \u00dcyesi \u0130mam Do\u011fan&#8217;a Mezitli Belediyesi Ba\u015fkan Vekili&#8217;ne, Magosa Liman\u0131 t\u00fcrk\u00fcs\u00fcn\u00fc seslendiren \u00fcyemiz ve hocam\u0131z S\u00fcheyla Ball\u0131ca&#8217;ya, TEMAD Ba\u015fkan Veki\u02d9li\u02d9&#8217;ne ve TEMAD \u00f6nceki\u02d9 ba\u015fkanlar\u0131ndan; Halil Kur\u2019a, payda\u015flar\u0131m\u0131z; Muharip Gazi\u02d9ler Dernek Mersi\u02d9n \u015eube Ba\u015fkan\u0131 Kemal G\u00fclbeyaz\u2019a, \u015eehit, Gaziler, Dul ve Yetimleri Derne\u011fi Mersi\u02d9n \u015eube Ba\u015fkan\u0131 Halit \u015eahin\u2019e; K\u0131br\u0131s T\u00fcrk K\u00fclt\u00fcr Derne\u011fi Mersi\u02d9n \u015eube Ba\u015fkan\u0131 Bilge Tatver\u2019e; Ural-Altay T\u00fcrk Dernekleri\u02d9 Genel Ba\u015fkan Yard\u0131mc\u0131s\u0131 Mehmet Celal Ert\u00fcrk\u2019e ve etk\u0130nl\u0130\u011f\u0130 d\u00fczenlemem\u0130zde her t\u00fcrl\u00fc deste\u011fi veren Yeni\u015fehir Belediye Ba\u015fkanl\u0131\u011f\u0131&#8217;na ve ilgili personele te\u015fekk\u00fcr ederiz.&#8221; dedi.<\/div>\n<div><\/div>\n<div>Konferans, Gazi E. Kurmay Yarbay \u00d6zhan Bakkalba\u015f\u0131o\u011flu&#8217;na, KKTC Mersin Ba\u015fkonsolosu Zalihe Mendelli\u2019nin te\u015fekk\u00fcr plaketi vermesi ve toplu foto\u011fraf \u00e7ektirilmesi ile son buldu.<\/div>\n","protected":false},"excerpt":{"rendered":"<p>Yeni\u015fehir Belediyesi, Atat\u00fcrk\u00e7\u00fc D\u00fc\u015f\u00fcnce Derne\u011fi Mersin \u015eubesi ve payda\u015f kurumlar taraf\u0131ndan \u201c50. Y\u0131l\u0131nda K\u0131br\u0131s Bar\u0131\u015f Harekat\u0131\u201c konulu bir konferans d\u00fczenledi. Sayg\u0131 Duru\u015fu ve \u0130stiklal Mar\u015f\u0131 ile ba\u015flayan konferansta, Gazi E. Kurmay Yarbay \u00d6zhan Bakkalba\u015f\u0131o\u011flu\u2019nun ayr\u0131nt\u0131lar\u0131yla anlatt\u0131\u011f\u0131 K\u0131br\u0131s Bar\u0131\u015f Harekat\u0131 ve Kocatepe\u00a0Muhribi&#8217;nin\u00a0Bat\u0131\u015f \u00d6yk\u00fcs\u00fc ve g\u00f6rselleri kat\u0131lan dinleyiciler taraf\u0131ndan ilgiyle izlendi. &#8220;Gazze halk\u0131n\u0131 en iyi anlayan K\u0131br\u0131s [&hellip;]<\/p>\n","protected":false},"author":2,"featured_media":33096,"comment_status":"open","ping_status":"open","sticky":false,"template":"","format":"standard","meta":{"footnotes":""},"categories":[1,2,3],"tags":[],"class_list":["post-33095","post","type-post","status-publish","format-standard","has-post-thumbnail","hentry","category-genel","category-gundem","category-manset"],"views":9,"_links":{"self":[{"href":"https:\/\/mersinkadingazetesi.com\/index.php?rest_route=\/wp\/v2\/posts\/33095"}],"collection":[{"href":"https:\/\/mersinkadingazetesi.com\/index.php?rest_route=\/wp\/v2\/posts"}],"about":[{"href":"https:\/\/mersinkadingazetesi.com\/index.php?rest_route=\/wp\/v2\/types\/post"}],"author":[{"embeddable":true,"href":"https:\/\/mersinkadingazetesi.com\/index.php?rest_route=\/wp\/v2\/users\/2"}],"replies":[{"embeddable":true,"href":"https:\/\/mersinkadingazetesi.com\/index.php?rest_route=%2Fwp%2Fv2%2Fcomments&post=33095"}],"version-history":[{"count":0,"href":"https:\/\/mersinkadingazetesi.com\/index.php?rest_route=\/wp\/v2\/posts\/33095\/revisions"}],"wp:featuredmedia":[{"embeddable":true,"href":"https:\/\/mersinkadingazetesi.com\/index.php?rest_route=\/wp\/v2\/media\/33096"}],"wp:attachment":[{"href":"https:\/\/mersinkadingazetesi.com\/index.php?rest_route=%2Fwp%2Fv2%2Fmedia&parent=33095"}],"wp:term":[{"taxonomy":"category","embeddable":true,"href":"https:\/\/mersinkadingazetesi.com\/index.php?rest_route=%2Fwp%2Fv2%2Fcategories&post=33095"},{"taxonomy":"post_tag","embeddable":true,"href":"https:\/\/mersinkadingazetesi.com\/index.php?rest_route=%2Fwp%2Fv2%2Ftags&post=33095"}],"curies":[{"name":"wp","href":"https:\/\/api.w.org\/{rel}","templated":true}]}}