{"id":33114,"date":"2024-06-07T10:59:15","date_gmt":"2024-06-07T07:59:15","guid":{"rendered":"http:\/\/mersinkadingazetesi.com\/?p=33114"},"modified":"2024-06-07T10:59:15","modified_gmt":"2024-06-07T07:59:15","slug":"bozan-seni-bir-gonderecegiz-pir-gonderecegiz","status":"publish","type":"post","link":"https:\/\/mersinkadingazetesi.com\/?p=33114","title":{"rendered":"Bozan: &#8220;Seni bir g\u00f6nderece\u011fiz, pir g\u00f6nderece\u011fiz&#8221;"},"content":{"rendered":"<p>DEM Parti Mersin Milletvekili Akdeniz Belediyesi \u00f6n\u00fcnde ger\u00e7ekle\u015ftirdikleri direni\u015f n\u00f6betinde Hakkari Belediyesi&#8217;ne kayy\u0131m atanmas\u0131n\u0131 \u015fu s\u00f6zlerle protesto etti: &#8220;Eyyyy Erdo\u011fan! Biz bir gider bin geliriz. Ama seni bir g\u00f6nderece\u011fiz, pir g\u00f6nderece\u011fiz.&#8221; <\/p>\n<p>Mersin&#8217;de yurtta\u015flar Hakkari Belediyesi&#8217;ne kayy\u0131m atanmas\u0131n\u0131 Akdeniz Belediyesi&#8217;nde tuttuklar\u0131 direni\u015f n\u00f6betiyle protesto etmeyi s\u00fcrd\u00fcr\u00fcyor. N\u00f6betin 3. g\u00fcn\u00fcnde DEM Parti Mersin Milletvekili Ali Bozan, kayy\u0131m rejimini kabul etmeyeceklerini belirterek direni\u015fi s\u00fcrd\u00fcreceklerini vurgulad\u0131. <\/p>\n<p>Konu\u015fmas\u0131nda Erdo\u011fan&#8217;a seslenen Bozan, \u015funlar\u0131 s\u00f6yledi:<\/p>\n<p>&#8220;Saray\u0131n nefreti ve \u00f6fkesi bitmedi\u011fi i\u00e7in Hakkari Belediyesi ile ba\u015flad\u0131 yeniden kayy\u0131m atad\u0131. Bu kararlar\u0131 veren Erdo\u011fan&#8217;a en iyisi onun \u00fcslubu ile hitap etmek. Eyyy Erdo\u011fan! Biz; ekilir ekin geliriz, ezilir un geliriz. Bir gider bin geliriz. Ama seni bir g\u00f6nderece\u011fiz, pir g\u00f6nderece\u011fiz. Seni g\u00f6nderdi\u011fimizde saray\u0131n kap\u0131s\u0131na &#8216;Kendini padi\u015fah sand\u0131 fermanlar yazd\u0131, yazd\u0131\u011f\u0131 fermanlar d\u00f6nd\u00fc dola\u015ft\u0131 kendisini yakt\u0131&#8217; yazaca\u011f\u0131z. Bu da Erdo\u011fan&#8217;a s\u00f6z\u00fcm\u00fcz olsun&#8221;.<\/p>\n","protected":false},"excerpt":{"rendered":"<p>DEM Parti Mersin Milletvekili Akdeniz Belediyesi \u00f6n\u00fcnde ger\u00e7ekle\u015ftirdikleri direni\u015f n\u00f6betinde Hakkari Belediyesi&#8217;ne kayy\u0131m atanmas\u0131n\u0131 \u015fu s\u00f6zlerle protesto etti: &#8220;Eyyyy Erdo\u011fan! Biz bir gider bin geliriz. Ama seni bir g\u00f6nderece\u011fiz, pir g\u00f6nderece\u011fiz.&#8221; Mersin&#8217;de yurtta\u015flar Hakkari Belediyesi&#8217;ne kayy\u0131m atanmas\u0131n\u0131 Akdeniz Belediyesi&#8217;nde tuttuklar\u0131 direni\u015f n\u00f6betiyle protesto etmeyi s\u00fcrd\u00fcr\u00fcyor. N\u00f6betin 3. g\u00fcn\u00fcnde DEM Parti Mersin Milletvekili Ali Bozan, kayy\u0131m [&hellip;]<\/p>\n","protected":false},"author":2,"featured_media":33115,"comment_status":"open","ping_status":"open","sticky":false,"template":"","format":"standard","meta":{"footnotes":""},"categories":[1,2,3],"tags":[],"class_list":["post-33114","post","type-post","status-publish","format-standard","has-post-thumbnail","hentry","category-genel","category-gundem","category-manset"],"views":1,"_links":{"self":[{"href":"https:\/\/mersinkadingazetesi.com\/index.php?rest_route=\/wp\/v2\/posts\/33114"}],"collection":[{"href":"https:\/\/mersinkadingazetesi.com\/index.php?rest_route=\/wp\/v2\/posts"}],"about":[{"href":"https:\/\/mersinkadingazetesi.com\/index.php?rest_route=\/wp\/v2\/types\/post"}],"author":[{"embeddable":true,"href":"https:\/\/mersinkadingazetesi.com\/index.php?rest_route=\/wp\/v2\/users\/2"}],"replies":[{"embeddable":true,"href":"https:\/\/mersinkadingazetesi.com\/index.php?rest_route=%2Fwp%2Fv2%2Fcomments&post=33114"}],"version-history":[{"count":0,"href":"https:\/\/mersinkadingazetesi.com\/index.php?rest_route=\/wp\/v2\/posts\/33114\/revisions"}],"wp:featuredmedia":[{"embeddable":true,"href":"https:\/\/mersinkadingazetesi.com\/index.php?rest_route=\/wp\/v2\/media\/33115"}],"wp:attachment":[{"href":"https:\/\/mersinkadingazetesi.com\/index.php?rest_route=%2Fwp%2Fv2%2Fmedia&parent=33114"}],"wp:term":[{"taxonomy":"category","embeddable":true,"href":"https:\/\/mersinkadingazetesi.com\/index.php?rest_route=%2Fwp%2Fv2%2Fcategories&post=33114"},{"taxonomy":"post_tag","embeddable":true,"href":"https:\/\/mersinkadingazetesi.com\/index.php?rest_route=%2Fwp%2Fv2%2Ftags&post=33114"}],"curies":[{"name":"wp","href":"https:\/\/api.w.org\/{rel}","templated":true}]}}