{"id":33117,"date":"2024-06-07T11:01:06","date_gmt":"2024-06-07T08:01:06","guid":{"rendered":"http:\/\/mersinkadingazetesi.com\/?p=33117"},"modified":"2024-06-07T11:01:06","modified_gmt":"2024-06-07T08:01:06","slug":"chpli-kisin-sorulari-bakan-ve-burokratlari-karsi-karsiya-getirdi","status":"publish","type":"post","link":"https:\/\/mersinkadingazetesi.com\/?p=33117","title":{"rendered":"CHP&#8217;L\u0130 KI\u015e&#8217;IN SORULARI BAKAN VE B\u00dcROKRATLARI  KAR\u015eI KAR\u015eIYA GET\u0130RD\u0130"},"content":{"rendered":"<p>CHP Mersin Milletvekili G\u00fclcan K\u0131\u015f, AKP&#8217;nin 13 y\u0131ld\u0131r bitiremedi\u011fi proje<\/p>\n<p>hakk\u0131nda ki sorular ile, hem Komisyon Ba\u015fkan\u0131&#8217;n\u0131 hem de Ula\u015ft\u0131rma Bakanl\u0131\u011f\u0131 yetkililerini terletti.<\/p>\n<p>G\u00fclcan K\u0131\u015f&#8217;\u0131n \u00c7ukurova Havaliman\u0131 Projesinin s\u00f6z verilen tarihlerde bitirilmedi\u011fi \u00fczerine yapt\u0131\u011f\u0131 konu\u015fma sonras\u0131, Ula\u015ft\u0131rma Komisyonu Ba\u015fkan\u0131 Karaismailo\u011flu&#8217;da CHP&#8217;li vekile hak vererek isyan etti.<\/p>\n<p>Proje i\u00e7in  13 y\u0131l i\u00e7inde defalarca farkl\u0131 tarihlerde a\u00e7\u0131l\u0131\u015f s\u00f6z\u00fc verilmesini kabul eden Komisyon Ba\u015fkan\u0131 Karaismailo\u011flu, CHP&#8217;li K\u0131\u015f&#8217;\u0131n \u0131srarl\u0131 a\u00e7\u0131l\u0131\u015f tarihi sorular\u0131na<\/p>\n<p>&#8220;Tarih vermeye korkuyorum&#8221; diye espri yapt\u0131 ve &#8220;Temmuz ay\u0131n\u0131 ge\u00e7mez&#8221; diye ekledi.<\/p>\n<p>CHP Mersin Milletvekili G\u00fclcan K\u0131\u015f, TBMM Bay\u0131nd\u0131rl\u0131k, \u0130mar, Ula\u015ft\u0131rma ve Turizm Komisyonu toplant\u0131s\u0131nda, 13 y\u0131ld\u0131r bitirilemeyen \u00c7ukurova Havaliman\u0131 konusunu eski Ula\u015ft\u0131rma Bakan\u0131, TBMM Bay\u0131nd\u0131rl\u0131k, \u0130mar, Ula\u015ft\u0131rma ve Turizm Komisyonu Ba\u015fkan\u0131 Adil Karaismailo\u011flu&#8217;na sordu.<\/p>\n<p>Karaismailo\u011flu a\u00e7\u0131l\u0131\u015f i\u00e7in net tarih veremedi ancak &#8220;Temmuz ay\u0131n\u0131<\/p>\n<p>ge\u00e7mez&#8221; diyerek topu bakanl\u0131k b\u00fcrokratlar\u0131na att\u0131.<\/p>\n<p>DHM\u0130 Genel M\u00fcd\u00fcr\u00fc&#8217;nden konu hakk\u0131nda a\u00e7\u0131klama bekleyen Komisyon Ba\u015fkan\u0131 &#8220;Art\u0131k kimsenin beklemeye tahamm\u00fcl\u00fc olmayan  bir proje. Bizlere bahanesi olmayan bir tarih verin&#8221; dedi.<\/p>\n<p>Komisyon toplant\u0131s\u0131nda, T\u00fcrk Sivil Havac\u0131l\u0131k Kanunu ile ilgili g\u00f6r\u00fc\u015flerini payla\u015fan Mersin Milletvekili G\u00fclcan K\u0131\u015f, daha sonra Mersin kamuoyunun y\u0131llard\u0131r bekledi\u011fi havaliman\u0131n\u0131 g\u00fcndeme getirdi.<\/p>\n<p>AKP H\u00fck\u00fcmetinin 13 y\u0131ld\u0131r bitiremedi\u011fi, 8 Bakan 3 temel atma t\u00f6reni g\u00f6ren \u00c7ukurova Havaliman\u0131 Projesi i\u00e7in, Bakan  ve Ula\u015ft\u0131rma Bakanl\u0131\u011f\u0131 b\u00fcrokratlar\u0131 adeta  kar\u015f\u0131 kar\u015f\u0131ya geldi.<\/p>\n<p>CHP Mersin Milletvekili G\u00fclcan K\u0131\u015f, \u00c7ukurova Havaliman\u0131&#8217;n\u0131n 13 y\u0131ll\u0131k bitirilmeyen hikayesini anlatarak, &#8220;bu toplant\u0131da Mersinlilere art\u0131k kesin bir tarih verin&#8221; dedi.<\/p>\n<p>\u00c7ukurova Havaliman\u0131 \u0130\u00e7in Son Tarih Temmuz Ay\u0131<\/p>\n<p>Hem Komisyon Ba\u015fkan\u0131&#8217;na, hem de Ula\u015ft\u0131rma Bakanl\u0131\u011f\u0131&#8217;nda ki Havaliman\u0131 Projesinden sorumlu yetkililere sorular y\u00f6nelten K\u0131\u015f, komisyonda net bir yan\u0131t alamay\u0131nca,<\/p>\n<p>&#8220;G\u00f6r\u00fcyoruz ki AKP&#8217;li yetkililerin ne birbirinden haberi var, ne de projenin ak\u0131betinden haberleri var&#8221;  dedi.<\/p>\n<p>G\u00fclcan K\u0131\u015f&#8217;\u0131n \u0131srarla &#8220;\u00c7ukurova Havaliman\u0131 ne zaman a\u00e7\u0131lacak? Net bir tarih verin&#8221; demesi \u00fczerine Komisyon Ba\u015fkan\u0131, eski Bakan  Karaismailo\u011flu &#8220;Temmuz ay\u0131n\u0131 ge\u00e7mez&#8221; dedi.<\/p>\n<p>Devlet Hava Meydanlar\u0131 \u0130\u015fletmesi Genel M\u00fcd\u00fcr\u00fc H\u00fcseyin Keskin ise a\u00e7\u0131l\u0131\u015f\u0131n gecikmesini \u00f6nce depreme, sonra da Kurban Bayram\u0131 tela\u015fesine ba\u011flad\u0131!<\/p>\n<p>K\u0131\u015f konu\u015fmas\u0131nda \u015funlar\u0131 s\u00f6yledi: &#8220;\u00c7ukurova Havaliman\u0131 Projesi art\u0131k t\u00fcm T\u00fcrkiye&#8217;nin g\u00fcndeminde. Bunu da s\u00f6ylemekten<\/p>\n<p>biz b\u0131kt\u0131k ama bir t\u00fcrl\u00fc sonuca ula\u015ft\u0131rmamak gibi de bir durum s\u00f6z konusu. Mersinimiz i\u00e7in ulusal ve uluslararas\u0131 d\u00fczeyde stratejik \u00f6nemde olan ve 13 y\u0131ld\u0131r bitirilemeyen bir proje olarak da tarihe ge\u00e7ti Say\u0131n Bakan. Komisyon Ba\u015fkan\u0131m\u0131z olarak siz de yak\u0131ndan biliyorsunuz,<\/p>\n<p>Ula\u015ft\u0131rma Bakan\u0131yken b\u00f6lgemize gelip defalarca a\u00e7\u0131l\u0131\u015f\u0131 i\u00e7in s\u00f6z verip giden Bakanlar aras\u0131nda da yerinizi ald\u0131n\u0131z. \u00c7ukurova Havaliman\u0131 bir t\u00fcrl\u00fc a\u00e7\u0131lamad\u0131, h\u00e2l\u00e2 da ak\u0131betini bilmiyoruz. Bu konuda Say\u0131n Ba\u015fkan, sizin bir bilginiz varsa do\u011fru ve net bilgilendirme yaparsan\u0131z  Mersinliler ad\u0131na \u00e7ok mutlu olaca\u011f\u0131z, b\u00f6lge ad\u0131na \u00e7ok mutlu olaca\u011f\u0131z, \u00e7\u00fcnk\u00fc herkesin bekledi\u011fi, yat\u0131r\u0131mlar\u0131n\u0131 ona g\u00f6re planlad\u0131\u011f\u0131 bir durum s\u00f6z konusu&#8221;.<\/p>\n<p>CHP&#8217;li K\u0131\u015f&#8217;tan Mersinlilere Ana Konteyner Liman\u0131 M\u00fcjdesi<\/p>\n<p>TBMM Bay\u0131nd\u0131rl\u0131k, \u0130mar, Ula\u015ft\u0131rma ve Turizm Komisyonu toplant\u0131s\u0131nda, Mersin kamuoyunun merakla bekledi\u011fi bir di\u011fer tart\u0131\u015fmal\u0131 konu olan Ana Konteyner Liman\u0131&#8217;n\u0131n nereye yap\u0131laca\u011f\u0131n\u0131 da g\u00fcndeme getiren K\u0131\u015f, Komisyon Ba\u015fkan\u0131ndan Mersin cevab\u0131n\u0131 ald\u0131.<\/p>\n<p>K\u0131\u015f, komisyonda yapt\u0131\u011f\u0131 konu\u015fmada \u015funlar\u0131 belirtti: &#8220;Ana konteyner liman\u0131 yat\u0131r\u0131m\u0131 i\u00e7in en do\u011fru yer Mersin&#8217;dir. Say\u0131n Bakan, hat\u0131rlarsan\u0131z, siz de yapt\u0131\u011f\u0131n\u0131z konu\u015fmalarda konteyner liman\u0131n\u0131n yerinin daha \u00f6nce de belirlendi\u011fi \u00fczere Mersin oldu\u011funu da belirtmi\u015ftiniz. Bu konuda da liman projesinin bir an evvel Mersin&#8217;de ba\u015flamas\u0131n\u0131 diliyorum&#8221; dedi.<\/p>\n<p>Komisyon Ba\u015fkan\u0131 Adil Karaismailo\u011flu, Do\u011fu Akdeniz Ana Konteyner Liman\u0131 projesinin yerinin mutlaka Mersin olaca\u011f\u0131n\u0131, planlara bu \u015fekilde i\u015flendi\u011fini kaydetti.<\/p>\n","protected":false},"excerpt":{"rendered":"<p>CHP Mersin Milletvekili G\u00fclcan K\u0131\u015f, AKP&#8217;nin 13 y\u0131ld\u0131r bitiremedi\u011fi proje hakk\u0131nda ki sorular ile, hem Komisyon Ba\u015fkan\u0131&#8217;n\u0131 hem de Ula\u015ft\u0131rma Bakanl\u0131\u011f\u0131 yetkililerini terletti. G\u00fclcan K\u0131\u015f&#8217;\u0131n \u00c7ukurova Havaliman\u0131 Projesinin s\u00f6z verilen tarihlerde bitirilmedi\u011fi \u00fczerine yapt\u0131\u011f\u0131 konu\u015fma sonras\u0131, Ula\u015ft\u0131rma Komisyonu Ba\u015fkan\u0131 Karaismailo\u011flu&#8217;da CHP&#8217;li vekile hak vererek isyan etti. Proje i\u00e7in 13 y\u0131l i\u00e7inde defalarca farkl\u0131 tarihlerde a\u00e7\u0131l\u0131\u015f [&hellip;]<\/p>\n","protected":false},"author":2,"featured_media":33118,"comment_status":"open","ping_status":"open","sticky":false,"template":"","format":"standard","meta":{"footnotes":""},"categories":[1,2,3],"tags":[],"class_list":["post-33117","post","type-post","status-publish","format-standard","has-post-thumbnail","hentry","category-genel","category-gundem","category-manset"],"views":4,"_links":{"self":[{"href":"https:\/\/mersinkadingazetesi.com\/index.php?rest_route=\/wp\/v2\/posts\/33117"}],"collection":[{"href":"https:\/\/mersinkadingazetesi.com\/index.php?rest_route=\/wp\/v2\/posts"}],"about":[{"href":"https:\/\/mersinkadingazetesi.com\/index.php?rest_route=\/wp\/v2\/types\/post"}],"author":[{"embeddable":true,"href":"https:\/\/mersinkadingazetesi.com\/index.php?rest_route=\/wp\/v2\/users\/2"}],"replies":[{"embeddable":true,"href":"https:\/\/mersinkadingazetesi.com\/index.php?rest_route=%2Fwp%2Fv2%2Fcomments&post=33117"}],"version-history":[{"count":0,"href":"https:\/\/mersinkadingazetesi.com\/index.php?rest_route=\/wp\/v2\/posts\/33117\/revisions"}],"wp:featuredmedia":[{"embeddable":true,"href":"https:\/\/mersinkadingazetesi.com\/index.php?rest_route=\/wp\/v2\/media\/33118"}],"wp:attachment":[{"href":"https:\/\/mersinkadingazetesi.com\/index.php?rest_route=%2Fwp%2Fv2%2Fmedia&parent=33117"}],"wp:term":[{"taxonomy":"category","embeddable":true,"href":"https:\/\/mersinkadingazetesi.com\/index.php?rest_route=%2Fwp%2Fv2%2Fcategories&post=33117"},{"taxonomy":"post_tag","embeddable":true,"href":"https:\/\/mersinkadingazetesi.com\/index.php?rest_route=%2Fwp%2Fv2%2Ftags&post=33117"}],"curies":[{"name":"wp","href":"https:\/\/api.w.org\/{rel}","templated":true}]}}