{"id":33132,"date":"2024-06-07T12:53:45","date_gmt":"2024-06-07T09:53:45","guid":{"rendered":"http:\/\/mersinkadingazetesi.com\/?p=33132"},"modified":"2024-06-07T12:53:45","modified_gmt":"2024-06-07T09:53:45","slug":"inaniyorum-ki-gayretiniz-bosa-gitmeyecek","status":"publish","type":"post","link":"https:\/\/mersinkadingazetesi.com\/?p=33132","title":{"rendered":"&#8216;\u0130nan\u0131yorum ki gayretiniz bo\u015fa gitmeyecek&#8217;"},"content":{"rendered":"<p>Milliyet\u00e7i Hareket Partisi Mersin Milletvekili ve MYK \u00fcyesi Dr. Levent Uysal cumartesi ve pazar g\u00fcnleri ger\u00e7ekle\u015ftirilecek olan Y\u00fcksek\u00f6\u011fretim Kurumlar\u0131 S\u0131nav\u0131&#8217;na girecek olan \u00f6\u011frencilere ba\u015far\u0131lar diledi. Uysal &#8220;Senelerce emek vererek \u00e7al\u0131\u015ft\u0131n\u0131z, inan\u0131yorum ki gayretiniz bo\u015fa gitmeyecek. Her bir \u00fcniversite \u00f6\u011frencisi aday\u0131 karde\u015fime ba\u015far\u0131lar diliyorum.&#8221; ifadelerine yer verdi.<br \/>\n3 milyonun \u00fczerindeki aday\u0131n kat\u0131laca\u011f\u0131 Y\u00fcksek\u00f6\u011fretim Kurumlar\u0131 S\u0131nav\u0131 (YKS) cumartesi ve pazar g\u00fcn\u00fc yap\u0131lacak.<br \/>\nMilliyet\u00e7i Hareket Partisi Mersin Milletvekili, MYK \u00dcyesi ve E\u011fitimci Dr. Levent Uysal da s\u0131nav ile ilgili yaz\u0131l\u0131 a\u00e7\u0131klama yapt\u0131.<br \/>\nUysal mesaj\u0131nda \u015fu ifadelere yer verdi;<br \/>\n&#8220;Her s\u0131nav hayat\u0131m\u0131za y\u00f6n veriyor. Y\u00fcksek\u00f6\u011fretim Kurumlar\u0131 S\u0131nav\u0131&#8217;nda 3 milyondan fazla aday\u0131m\u0131z hafta sonu ter d\u00f6kecek. Her \u015feyden \u00f6nce bunun bir s\u0131nav oldu\u011funu unutmadan hareket etmeliyiz. Ama inan\u0131yorum ki \u00f6\u011frencilerimiz g\u00f6sterdi\u011fi \u00e7aban\u0131n kar\u015f\u0131l\u0131\u011f\u0131n\u0131 en g\u00fczel \u015fekilde alacakt\u0131r. E\u011fitim hayatlar\u0131 boyunca edindikleri bilgi ve birikimleri, s\u0131nava yans\u0131tacak ve hak etti\u011fi ba\u015far\u0131ya ula\u015facaklard\u0131r. \u00d6zellikle gen\u00e7lerimizin hayatlar\u0131na yeni bir perspektiften bakmas\u0131n\u0131n ilk ad\u0131m\u0131 YKS olacak.  Vatanda\u015flar\u0131m\u0131zdan da 8 Haziran 2024 Cumartesi ve 9 Haziran 2024 Pazar g\u00fcn\u00fc belirtilen s\u0131nav saatleri s\u0131ras\u0131nda s\u0131navlar\u0131n yap\u0131laca\u011f\u0131 t\u00fcm yerle\u015fim birimlerinde g\u00fcr\u00fclt\u00fc olu\u015fturabilecek durumlardan ka\u00e7\u0131narak korna \u00e7almamalar\u0131, in\u015faat \u00e7al\u0131\u015fmalar\u0131n\u0131n durdurulmas\u0131 hususunda azami hassasiyet sergilemelerini rica ediyorum. Duyarl\u0131 ve anlay\u0131\u015fl\u0131 hareket ederek evlatlar\u0131m\u0131z\u0131n s\u0131navlar\u0131n\u0131n en iyi \u015fekilde ge\u00e7mesini sa\u011flayal\u0131m. Ayr\u0131ca gelece\u011fimizin teminat\u0131 gen\u00e7lerimizi Y\u00fcksek\u00f6\u011fretim Kurumlar\u0131 S\u0131nav\u0131&#8217;na haz\u0131rlayan \u00f6\u011fretmenlerimize de \u015f\u00fckranlar\u0131m\u0131 sunuyorum. YKS&#8217;ye girecek olan \u00f6\u011frencilerimize ba\u015far\u0131lar diliyorum.\u00a0&#8221;<\/p>\n","protected":false},"excerpt":{"rendered":"<p>Milliyet\u00e7i Hareket Partisi Mersin Milletvekili ve MYK \u00fcyesi Dr. Levent Uysal cumartesi ve pazar g\u00fcnleri ger\u00e7ekle\u015ftirilecek olan Y\u00fcksek\u00f6\u011fretim Kurumlar\u0131 S\u0131nav\u0131&#8217;na girecek olan \u00f6\u011frencilere ba\u015far\u0131lar diledi. Uysal &#8220;Senelerce emek vererek \u00e7al\u0131\u015ft\u0131n\u0131z, inan\u0131yorum ki gayretiniz bo\u015fa gitmeyecek. Her bir \u00fcniversite \u00f6\u011frencisi aday\u0131 karde\u015fime ba\u015far\u0131lar diliyorum.&#8221; ifadelerine yer verdi. 3 milyonun \u00fczerindeki aday\u0131n kat\u0131laca\u011f\u0131 Y\u00fcksek\u00f6\u011fretim Kurumlar\u0131 S\u0131nav\u0131 (YKS) [&hellip;]<\/p>\n","protected":false},"author":2,"featured_media":33133,"comment_status":"open","ping_status":"open","sticky":false,"template":"","format":"standard","meta":{"footnotes":""},"categories":[3],"tags":[],"class_list":["post-33132","post","type-post","status-publish","format-standard","has-post-thumbnail","hentry","category-manset"],"views":5,"_links":{"self":[{"href":"https:\/\/mersinkadingazetesi.com\/index.php?rest_route=\/wp\/v2\/posts\/33132"}],"collection":[{"href":"https:\/\/mersinkadingazetesi.com\/index.php?rest_route=\/wp\/v2\/posts"}],"about":[{"href":"https:\/\/mersinkadingazetesi.com\/index.php?rest_route=\/wp\/v2\/types\/post"}],"author":[{"embeddable":true,"href":"https:\/\/mersinkadingazetesi.com\/index.php?rest_route=\/wp\/v2\/users\/2"}],"replies":[{"embeddable":true,"href":"https:\/\/mersinkadingazetesi.com\/index.php?rest_route=%2Fwp%2Fv2%2Fcomments&post=33132"}],"version-history":[{"count":0,"href":"https:\/\/mersinkadingazetesi.com\/index.php?rest_route=\/wp\/v2\/posts\/33132\/revisions"}],"wp:featuredmedia":[{"embeddable":true,"href":"https:\/\/mersinkadingazetesi.com\/index.php?rest_route=\/wp\/v2\/media\/33133"}],"wp:attachment":[{"href":"https:\/\/mersinkadingazetesi.com\/index.php?rest_route=%2Fwp%2Fv2%2Fmedia&parent=33132"}],"wp:term":[{"taxonomy":"category","embeddable":true,"href":"https:\/\/mersinkadingazetesi.com\/index.php?rest_route=%2Fwp%2Fv2%2Fcategories&post=33132"},{"taxonomy":"post_tag","embeddable":true,"href":"https:\/\/mersinkadingazetesi.com\/index.php?rest_route=%2Fwp%2Fv2%2Ftags&post=33132"}],"curies":[{"name":"wp","href":"https:\/\/api.w.org\/{rel}","templated":true}]}}