{"id":33136,"date":"2024-06-07T15:37:10","date_gmt":"2024-06-07T12:37:10","guid":{"rendered":"http:\/\/mersinkadingazetesi.com\/?p=33136"},"modified":"2024-06-07T15:37:10","modified_gmt":"2024-06-07T12:37:10","slug":"yargi-paketini-geri-cekin","status":"publish","type":"post","link":"https:\/\/mersinkadingazetesi.com\/?p=33136","title":{"rendered":"YARGI PAKET\u0130N\u0130 GER\u0130 \u00c7EK\u0130N!\u2019"},"content":{"rendered":"<p>ARZU \u00d6ZER<br \/>\nMersin Kad\u0131n Platformu, Pozcu\u2019da \u00f6n\u00fcnde bir araya gelerek 9. Yarg\u0131 Paketi i\u00e7inde 6284\u2019e dair de\u011fi\u015fikli\u011fin s\u00f6z konusu olmas\u0131na kar\u015f\u0131 eylem yapt\u0131. Eylemde \u201c6284\u2019e dokunma, kad\u0131nlar\u0131n payat\u0131na dokunma!\u201d pankart\u0131n\u0131n a\u00e7\u0131ld\u0131\u011f\u0131 bas\u0131n a\u00e7\u0131klamas\u0131n\u0131 Mersin Kad\u0131n Platformu ad\u0131na G\u00fcne\u015f Do\u011fdu okudu. <\/p>\n<p>Do\u011fdu, \u201cTemel \u0130nsan Haklar\u0131n\u0131 Torba Yasalara Doldurmaktan Va\u00e7ge\u00e7in!\u2019 \u20189. Yarg\u0131 Paketini geri \u00e7ekin\u2019. Bizler kimseye sormadan kapal\u0131 kap\u0131lar ard\u0131nda, \u201cyarg\u0131 paketleri\u201dyle, \u201ctorba yasalar\u201dla, genelgelerle, hukuksuz kararlarla, haklar\u0131 ve hayatlar\u0131na kastedilen milyonlar\u0131z. Kime oy verdi\u011fimizin bir \u00f6nemi yok. Hepimiz hemcinslerimizin her g\u00fcn en az \u00fc\u00e7\u00fcn\u00fcn \u00f6ld\u00fcr\u00fcld\u00fc\u011f\u00fcn\u00fc, bir o kadar\u0131n\u0131n \u015f\u00fcpheli \u015fekilde katledildi\u011fini, her be\u015f evden \u00fc\u00e7\u00fcnde kad\u0131na kar\u015f\u0131 \u015fiddetin ya\u015fand\u0131\u011f\u0131n\u0131, \u00e7ocuklara kar\u015f\u0131 cinsel \u015fiddetin t\u0131rmand\u0131\u011f\u0131n\u0131 biliyoruz, g\u00f6r\u00fcyoruz. Kendimiz ya\u015fam\u0131yorsak da medyadan izliyoruz; kom\u015fular\u0131m\u0131z, akrabalar\u0131m\u0131z veya arkada\u015flar\u0131m\u0131z\u0131n ya\u015fad\u0131klar\u0131ndan biliyoruz. Art\u0131k hi\u00e7birimizi \u201caileyi koruma\u201d masallar\u0131na inand\u0131ramazs\u0131n\u0131z. \u00c7\u00fcnk\u00fc kad\u0131nlar\u0131 ve \u00e7ocuklar\u0131 \u015fiddete kar\u015f\u0131 koruyan yasalar\u0131 bir bir yok edenler, mevcut yasalar\u0131 ve Anayasa\u2019y\u0131 uygulamayanlar hi\u00e7 kimseyi koruyamazlar.\u201d dedi.<\/p>\n<p>\u201cFailleri cayd\u0131r\u0131c\u0131 en \u00f6nemli h\u00fckm\u00fcn\u00fc kad\u00fckle\u015ftirmeye \u00e7al\u0131\u015f\u0131yorsunuz\u201d<\/p>\n<p>\u0130ktidar partisinin, yine bir torba yasa tasla\u011f\u0131n\u0131, yine i\u00e7ine konulan \u00e7erezlik konular\u0131n yan\u0131na ekledi\u011fini belirten Do\u011fdu, \u201cKad\u0131nlar\u0131n temel insan haklar\u0131n\u0131 tehdit eden ba\u015fl\u0131klarla 9. Yarg\u0131 paketi olarak dayat\u0131yor. Bu \u201cpaket\u201d ile hangi haklar\u0131m\u0131z\u0131n gasp edilece\u011fini Meclis\u2019e getirilinceye kadar tam olarak \u00f6\u011frenemiyoruz bile. S\u0131zd\u0131r\u0131lan ilk taslak 38 madde iken; Adalet Bakan\u0131 tasla\u011f\u0131n 62 madde oldu\u011funu s\u00f6yl\u00fcyor, 23 kanun ile 2 KHK\u2019da de\u011fi\u015fiklik yapaca\u011f\u0131z diyor! Kamuoyuna s\u0131zd\u0131r\u0131lan 38 madde hakk\u0131nda bir fikrimiz var ama, kalan 24 maddenin hangi konularda oldu\u011funa dair hi\u00e7bir a\u00e7\u0131klama yap\u0131lmad\u0131, yap\u0131lm\u0131yor. Medeni Yasa\u2019dan 6284 say\u0131l\u0131 \u015fiddet yasas\u0131na, ceza yasas\u0131ndan infaz yasas\u0131na kadar bir\u00e7ok temel yasada de\u011fi\u015fikli\u011fi 38 maddelik haliyle ayn\u0131 torbaya t\u0131k\u0131\u015ft\u0131ran yasa teklifi ile iktidar, bir yandan tekrar tekrar su\u00e7 i\u015fleyenlere af getirmeye \u00e7al\u0131\u015f\u0131rken, di\u011fer yandan \u201cetki ajanl\u0131\u011f\u0131\u201d ad\u0131 alt\u0131nda yeni bir su\u00e7 icat etmeye de \u00e7al\u0131\u015f\u0131yor. Kamuoyuna s\u0131zd\u0131r\u0131lan haliyle bu yasa taslak meclise getirilmeden derhal geri \u00e7ekilmelidir. \u0130stanbul S\u00f6zle\u015fmesi\u2019ni feshederken \u201cyerli ve milli\u201d yasam\u0131z 6284 var dediniz. \u015eimdi onun da failleri cayd\u0131r\u0131c\u0131 en \u00f6nemli h\u00fckm\u00fcn\u00fc kad\u00fckle\u015ftirmeye \u00e7al\u0131\u015f\u0131yorsunuz. Yasan\u0131n cayd\u0131r\u0131c\u0131l\u0131\u011f\u0131n\u0131 belirleyen tek yapt\u0131r\u0131m olan ve zaten \u00e7ok ender uygulanan tazyik hapsi h\u00fckm\u00fcn\u00fc itiraza a\u00e7\u0131k hale getirmek kad\u0131n cinayetlerinin artmas\u0131 demek. Kad\u0131nlar art\u0131k zar zor al\u0131nabilen koruma kararlar\u0131 \u00e7antalar\u0131nda oldu\u011fu halde katledilirken bu de\u011fi\u015fikli\u011fin \u00f6nerilme nedenini biz s\u00f6yleyelim: Erkek egemenli\u011fini g\u00fc\u00e7lendirmek, kad\u0131nlar\u0131n aile i\u00e7inde \u015fiddete boyun e\u011fmesini, \u015fikayet etmemesini sa\u011flamak.\u201d \u015feklinde konu\u015ftu.<\/p>\n<p>\u201cAma\u00e7 erkek egemenli\u011fini mutlakla\u015ft\u0131rmak!\u201d<\/p>\n<p>Do\u011fdu a\u00e7\u0131klamas\u0131na \u015f\u00f6yle devam etti;<br \/>\n\u201cTorba tasar\u0131da, Anayasa Mahkemesi\u2019ni yine hi\u00e7e sayarak; Mahkeme\u2019nin iptal etti\u011fi Medeni Kanun\u2019daki \u201cKad\u0131n, evlenmekle kocas\u0131n\u0131n soyad\u0131n\u0131 al\u0131r\u201d d\u00fczenlemesini tekrar, aynen yasala\u015ft\u0131rmak istiyorsunuz. Kendi se\u00e7ti\u011fimiz soyad\u0131 ile ya\u015famak en temel hakk\u0131m\u0131zd\u0131r. Anayasa\u2019n\u0131n e\u015fitlik ve ayr\u0131mc\u0131l\u0131k yasa\u011f\u0131n\u0131 d\u00fczenleyen 10. maddesi, ailede e\u015fitli\u011fi d\u00fczenleyen 41. maddesi ve Birle\u015fmi\u015f Milletler Kad\u0131nlara Kar\u015f\u0131 Her T\u00fcrl\u00fc Ayr\u0131mc\u0131l\u0131\u011f\u0131n \u00d6nlenmesi S\u00f6zle\u015fmesi\u2019ne ayk\u0131r\u0131 olarak kad\u0131nlara erkek e\u015flerinin soyad\u0131n\u0131 kullanmalar\u0131 dayat\u0131lamaz. Kad\u0131n katillerini, tecav\u00fczc\u00fcleri ve \u00e7ocuk cinsel istismarc\u0131lar\u0131n\u0131 Temmuz 2023\u2019te infaz yasas\u0131nda d\u00fczenleme ad\u0131 alt\u0131nda affettiniz. Serbest b\u0131rak\u0131lan failler kad\u0131n ve \u00e7ocuklara kar\u015f\u0131 su\u00e7 i\u015flemeye devam ettiler. \u015eimdi yeni bir af getirmek istiyorsunuz. Tekrar tekrar su\u00e7 i\u015flemi\u015f ve bu nedenle mahk\u00fbm olmu\u015f h\u00fck\u00fcml\u00fclerin cezalar\u0131nda ko\u015fullu sal\u0131vermeyi koydunuz 9. Torbaya. NEDEN? Bize ve \u00e7ocuklar\u0131m\u0131za kar\u015f\u0131 i\u015flenen su\u00e7lar\u0131 affetme yetkisini nereden buluyorsunuz? Bir yandan \u201cetki ajanl\u0131\u011f\u0131\u201d diye yeni su\u00e7 kategorileri icat etmeye \u00e7al\u0131\u015f\u0131rken, di\u011fer yandan kolluk sald\u0131rganlar\u0131 yakalama zahmetinde bulunduysa e\u011fer, faillere mahkemelerde verilen indirimli cezalar\u0131 Meclis\u2019te daha da indiriyor ya da affediyorsunuz! Bunun ad\u0131n\u0131 biz koyal\u0131m: Kad\u0131n ve \u00e7ocuklar\u0131 erkeklerin her t\u00fcrl\u00fc istismar\u0131na a\u00e7\u0131k hale getirmeyi \u201caileyi korumak\u201d olarak g\u00f6stermek, erkek egemenli\u011fini mutlakla\u015ft\u0131rmak.\u201d<\/p>\n<p>\u201c\u0130nsan Haklar\u0131n\u0131 Yok Etme Giri\u015fimlerinden Vazge\u00e7in\u201d<\/p>\n<p>\u201c\u0130thal etti\u011finiz yeni su\u00e7 t\u00fcr\u00fc; \u201cetki ajanl\u0131\u011f\u0131\u201d ile muhaliflerin sustu\u011fu bir \u00fclke yaratmak istiyorsunuz. Tasar\u0131 TBMM\u2019ye gelir ve yasala\u015ft\u0131r\u0131l\u0131rsa \u015fu anda okudu\u011funuz bu metnin yay\u0131nlanmas\u0131 da dahil ele\u015ftiri i\u00e7eren her nevi yay\u0131n\u0131n su\u00e7 kapsam\u0131na al\u0131nmas\u0131 m\u00fcmk\u00fcn olacak ve bug\u00fcne kadar ya\u015fanan anti-demokratik bask\u0131 ko\u015fullar\u0131 derinle\u015fecek. E\u015fitlik, \u00f6zg\u00fcrl\u00fck, adalet ad\u0131na her t\u00fcrl\u00fc aray\u0131\u015f\u0131n \u00f6n\u00fc kesilecek, t\u00fcm toplumsal muhalefet \u00f6rg\u00fctleri kapat\u0131lma riski ile kar\u015f\u0131 kar\u015f\u0131ya kalacak, sivil toplum tamamen susturulacakt\u0131r. Amac\u0131n\u0131z\u0131 biliyoruz. Asla ge\u00e7it vermeyece\u011fiz. Yeter art\u0131k durun! Kad\u0131nlar\u0131n ya\u015fam hakk\u0131 dahil olmak \u00fczere kazan\u0131lm\u0131\u015f haklar\u0131m\u0131zla oynamaktan Vazge\u00e7in! Hukuksuzlu\u011funuzu hukuka uydurma y\u00f6ntemlerinizi, e\u015fitlik ve laiklik d\u00fc\u015fman\u0131 politikalar\u0131n\u0131z\u0131, Meclis\u2019te oybirli\u011fi ile kabul edilmi\u015f olan \u0130stanbul S\u00f6zle\u015fmesi\u2019nden bir gece yar\u0131s\u0131, bir ki\u015finin karar\u0131 ile \u00e7ekilmenizden biliyoruz. Yeni de\u011fil, bug\u00fcn de\u011fil, y\u00fczy\u0131llard\u0131r iktidar\u0131n\u0131z\u0131 kad\u0131nlar\u0131n boyunlar\u0131n\u0131 e\u011ferek var etmeye \u00e7al\u0131\u015ft\u0131n\u0131z. Her hakk\u0131m\u0131z\u0131 m\u00fccadele ile kazand\u0131k. \u0130\u015fte buraday\u0131z. Fetvalar\u0131n\u0131za, yasaklar\u0131n\u0131za boyun e\u011fmi\u015f olsayd\u0131k bug\u00fcn burada olmazd\u0131k. Yalanlar\u0131n\u0131za, vizyonsuz vizyon belgelerinize, laiklik ve e\u015fitlik kar\u015f\u0131t\u0131 torba yasalar\u0131n\u0131za asla boyun e\u011fmeyece\u011fiz. Amac\u0131n\u0131z\u0131 ve y\u00f6ntemlerinizi biliyoruz. Se\u00e7ilmi\u015f belediye ba\u015fkanlar\u0131 yerine \u201ckayyum\u201d lar\u0131n\u0131z\u0131 ataman\u0131zdan, muhalif herkesi kumpas ve intikam davalar\u0131 ile hukuka ayk\u0131r\u0131 olarak hapislerde tutman\u0131zdan biliyoruz. Rant a\u015fk\u0131n\u0131zdan, imar yasalar\u0131n\u0131zdan, bilime ve bilimsel e\u011fitime sald\u0131r\u0131lar\u0131n\u0131zdan, hayvanlara ve do\u011faya verdi\u011finiz zarardan biliyoruz. Hala hukuksuzlu\u011funuza k\u0131l\u0131f uydurmaya \u00e7al\u0131\u015f\u0131yorsunuz ama hat\u0131rlatal\u0131m: Siz kaybettiniz. \u2018Demokrasi ve \u0130nsan Haklar\u0131n\u0131 Yok Etme Giri\u015fimlerinden Vazge\u00e7in\u2019. 9. Yarg\u0131 Paketini geri \u00e7ekin.\u201d<\/p>\n","protected":false},"excerpt":{"rendered":"<p>ARZU \u00d6ZER Mersin Kad\u0131n Platformu, Pozcu\u2019da \u00f6n\u00fcnde bir araya gelerek 9. Yarg\u0131 Paketi i\u00e7inde 6284\u2019e dair de\u011fi\u015fikli\u011fin s\u00f6z konusu olmas\u0131na kar\u015f\u0131 eylem yapt\u0131. Eylemde \u201c6284\u2019e dokunma, kad\u0131nlar\u0131n payat\u0131na dokunma!\u201d pankart\u0131n\u0131n a\u00e7\u0131ld\u0131\u011f\u0131 bas\u0131n a\u00e7\u0131klamas\u0131n\u0131 Mersin Kad\u0131n Platformu ad\u0131na G\u00fcne\u015f Do\u011fdu okudu. Do\u011fdu, \u201cTemel \u0130nsan Haklar\u0131n\u0131 Torba Yasalara Doldurmaktan Va\u00e7ge\u00e7in!\u2019 \u20189. Yarg\u0131 Paketini geri \u00e7ekin\u2019. Bizler kimseye [&hellip;]<\/p>\n","protected":false},"author":2,"featured_media":33138,"comment_status":"open","ping_status":"open","sticky":false,"template":"","format":"standard","meta":{"footnotes":""},"categories":[1,2,3],"tags":[],"class_list":["post-33136","post","type-post","status-publish","format-standard","has-post-thumbnail","hentry","category-genel","category-gundem","category-manset"],"views":4,"_links":{"self":[{"href":"https:\/\/mersinkadingazetesi.com\/index.php?rest_route=\/wp\/v2\/posts\/33136"}],"collection":[{"href":"https:\/\/mersinkadingazetesi.com\/index.php?rest_route=\/wp\/v2\/posts"}],"about":[{"href":"https:\/\/mersinkadingazetesi.com\/index.php?rest_route=\/wp\/v2\/types\/post"}],"author":[{"embeddable":true,"href":"https:\/\/mersinkadingazetesi.com\/index.php?rest_route=\/wp\/v2\/users\/2"}],"replies":[{"embeddable":true,"href":"https:\/\/mersinkadingazetesi.com\/index.php?rest_route=%2Fwp%2Fv2%2Fcomments&post=33136"}],"version-history":[{"count":0,"href":"https:\/\/mersinkadingazetesi.com\/index.php?rest_route=\/wp\/v2\/posts\/33136\/revisions"}],"wp:featuredmedia":[{"embeddable":true,"href":"https:\/\/mersinkadingazetesi.com\/index.php?rest_route=\/wp\/v2\/media\/33138"}],"wp:attachment":[{"href":"https:\/\/mersinkadingazetesi.com\/index.php?rest_route=%2Fwp%2Fv2%2Fmedia&parent=33136"}],"wp:term":[{"taxonomy":"category","embeddable":true,"href":"https:\/\/mersinkadingazetesi.com\/index.php?rest_route=%2Fwp%2Fv2%2Fcategories&post=33136"},{"taxonomy":"post_tag","embeddable":true,"href":"https:\/\/mersinkadingazetesi.com\/index.php?rest_route=%2Fwp%2Fv2%2Ftags&post=33136"}],"curies":[{"name":"wp","href":"https:\/\/api.w.org\/{rel}","templated":true}]}}