{"id":33140,"date":"2024-06-07T15:44:21","date_gmt":"2024-06-07T12:44:21","guid":{"rendered":"http:\/\/mersinkadingazetesi.com\/?p=33140"},"modified":"2024-06-07T15:44:21","modified_gmt":"2024-06-07T12:44:21","slug":"yazar-nafiye-bozkurttan-yeni-kitap","status":"publish","type":"post","link":"https:\/\/mersinkadingazetesi.com\/?p=33140","title":{"rendered":"YAZAR NAF\u0130YE BOZKURT&#8217;TAN YEN\u0130 K\u0130TAP"},"content":{"rendered":"<p>PRAG&#8217;DAN<br \/>\nBEYO\u011eLU&#8217;NA<\/p>\n<p>DEN\u0130Z KARAKU\u015e<br \/>\nEdebiyat d\u00fcnyas\u0131na edebi ve kal\u0131c\u0131 eserler b\u0131rakmay\u0131 ama\u00e7layan Yazar Nafiye Bozkurt yeni kitab\u0131n\u0131 duyurdu. Arion Yay\u0131nevi&#8217;nden \u00e7\u0131kan Roman&#8217;\u0131n 1. bask\u0131s\u0131 okuyucular\u0131n\u0131 bekliyor.<\/p>\n<p>Nafiye Bozkurt kitap&#8217;tan \u015fu b\u00f6l\u00fcm\u00fc payla\u015ft\u0131;<\/p>\n<p>\u201cYa\u015fam\u0131n\u0131n Kaybolan Par\u00e7as\u0131\u201d<\/p>\n<p>&#8220;G\u00fcne\u015fin dingin anlar\u0131nda bu masals\u0131 \u015fehirde kara bulutlar g\u00f6ky\u00fcz\u00fcn\u00fc kaplar ve umutlar istemsizce siyah\u0131n k\u0131rk tonuna b\u00fcr\u00fcn\u00fcrd\u00fc. D\u00fc\u015f\u00fcncelerimin yorgun oldu\u011fu anlarda bu kasvet de so\u011fuk bir tokat gibi surat\u0131ma \u00e7arpar yaln\u0131zl\u0131\u011f\u0131 ve adeta bir k\u00f6r kuyu gibi yakalard\u0131 beni.<br \/>\nVe susard\u0131m uzun uzun susard\u0131m.<br \/>\nLal olmu\u015f dilimle susmak belki de konu\u015fman\u0131n en can yak\u0131c\u0131 haliydi benim i\u00e7in.&#8221;<\/p>\n","protected":false},"excerpt":{"rendered":"<p>PRAG&#8217;DAN BEYO\u011eLU&#8217;NA DEN\u0130Z KARAKU\u015e Edebiyat d\u00fcnyas\u0131na edebi ve kal\u0131c\u0131 eserler b\u0131rakmay\u0131 ama\u00e7layan Yazar Nafiye Bozkurt yeni kitab\u0131n\u0131 duyurdu. Arion Yay\u0131nevi&#8217;nden \u00e7\u0131kan Roman&#8217;\u0131n 1. bask\u0131s\u0131 okuyucular\u0131n\u0131 bekliyor. Nafiye Bozkurt kitap&#8217;tan \u015fu b\u00f6l\u00fcm\u00fc payla\u015ft\u0131; \u201cYa\u015fam\u0131n\u0131n Kaybolan Par\u00e7as\u0131\u201d &#8220;G\u00fcne\u015fin dingin anlar\u0131nda bu masals\u0131 \u015fehirde kara bulutlar g\u00f6ky\u00fcz\u00fcn\u00fc kaplar ve umutlar istemsizce siyah\u0131n k\u0131rk tonuna b\u00fcr\u00fcn\u00fcrd\u00fc. D\u00fc\u015f\u00fcncelerimin yorgun oldu\u011fu [&hellip;]<\/p>\n","protected":false},"author":2,"featured_media":33141,"comment_status":"open","ping_status":"open","sticky":false,"template":"","format":"standard","meta":{"footnotes":""},"categories":[1,2,3],"tags":[],"class_list":["post-33140","post","type-post","status-publish","format-standard","has-post-thumbnail","hentry","category-genel","category-gundem","category-manset"],"views":6,"_links":{"self":[{"href":"https:\/\/mersinkadingazetesi.com\/index.php?rest_route=\/wp\/v2\/posts\/33140"}],"collection":[{"href":"https:\/\/mersinkadingazetesi.com\/index.php?rest_route=\/wp\/v2\/posts"}],"about":[{"href":"https:\/\/mersinkadingazetesi.com\/index.php?rest_route=\/wp\/v2\/types\/post"}],"author":[{"embeddable":true,"href":"https:\/\/mersinkadingazetesi.com\/index.php?rest_route=\/wp\/v2\/users\/2"}],"replies":[{"embeddable":true,"href":"https:\/\/mersinkadingazetesi.com\/index.php?rest_route=%2Fwp%2Fv2%2Fcomments&post=33140"}],"version-history":[{"count":0,"href":"https:\/\/mersinkadingazetesi.com\/index.php?rest_route=\/wp\/v2\/posts\/33140\/revisions"}],"wp:featuredmedia":[{"embeddable":true,"href":"https:\/\/mersinkadingazetesi.com\/index.php?rest_route=\/wp\/v2\/media\/33141"}],"wp:attachment":[{"href":"https:\/\/mersinkadingazetesi.com\/index.php?rest_route=%2Fwp%2Fv2%2Fmedia&parent=33140"}],"wp:term":[{"taxonomy":"category","embeddable":true,"href":"https:\/\/mersinkadingazetesi.com\/index.php?rest_route=%2Fwp%2Fv2%2Fcategories&post=33140"},{"taxonomy":"post_tag","embeddable":true,"href":"https:\/\/mersinkadingazetesi.com\/index.php?rest_route=%2Fwp%2Fv2%2Ftags&post=33140"}],"curies":[{"name":"wp","href":"https:\/\/api.w.org\/{rel}","templated":true}]}}