{"id":33143,"date":"2024-06-07T15:49:10","date_gmt":"2024-06-07T12:49:10","guid":{"rendered":"http:\/\/mersinkadingazetesi.com\/?p=33143"},"modified":"2024-06-07T15:49:10","modified_gmt":"2024-06-07T12:49:10","slug":"turkiye-ve-moldova-iliskileri-cok-uzun-yillara-dayaniyor","status":"publish","type":"post","link":"https:\/\/mersinkadingazetesi.com\/?p=33143","title":{"rendered":"\u2018T\u00fcrkiye ve Moldova ili\u015fkileri \u00e7ok uzun y\u0131llara dayan\u0131yor\u2019"},"content":{"rendered":"<p>Mersin Valisi Ali Hamza Pehlivan, Moldova Cumhuriyeti Mersin Fahri Konsoloslu\u011fu\u2019nun a\u00e7\u0131l\u0131\u015f resepsiyonuna kat\u0131ld\u0131. Programa; Yeni\u015fehir Kaymakam\u0131 Nevzat \u015eeng\u00f6k, \u0130l Jandarma Komutan\u0131 Tu\u011fgeneral Ercan Atasoy, AK Parti \u0130l Ba\u015fkan\u0131 Adem Aldemir, Moldova Cumhuriyeti Ankara B\u00fcy\u00fckel\u00e7isi Dmitri Croitor, Mersin Fahri Konsolosu Ufuk Maya, kurumlar\u0131n,meslek kurulu\u015flar\u0131n\u0131n, STK\u2019lar\u0131n, i\u015f d\u00fcnyas\u0131 ve bas\u0131n\u0131n temsilcileri ve di\u011fer davetliler kat\u0131ld\u0131.<\/p>\n<p>\u0130ki \u00fclkenin Milli Mar\u015flar\u0131n\u0131n okunmas\u0131 ile ba\u015flayan programda konu\u015fma ger\u00e7ekle\u015ftiren Vali Pehlivan, \u201cMoldova Fahri Konsoloslu\u011fu&#8217;nun a\u00e7\u0131l\u0131\u015f\u0131 vesilesiyle bir araya gelmi\u015f bulunuyoruz. Mersin Fahri Konsoloslu\u011fu\u2019un hay\u0131rl\u0131 ve u\u011furlu olmas\u0131n\u0131 temenni ediyorum. Say\u0131n B\u00fcy\u00fckel\u00e7i\u2019nin kendisi bizlere resmi bir nezaket ziyaretinde bulundu. Ger\u00e7ekten samimi ve verimli bir g\u00f6r\u00fc\u015fme ger\u00e7ekle\u015ftirdik. T\u00fcrkiye ve Moldova ili\u015fkileri \u00e7ok uzun y\u0131llara dayanmaktad\u0131r. Bununla birlikte Moldova\u2019n\u0131n, 27 A\u011fustos 1991 y\u0131l\u0131nda Sovyetler Birli\u011fi&#8217;nden ayr\u0131l\u0131p, ba\u011f\u0131ms\u0131zl\u0131\u011f\u0131n\u0131 ilan ettikten sonra bu ili\u015fkiler daha da peki\u015fmi\u015ftir. Nitekim \u00e7ok ge\u00e7meden Aral\u0131k 1991 y\u0131l\u0131nda ilk tan\u0131yan \u00fclke T\u00fcrkiye olmu\u015f ve 2 \u015eubat 1992 y\u0131l\u0131 itibariyle de diplomatik ili\u015fkiler resmi olarak ba\u015flam\u0131\u015ft\u0131r. O g\u00fcnlerden bug\u00fcnlere i\u015f birli\u011fi koordinasyon i\u00e7erisinde iki \u00fclke ili\u015fkileri olumlu bir seyir izlemi\u015f ikili ve \u00e7ok boyutlu platformlarda bu ili\u015fkiler devam etmektedir.\u201d dedi.<\/p>\n<p>\u201cMersin-Moldova aras\u0131ndaki ticaret hacmi de 14-15 milyon dolarlara kadar ula\u015ft\u0131\u201d<\/p>\n<p>Cumhurba\u015fkan\u0131 Say\u0131n Recep Tayyip Erdo\u011fan&#8217;\u0131n 17-18 Ekim 2018 tarihlerinde Moldova&#8217;y\u0131 ziyaretiyle birlikte imzalanan y\u00fcksek d\u00fczeyli, stratejik i\u015f birli\u011fi anla\u015fmalar\u0131yla ili\u015fkiler \u00e7ok daha \u00f6nemli bir boyut kazand\u0131\u011f\u0131n\u0131 s\u00f6yleyen Pehlivan, \u201cT\u0130KA&#8217;m\u0131z arac\u0131l\u0131\u011f\u0131yla Moldova&#8217;da \u00e7ok \u00f6nemli m\u00fc\u015fterek yat\u0131r\u0131mlar hayata ge\u00e7irilmi\u015ftir. \u0130ki \u00fclkenin bir\u00e7ok noktas\u0131 var. Bunlardan birisi de elbette ki Moldova&#8217;da ya\u015fayan Gagavuz T\u00fcrkleri. Gagavuz biliyorsunuz G\u00f6k-O\u011fuz anlam\u0131na gelir. Gagavuzlar O\u011fuz boylar\u0131ndan gelir. Tabii orada soyda\u015flar\u0131m\u0131z\u0131n ya\u015f\u0131yor olmas\u0131 T\u00fcrkiye ile Moldova aras\u0131ndaki ili\u015fkilere ayr\u0131 bir ayr\u0131 bir anlam katmaktad\u0131r,ayr\u0131 bir ba\u011f olu\u015fturmaktad\u0131r. T\u00fcrkiye ile Moldova aras\u0131ndaki ticaret hacminin \u00f6zellikle son y\u0131llarda daha da artt\u0131\u011f\u0131n\u0131 biliyoruz. Bir milyar dolar seviyesinde ve bu rakam i\u00e7erisinde Mersin&#8217;imizde Moldova aras\u0131ndaki ticaret hacmi de 14-15 milyon dolarlara kadar ula\u015fm\u0131\u015ft\u0131r. Bizim \u00fclke olarak d\u00fcnyaya bak\u0131\u015f\u0131m\u0131z, d\u00fcnyan\u0131n gidi\u015fat\u0131na bak\u0131\u015f\u0131m\u0131z \u00e7ok a\u00e7\u0131k ve nettir. Cumhuriyetimizin kurucusu Gazi Mustafa Kemal Atat\u00fcrk, d\u0131\u015f politikada \u201cYurtta Bar\u0131\u015f, D\u00fcnya\u2019da Bar\u0131\u015f\u201d anlay\u0131\u015f\u0131n\u0131 ortaya koymu\u015ftur.\u201d \u015feklinde konu\u015ftu.<\/p>\n<p>\u201cKonsolosluk eonomik ili\u015fkilere olumlu katk\u0131lar sa\u011flayacak\u201d<\/p>\n<p>Pehlivan \u015f\u00f6yle devaem etti;<br \/>\n\u201cBizim devlet anlay\u0131\u015f\u0131m\u0131zda da millet anlay\u0131\u015f\u0131m\u0131zda da ya\u015fatmaya dayal\u0131 insan odakl\u0131 bir anlay\u0131\u015f s\u00f6z konusudur. Devlet ve Millet olarak bizim i\u00e7in aslolan insani de\u011ferlerin ya\u015fat\u0131lmas\u0131 ve d\u00fcnyada da genel olarak huzurun, bar\u0131\u015f\u0131n,karde\u015fli\u011fin, esenli\u011fin, hakim k\u0131l\u0131nmas\u0131d\u0131r. Say\u0131n B\u00fcy\u00fckel\u00e7i\u2019nin ifade etti\u011fi \u00fczere Moldova\u2019n\u0131n da bu anlay\u0131\u015fla hareket etti\u011fini bilmek \u00fclkelerimizin ili\u015fkilerini peki\u015ftirmektedir. Mersin Moldova Fahri Konsoloslu\u011fu\u2019nun kurulmas\u0131n\u0131n hem ilimizin hem de \u00fclkemizin Moldova ile olan diplomatik ve ekonomik ili\u015fkilere olumlu katk\u0131lar sa\u011flayaca\u011f\u0131na inan\u0131yoruz. Say\u0131n B\u00fcy\u00fckel\u00e7iye te\u015fekk\u00fcr ediyor, \u015fahs\u0131nda Moldova halk\u0131na Mersinli hem\u015ferilerimiz ad\u0131na selamlar\u0131m\u0131z\u0131,iyi dileklerimizi iletiyoruz.\u201d<\/p>\n<p>Moldova Cumhuriyeti Ankara B\u00fcy\u00fckel\u00e7isi Dmitri Croitor ve Moldova Cumhuriyeti Mersin Fahri Konsolosu Ufuk Maya da birer konu\u015fma ger\u00e7ekle\u015ftirdi, duygu ve d\u00fc\u015f\u00fcncelerini dile getirdi. Vali Pehlivan, B\u00fcy\u00fckel\u00e7isi Croitor ve Fahri Konsolos Maya ile birlikte Fahri Konsoloslu\u011fun temsili a\u00e7\u0131l\u0131\u015f\u0131 ger\u00e7ekle\u015ftirildi.<\/p>\n","protected":false},"excerpt":{"rendered":"<p>Mersin Valisi Ali Hamza Pehlivan, Moldova Cumhuriyeti Mersin Fahri Konsoloslu\u011fu\u2019nun a\u00e7\u0131l\u0131\u015f resepsiyonuna kat\u0131ld\u0131. Programa; Yeni\u015fehir Kaymakam\u0131 Nevzat \u015eeng\u00f6k, \u0130l Jandarma Komutan\u0131 Tu\u011fgeneral Ercan Atasoy, AK Parti \u0130l Ba\u015fkan\u0131 Adem Aldemir, Moldova Cumhuriyeti Ankara B\u00fcy\u00fckel\u00e7isi Dmitri Croitor, Mersin Fahri Konsolosu Ufuk Maya, kurumlar\u0131n,meslek kurulu\u015flar\u0131n\u0131n, STK\u2019lar\u0131n, i\u015f d\u00fcnyas\u0131 ve bas\u0131n\u0131n temsilcileri ve di\u011fer davetliler kat\u0131ld\u0131. \u0130ki \u00fclkenin [&hellip;]<\/p>\n","protected":false},"author":2,"featured_media":33144,"comment_status":"open","ping_status":"open","sticky":false,"template":"","format":"standard","meta":{"footnotes":""},"categories":[1,2,3],"tags":[],"class_list":["post-33143","post","type-post","status-publish","format-standard","has-post-thumbnail","hentry","category-genel","category-gundem","category-manset"],"views":6,"_links":{"self":[{"href":"https:\/\/mersinkadingazetesi.com\/index.php?rest_route=\/wp\/v2\/posts\/33143"}],"collection":[{"href":"https:\/\/mersinkadingazetesi.com\/index.php?rest_route=\/wp\/v2\/posts"}],"about":[{"href":"https:\/\/mersinkadingazetesi.com\/index.php?rest_route=\/wp\/v2\/types\/post"}],"author":[{"embeddable":true,"href":"https:\/\/mersinkadingazetesi.com\/index.php?rest_route=\/wp\/v2\/users\/2"}],"replies":[{"embeddable":true,"href":"https:\/\/mersinkadingazetesi.com\/index.php?rest_route=%2Fwp%2Fv2%2Fcomments&post=33143"}],"version-history":[{"count":0,"href":"https:\/\/mersinkadingazetesi.com\/index.php?rest_route=\/wp\/v2\/posts\/33143\/revisions"}],"wp:featuredmedia":[{"embeddable":true,"href":"https:\/\/mersinkadingazetesi.com\/index.php?rest_route=\/wp\/v2\/media\/33144"}],"wp:attachment":[{"href":"https:\/\/mersinkadingazetesi.com\/index.php?rest_route=%2Fwp%2Fv2%2Fmedia&parent=33143"}],"wp:term":[{"taxonomy":"category","embeddable":true,"href":"https:\/\/mersinkadingazetesi.com\/index.php?rest_route=%2Fwp%2Fv2%2Fcategories&post=33143"},{"taxonomy":"post_tag","embeddable":true,"href":"https:\/\/mersinkadingazetesi.com\/index.php?rest_route=%2Fwp%2Fv2%2Ftags&post=33143"}],"curies":[{"name":"wp","href":"https:\/\/api.w.org\/{rel}","templated":true}]}}