{"id":33180,"date":"2024-06-10T12:33:57","date_gmt":"2024-06-10T09:33:57","guid":{"rendered":"http:\/\/mersinkadingazetesi.com\/?p=33180"},"modified":"2024-06-10T12:33:57","modified_gmt":"2024-06-10T09:33:57","slug":"halkkent-emekli-evi-uyeleri-darisekisi-ornek-koyunu-gezdi","status":"publish","type":"post","link":"https:\/\/mersinkadingazetesi.com\/?p=33180","title":{"rendered":"HALKKENT EMEKL\u0130 EV\u0130 \u00dcYELER\u0130 DARISEK\u0130S\u0130 \u00d6RNEK K\u00d6Y\u00dc&#8217;N\u00dc GEZD\u0130"},"content":{"rendered":"<p>Mersin B\u00fcy\u00fck\u015fehir Belediyesi Sosyal Hizmetler Dairesi b\u00fcnyesinde faaliyetlerini y\u00fcr\u00fcten Emekli Evleri, ya\u015f alm\u0131\u015f yurtta\u015flar\u0131n ikinci baharlar\u0131n\u0131 daha sosyal ve aktif ge\u00e7irmelerini sa\u011fl\u0131yor. Halkkent Sosyal Ya\u015fam Merkezi b\u00fcnyesinde yer alan Emekli Evi \u00fcyeleri, bu kapsamda Dar\u0131sekisi \u00d6rnek K\u00f6y\u00fc&#8217;n\u00fc gezdi.<\/p>\n<p>Dar\u0131sekisi \u00d6rnek K\u00f6y\u00fc&#8217;nde g\u00fczel havan\u0131n tad\u0131n\u0131 \u00e7\u0131karan emekliler hem y\u00fcr\u00fcy\u00fc\u015f yapt\u0131, hem de birlikte yemek yedi. Ortanca Sokak&#8217;ta dola\u015fan ve rengarenk evlerin \u00f6n\u00fcnde hat\u0131ra foto\u011fraf\u0131 \u00e7ektiren emekliler, hep birlikte e\u011flenmenin de tad\u0131n\u0131 \u00e7\u0131kard\u0131. Hem hareket etme hem de sosyalle\u015fme imkan\u0131 bulan kat\u0131l\u0131mc\u0131lara, Sa\u011fl\u0131k Dairesi personeli de e\u015flik ederek \u015feker ve tansiyon \u00f6l\u00e7\u00fcm\u00fc yapt\u0131.<\/p>\n<p>Yeter: &#8220;Temel hedefimiz oturan de\u011fil, hareket eden bir emeklilik s\u00fcreci&#8221;<\/p>\n<p>B\u00fcy\u00fck\u015fehir Belediyesi Halkkent Emekli Evi Sorumlusu \u00c7a\u011fda\u015f Yeter, emeklilerin daha sosyal ve daha aktif olmas\u0131 i\u00e7in bu t\u00fcr geziler d\u00fczenlemeye devam edeceklerini anlatarak, &#8220;Mersin B\u00fcy\u00fck\u015fehir Belediyesi Halkkent Emekli Evi olarak, emekliler aras\u0131nda birlik beraberli\u011fi g\u00fc\u00e7lendirmek ve onlara hareket kazand\u0131rmak amac\u0131yla, \u015fehrimizin g\u00f6r\u00fclmeye de\u011fer yerlerinden biri olan Dar\u0131sekisi \u00d6rnek K\u00f6y\u00fc ve Ayvagedi\u011fi Yaylas\u0131&#8217;na gezi d\u00fczenledik.  Temel hedefimiz oturan de\u011fil, hareket eden bir emeklilik s\u00fcreci. Daha sosyal ve daha hareketli bir ya\u015fam i\u00e7in, emekli t\u00fcm vatanda\u015flar\u0131m\u0131z\u0131 Emekli Evi&#8217;ne bekliyoruz. Bu etkinlikle beraber, yaz gezilerinin de a\u00e7\u0131l\u0131\u015f\u0131n\u0131 yapm\u0131\u015f olduk&#8221; ifadelerine yer verdi.<\/p>\n<p>\u0130kinci baharlar\u0131n\u0131 ya\u015fayan emekliler, B\u00fcy\u00fck\u015fehir&#8217;in etkinliklerinden \u00e7ok memnun<\/p>\n<p>Halkkent Emekli Evi \u00fcyelerinden Ayten K\u00fc\u00e7\u00fckda\u011f, &#8220;G\u00fcn\u00fcm\u00fcz \u00e7ok g\u00fczel ve e\u011flenceli ge\u00e7ti. Yeme\u011fimizi yedik, \u00e7aylar\u0131m\u0131z\u0131 i\u00e7tik. Emekli Evi, bizim i\u00e7in bulunmaz bir nimet. B\u00f6yle bir yer a\u00e7t\u0131klar\u0131 i\u00e7in \u00e7ok te\u015fekk\u00fcr ederiz&#8221; dedi.<\/p>\n<p>B\u00fcy\u00fck\u015fehir sayesinde \u00e7ok g\u00fczel bir g\u00fcn ge\u00e7irdi\u011fini s\u00f6yleyen Fatma T\u00fcrk, &#8220;Vahap Ba\u015fkan\u0131m\u0131za \u00e7ok te\u015fekk\u00fcr ediyorum. Burada gezince kendimi \u0130zmir \u015eirince, S\u00f6ke, Marmaris gibi turistik alanlarda hissettim. Bize her t\u00fcrl\u00fc imkan\u0131 sa\u011fl\u0131yorlar&#8221; diye konu\u015ftu.<\/p>\n<p>Do\u011fada vakit ge\u00e7irmeyi \u00e7ok sevdi\u011fini ifade eden Sabri Saray, &#8220;Bug\u00fcn Dar\u0131sekisi K\u00f6y\u00fc&#8217;nde geziyoruz, e\u011fleniyoruz. Arkada\u015flarla bol bol vakit ge\u00e7iriyoruz. \u00c7ok g\u00fczel, harika olmu\u015f. Do\u011fada y\u00fcr\u00fcmek \u00e7ok g\u00fczel&#8221; ifadelerine yer verdi.<\/p>\n<p>B\u00fcy\u00fck\u015fehir Belediyesi taraf\u0131ndan d\u00fczenlenen bir\u00e7ok geziye kat\u0131ld\u0131\u011f\u0131n\u0131 s\u00f6yleyen H\u00fcseyin G\u00fcler, &#8220;Her zaman i\u00e7in Vahap Se\u00e7er&#8217;e te\u015fekk\u00fcr ediyorum. Bize ya\u015fl\u0131l\u0131\u011f\u0131m\u0131z\u0131 gerekti\u011fi gibi ya\u015fat\u0131yor. Ger\u00e7ekten sonbahar\u0131m\u0131z\u0131 ya\u015f\u0131yoruz. G\u00fczel havada oturduk ve e\u011fleniyoruz. Her t\u00fcrl\u00fc hizmet yap\u0131l\u0131yor&#8221; dedi.<\/p>\n<p>Peruze Berki ise, &#8220;Do\u011fayla i\u00e7 i\u00e7e olmak o kadar g\u00fczel ki. \u00c7ok mutlu oldum. Yemeklerimizi yedik, \u00e7aylar\u0131m\u0131z\u0131 i\u00e7tik, oyunlar\u0131m\u0131z\u0131 oynad\u0131k. Ba\u015fkan\u0131m\u0131z Vahap Bey&#8217;e, bize sundu\u011fu katk\u0131lardan dolay\u0131 \u00e7ok te\u015fekk\u00fcr ediyoruz. Bu gezilerin devam\u0131n\u0131 dileriz&#8221; diye konu\u015ftu.<\/p>\n","protected":false},"excerpt":{"rendered":"<p>Mersin B\u00fcy\u00fck\u015fehir Belediyesi Sosyal Hizmetler Dairesi b\u00fcnyesinde faaliyetlerini y\u00fcr\u00fcten Emekli Evleri, ya\u015f alm\u0131\u015f yurtta\u015flar\u0131n ikinci baharlar\u0131n\u0131 daha sosyal ve aktif ge\u00e7irmelerini sa\u011fl\u0131yor. Halkkent Sosyal Ya\u015fam Merkezi b\u00fcnyesinde yer alan Emekli Evi \u00fcyeleri, bu kapsamda Dar\u0131sekisi \u00d6rnek K\u00f6y\u00fc&#8217;n\u00fc gezdi. Dar\u0131sekisi \u00d6rnek K\u00f6y\u00fc&#8217;nde g\u00fczel havan\u0131n tad\u0131n\u0131 \u00e7\u0131karan emekliler hem y\u00fcr\u00fcy\u00fc\u015f yapt\u0131, hem de birlikte yemek yedi. Ortanca [&hellip;]<\/p>\n","protected":false},"author":2,"featured_media":33181,"comment_status":"open","ping_status":"open","sticky":false,"template":"","format":"standard","meta":{"footnotes":""},"categories":[1,2,3,5],"tags":[],"class_list":["post-33180","post","type-post","status-publish","format-standard","has-post-thumbnail","hentry","category-genel","category-gundem","category-manset","category-mersin"],"views":20,"_links":{"self":[{"href":"https:\/\/mersinkadingazetesi.com\/index.php?rest_route=\/wp\/v2\/posts\/33180"}],"collection":[{"href":"https:\/\/mersinkadingazetesi.com\/index.php?rest_route=\/wp\/v2\/posts"}],"about":[{"href":"https:\/\/mersinkadingazetesi.com\/index.php?rest_route=\/wp\/v2\/types\/post"}],"author":[{"embeddable":true,"href":"https:\/\/mersinkadingazetesi.com\/index.php?rest_route=\/wp\/v2\/users\/2"}],"replies":[{"embeddable":true,"href":"https:\/\/mersinkadingazetesi.com\/index.php?rest_route=%2Fwp%2Fv2%2Fcomments&post=33180"}],"version-history":[{"count":0,"href":"https:\/\/mersinkadingazetesi.com\/index.php?rest_route=\/wp\/v2\/posts\/33180\/revisions"}],"wp:featuredmedia":[{"embeddable":true,"href":"https:\/\/mersinkadingazetesi.com\/index.php?rest_route=\/wp\/v2\/media\/33181"}],"wp:attachment":[{"href":"https:\/\/mersinkadingazetesi.com\/index.php?rest_route=%2Fwp%2Fv2%2Fmedia&parent=33180"}],"wp:term":[{"taxonomy":"category","embeddable":true,"href":"https:\/\/mersinkadingazetesi.com\/index.php?rest_route=%2Fwp%2Fv2%2Fcategories&post=33180"},{"taxonomy":"post_tag","embeddable":true,"href":"https:\/\/mersinkadingazetesi.com\/index.php?rest_route=%2Fwp%2Fv2%2Ftags&post=33180"}],"curies":[{"name":"wp","href":"https:\/\/api.w.org\/{rel}","templated":true}]}}