{"id":33183,"date":"2024-06-10T12:35:38","date_gmt":"2024-06-10T09:35:38","guid":{"rendered":"http:\/\/mersinkadingazetesi.com\/?p=33183"},"modified":"2024-06-10T12:35:38","modified_gmt":"2024-06-10T09:35:38","slug":"deva-partili-ekmen-sordu-turk-vatandaslarindan-israil-ordusunda-gazze-refah-soykirim-harekatina-katilan-kisiler-tespit-edilmis-midir","status":"publish","type":"post","link":"https:\/\/mersinkadingazetesi.com\/?p=33183","title":{"rendered":"DEVA Partili Ekmen Sordu: \u201cT\u00fcrk vatanda\u015flar\u0131ndan \u0130srail ordusunda Gazze-Refah soyk\u0131r\u0131m harek\u00e2t\u0131na kat\u0131lan ki\u015filer tespit edilmi\u015f midir?\u201d"},"content":{"rendered":"<p>DEVA Partisi Genel Ba\u015fkan Yard\u0131mc\u0131s\u0131 Mehmet Emin Ekmen, T\u00fcrkiye Cumhuriyeti vatanda\u015flar\u0131n\u0131n Filistin\u2019e sald\u0131ran \u0130srail ordusunda g\u00f6rev ald\u0131\u011f\u0131na dair haberler \u00fczerine, TBMM Genel Kurulu\u2019nda Milli Savunma Komisyonu Ba\u015fkan\u0131 Say\u0131n Hulusi Akar\u2019a konuyla ilgili dikkat \u00e7ekici sorular y\u00f6neltti ve ard\u0131ndan da bu vatanda\u015flarla ilgili \u0130\u00e7i\u015fleri Bakan\u0131 Say\u0131n Ali Yerlikaya\u2019ya yaz\u0131l\u0131 soru \u00f6nergesi verdi.<\/p>\n<p>\u201c\u0130srail hi\u00e7bir hukuki, ahlaki, siyasi ve insani kural tan\u0131madan Gazze-Refah hatt\u0131nda b\u00fcy\u00fck bir soyk\u0131r\u0131m y\u00fcr\u00fctmektedir\u201d<\/p>\n<p>\u0130srail\u2019in Gazze-Refah hatt\u0131nda b\u00fcy\u00fck bir soyk\u0131r\u0131m yapt\u0131\u011f\u0131n\u0131 belirten Milletvekili Ekmen, \u00fclkemiz vatanda\u015flar\u0131n\u0131n bu soyk\u0131r\u0131mda yer al\u0131p almad\u0131\u011f\u0131na dair sorular\u0131n\u0131 \u015fu s\u00f6zlerle ifade etti:<\/p>\n<p>Say\u0131n Ba\u015fkan\u0131m, hepimizin bildi\u011fi gibi \u0130srail hi\u00e7bir hukuki, ahlaki, siyasi ve insani kural tan\u0131madan Gazze-Refah hatt\u0131nda b\u00fcy\u00fck bir soyk\u0131r\u0131m y\u00fcr\u00fctmektedir. Bas\u0131nda yer alan bir\u00e7ok habere g\u00f6re bu soyk\u0131r\u0131ma farkl\u0131 devletlerin vatanda\u015f\u0131 olan \u0130srail askerleri de kat\u0131lmaktad\u0131r. Say\u0131n Hulusi Akar&#8217;\u0131n Genelkurmayda bir\u00e7ok kademede yapt\u0131\u011f\u0131 g\u00f6rev ve Mill\u00ee Savunma Bakanl\u0131\u011f\u0131 tecr\u00fcbesiyle bu soruyu cevaplamas\u0131n\u0131 dilerim. Bizim vatanda\u015f\u0131m\u0131z oldu\u011fu h\u00e2lde ba\u015fka \u00fclke \u00e7ifte vatanda\u015fl\u0131\u011f\u0131yla ba\u015fka \u00fclkede aktif askerlik yapan vatanda\u015flar\u0131m\u0131z\u0131n tespitine dair bir \u00e7al\u0131\u015fma yap\u0131lm\u0131\u015f m\u0131d\u0131r? \u0130srail ordusunda \u00e7ifte vatanda\u015f olarak sava\u015fan T\u00fcrk vatanda\u015flar\u0131n\u0131n say\u0131s\u0131na dair elimizde bir veri var m\u0131d\u0131r? T\u00fcrk vatanda\u015flar\u0131ndan \u0130srail ordusunda asker olarak yaz\u0131lm\u0131\u015f olup Gazze-Refah soyk\u0131r\u0131m harek\u00e2t\u0131na kat\u0131lan ki\u015filer tespit edilmi\u015f midir? Tespit edilmi\u015f ise bunlara y\u00f6nelik adli ve idari olarak nas\u0131l bir s\u00fcre\u00e7 y\u00fcr\u00fct\u00fclmektedir?<\/p>\n<p>Ekmen, \u0130srail ad\u0131na sava\u015ft\u0131\u011f\u0131 iddia edilen \u00e7ifte vatanda\u015flar\u0131 Bakan Yerlikaya\u2019ya sordu<\/p>\n<p>\u201c\u0130srail\u2019in 7 Ekim 2023 tarihinden bu yana Gazze-refah hatt\u0131nda y\u00fcr\u00fctt\u00fc\u011f\u00fc operasyonlar\u0131n insanl\u0131\u011fa kar\u015f\u0131 i\u015flenen su\u00e7lardan oldu\u011fu, \u00e7ok say\u0131da sava\u015f su\u00e7u i\u015flendi\u011fi, bu su\u00e7lar\u0131n soyk\u0131r\u0131m olarak tan\u0131mlanmas\u0131 d\u00fcnyada bir\u00e7ok ki\u015fi ve hukuk\u00e7unun kabul\u00fcd\u00fcr.\u201d diyen Ekmen, Lahey Adalet Divan\u2019\u0131n\u0131n da bu durumu hukuki a\u00e7\u0131dan tespit etti\u011fine dikkat \u00e7ekti. <\/p>\n<p>Cumhurba\u015fkan\u0131 Say\u0131n Recep Tayyip Erdo\u011fan\u2019\u0131n \u0130srail\u2019in sald\u0131r\u0131lar\u0131n\u0131 ter\u00f6r sald\u0131r\u0131lar\u0131, \u0130srail devletini bir ter\u00f6r devleti olarak nitelendirdi\u011fini hat\u0131rlatan Ekmen, bu sald\u0131r\u0131lar\u0131n \u0130srail ordusu taraf\u0131ndan yap\u0131ld\u0131\u011f\u0131n\u0131 ve bu orduya kat\u0131labilmek i\u00e7in de \u0130srail vatanda\u015f\u0131 olmak gerekti\u011fini belirterek sosyal medyada hem T\u00fcrkiye hem de \u0130srail vatanda\u015f\u0131 olan baz\u0131 kimselerin Filistin\u2019e y\u00f6nelik sald\u0131r\u0131larda yer ald\u0131\u011f\u0131na dair payla\u015f\u0131mlar yapt\u0131\u011f\u0131n\u0131 ifade etti. <\/p>\n<p>Milletvekili Ekmen, konunun a\u00e7\u0131kl\u0131\u011fa kavu\u015fturulmas\u0131 i\u00e7in \u0130\u00e7i\u015fleri Bakan\u0131 Say\u0131n Ali Yerlikaya\u2019ya bu ba\u011flamda \u015fu sorular\u0131 yaz\u0131l\u0131 olarak sordu:<\/p>\n<p>T\u00fcrkiye Cumhuriyeti vatanda\u015flar\u0131 aras\u0131nda, do\u011fum yoluyla T\u00fcrk vatanda\u015f\u0131 olup sonradan ba\u015fka bir \u00fclkenin vatanda\u015fl\u0131\u011f\u0131n\u0131 kazanan (\u00c7ifte vatanda\u015f) ka\u00e7 ki\u015fi vard\u0131r?<br \/>\n\u00c7ifte vatanda\u015fl\u0131k yoluyla \u0130srail vatanda\u015fl\u0131\u011f\u0131n\u0131 kazanm\u0131\u015f ka\u00e7 T\u00fcrk vatanda\u015f\u0131 vard\u0131r? Bunlar\u0131n tamam\u0131 izin alarak m\u0131, vatanda\u015fl\u0131\u011f\u0131 kazanm\u0131\u015flard\u0131r?<br \/>\n\u2060\u0130srail ordusunda g\u00f6rev alan T\u00fcrk vatanda\u015flar\u0131n\u0131n say\u0131s\u0131 ka\u00e7t\u0131r veya ka\u00e7\u0131 tespit edilebilmi\u015ftir?<br \/>\n\u2060Bu ki\u015filerin 7 Ekim 2023\u2019te ba\u015flayan ve soyk\u0131r\u0131m olarak kabul edilen Gazze-Refah harek\u00e2t\u0131na kat\u0131l\u0131p kat\u0131lmad\u0131klar\u0131 takip edilmekte midir? Edilmekte ise ka\u00e7 ki\u015fi bu su\u00e7a i\u015ftirak etmi\u015ftir?<br \/>\nTespit edilenler hakk\u0131nda adli- idari y\u00fcr\u00fct\u00fclen bir s\u00fcre\u00e7 var m\u0131d\u0131r?<br \/>\nHaklar\u0131nda adli ve idari bir s\u00fcre\u00e7 ba\u015flamad\u0131ysa, bununla alakal\u0131 bir \u00e7al\u0131\u015fma mevcut mudur?<\/p>\n","protected":false},"excerpt":{"rendered":"<p>DEVA Partisi Genel Ba\u015fkan Yard\u0131mc\u0131s\u0131 Mehmet Emin Ekmen, T\u00fcrkiye Cumhuriyeti vatanda\u015flar\u0131n\u0131n Filistin\u2019e sald\u0131ran \u0130srail ordusunda g\u00f6rev ald\u0131\u011f\u0131na dair haberler \u00fczerine, TBMM Genel Kurulu\u2019nda Milli Savunma Komisyonu Ba\u015fkan\u0131 Say\u0131n Hulusi Akar\u2019a konuyla ilgili dikkat \u00e7ekici sorular y\u00f6neltti ve ard\u0131ndan da bu vatanda\u015flarla ilgili \u0130\u00e7i\u015fleri Bakan\u0131 Say\u0131n Ali Yerlikaya\u2019ya yaz\u0131l\u0131 soru \u00f6nergesi verdi. \u201c\u0130srail hi\u00e7bir hukuki, ahlaki, [&hellip;]<\/p>\n","protected":false},"author":2,"featured_media":32174,"comment_status":"open","ping_status":"open","sticky":false,"template":"","format":"standard","meta":{"footnotes":""},"categories":[2,3],"tags":[],"class_list":["post-33183","post","type-post","status-publish","format-standard","has-post-thumbnail","hentry","category-gundem","category-manset"],"views":8,"_links":{"self":[{"href":"https:\/\/mersinkadingazetesi.com\/index.php?rest_route=\/wp\/v2\/posts\/33183"}],"collection":[{"href":"https:\/\/mersinkadingazetesi.com\/index.php?rest_route=\/wp\/v2\/posts"}],"about":[{"href":"https:\/\/mersinkadingazetesi.com\/index.php?rest_route=\/wp\/v2\/types\/post"}],"author":[{"embeddable":true,"href":"https:\/\/mersinkadingazetesi.com\/index.php?rest_route=\/wp\/v2\/users\/2"}],"replies":[{"embeddable":true,"href":"https:\/\/mersinkadingazetesi.com\/index.php?rest_route=%2Fwp%2Fv2%2Fcomments&post=33183"}],"version-history":[{"count":0,"href":"https:\/\/mersinkadingazetesi.com\/index.php?rest_route=\/wp\/v2\/posts\/33183\/revisions"}],"wp:featuredmedia":[{"embeddable":true,"href":"https:\/\/mersinkadingazetesi.com\/index.php?rest_route=\/wp\/v2\/media\/32174"}],"wp:attachment":[{"href":"https:\/\/mersinkadingazetesi.com\/index.php?rest_route=%2Fwp%2Fv2%2Fmedia&parent=33183"}],"wp:term":[{"taxonomy":"category","embeddable":true,"href":"https:\/\/mersinkadingazetesi.com\/index.php?rest_route=%2Fwp%2Fv2%2Fcategories&post=33183"},{"taxonomy":"post_tag","embeddable":true,"href":"https:\/\/mersinkadingazetesi.com\/index.php?rest_route=%2Fwp%2Fv2%2Ftags&post=33183"}],"curies":[{"name":"wp","href":"https:\/\/api.w.org\/{rel}","templated":true}]}}