{"id":33323,"date":"2024-06-14T10:14:47","date_gmt":"2024-06-14T07:14:47","guid":{"rendered":"http:\/\/mersinkadingazetesi.com\/?p=33323"},"modified":"2024-06-14T10:14:47","modified_gmt":"2024-06-14T07:14:47","slug":"milletvekili-uysal-kurban-bayramini-kutladi","status":"publish","type":"post","link":"https:\/\/mersinkadingazetesi.com\/?p=33323","title":{"rendered":"M\u0130LLETVEK\u0130L\u0130 UYSAL, KURBAN BAYRAMI\u2019NI KUTLADI"},"content":{"rendered":"<p>Milliyet\u00e7i Hareket Partisi Mersin Milletvekili ve MYK \u00dcyesi Dr. Levent Uysal, Kurban Bayram\u0131 vesilesiyle mesaj yay\u0131mlad\u0131.<br \/>\nMilletvekili Uysal mesaj\u0131nda \u015fu ifadelere yer verdi;<br \/>\n\u201c\u00c7ocukluktan bu zamana kadar d\u00f6rt g\u00f6zle bekledi\u011fimiz g\u00fcnlerdir bayramlar. Sab\u0131rs\u0131zl\u0131kla sabah olmas\u0131n\u0131 bekler, b\u00fcy\u00fcklerimizin elini \u00f6pmeye giderdik. Kurban Bayram\u0131\u2019nda yard\u0131mla\u015fma ve dayan\u0131\u015fman\u0131n en g\u00fczel \u00f6rnekleri sergileniyor, millet\u00e7e kenetleniyoruz, huzuru ve heyecan\u0131 hep birlikte ya\u015f\u0131yoruz. Bayram\u0131n sevincini, arkada\u015flar\u0131m\u0131zla, akrabalar\u0131m\u0131zla, dostlar\u0131m\u0131zla, \u00f6zel bireylerimizle birlikte payla\u015faca\u011f\u0131z. \u0130nsan\u0131 insan yapan de\u011ferlerin ve erdemlerin yo\u011fun olarak ya\u015fand\u0131\u011f\u0131 bu bayramda sa\u011flanacak ho\u015fg\u00f6r\u00fc ortam\u0131, birbirimize kenetlenmemizi sa\u011fl\u0131yor. Kurban Bayram\u0131\u2019n\u0131n 9 g\u00fcn olmas\u0131 sebebiyle pek \u00e7ok vatanda\u015f\u0131m\u0131z farkl\u0131 \u015fehirlere seyahat edecekler. Bayramda yola \u00e7\u0131kacak olan vatanda\u015flar\u0131m\u0131z\u0131n trafik kurallar\u0131na uymalar\u0131n\u0131 rica ediyoruz. Kurallara uyal\u0131m ki bayram sevincinin yerini h\u00fcz\u00fcn almas\u0131n. T\u00fcm emniyet, g\u00fcvenlik g\u00fc\u00e7lerimiz ve kolluk kuvvetlerimiz, sa\u011fl\u0131k \u00e7al\u0131\u015fanlar\u0131m\u0131z \u00fclkemizin huzurunu korumak i\u00e7in bayram boyunca mesaide olacak. T\u00fcrkiye Cumhuriyeti o kadar b\u00fcy\u00fck bir devlet ki; her bayram\u0131 sorunsuz ya\u015f\u0131yoruz. Filistin\u2019de binlerce aile yok oldu ve bir bayram\u0131 daha g\u00f6remeyecekler. T\u00fcrkiye Cumhuriyeti Devleti olarak yard\u0131m elimizi mazlumlar\u0131n \u00fczerinden \u00e7ekmeyece\u011fiz. Bayram t\u00fcm d\u00fcnyam\u0131za bar\u0131\u015f ve huzur getirsin. T\u00fcm T\u00fcrk \u0130slam aleminin Kurban Bayram\u0131\u2019n\u0131 en i\u00e7ten dileklerimle kutluyorum.\u201d<\/p>\n","protected":false},"excerpt":{"rendered":"<p>Milliyet\u00e7i Hareket Partisi Mersin Milletvekili ve MYK \u00dcyesi Dr. Levent Uysal, Kurban Bayram\u0131 vesilesiyle mesaj yay\u0131mlad\u0131. Milletvekili Uysal mesaj\u0131nda \u015fu ifadelere yer verdi; \u201c\u00c7ocukluktan bu zamana kadar d\u00f6rt g\u00f6zle bekledi\u011fimiz g\u00fcnlerdir bayramlar. Sab\u0131rs\u0131zl\u0131kla sabah olmas\u0131n\u0131 bekler, b\u00fcy\u00fcklerimizin elini \u00f6pmeye giderdik. Kurban Bayram\u0131\u2019nda yard\u0131mla\u015fma ve dayan\u0131\u015fman\u0131n en g\u00fczel \u00f6rnekleri sergileniyor, millet\u00e7e kenetleniyoruz, huzuru ve heyecan\u0131 hep [&hellip;]<\/p>\n","protected":false},"author":2,"featured_media":33325,"comment_status":"open","ping_status":"open","sticky":false,"template":"","format":"standard","meta":{"footnotes":""},"categories":[2,3],"tags":[],"class_list":["post-33323","post","type-post","status-publish","format-standard","has-post-thumbnail","hentry","category-gundem","category-manset"],"views":2,"_links":{"self":[{"href":"https:\/\/mersinkadingazetesi.com\/index.php?rest_route=\/wp\/v2\/posts\/33323"}],"collection":[{"href":"https:\/\/mersinkadingazetesi.com\/index.php?rest_route=\/wp\/v2\/posts"}],"about":[{"href":"https:\/\/mersinkadingazetesi.com\/index.php?rest_route=\/wp\/v2\/types\/post"}],"author":[{"embeddable":true,"href":"https:\/\/mersinkadingazetesi.com\/index.php?rest_route=\/wp\/v2\/users\/2"}],"replies":[{"embeddable":true,"href":"https:\/\/mersinkadingazetesi.com\/index.php?rest_route=%2Fwp%2Fv2%2Fcomments&post=33323"}],"version-history":[{"count":0,"href":"https:\/\/mersinkadingazetesi.com\/index.php?rest_route=\/wp\/v2\/posts\/33323\/revisions"}],"wp:featuredmedia":[{"embeddable":true,"href":"https:\/\/mersinkadingazetesi.com\/index.php?rest_route=\/wp\/v2\/media\/33325"}],"wp:attachment":[{"href":"https:\/\/mersinkadingazetesi.com\/index.php?rest_route=%2Fwp%2Fv2%2Fmedia&parent=33323"}],"wp:term":[{"taxonomy":"category","embeddable":true,"href":"https:\/\/mersinkadingazetesi.com\/index.php?rest_route=%2Fwp%2Fv2%2Fcategories&post=33323"},{"taxonomy":"post_tag","embeddable":true,"href":"https:\/\/mersinkadingazetesi.com\/index.php?rest_route=%2Fwp%2Fv2%2Ftags&post=33323"}],"curies":[{"name":"wp","href":"https:\/\/api.w.org\/{rel}","templated":true}]}}