{"id":33364,"date":"2024-06-16T10:02:46","date_gmt":"2024-06-16T07:02:46","guid":{"rendered":"http:\/\/mersinkadingazetesi.com\/?p=33364"},"modified":"2024-06-16T10:02:46","modified_gmt":"2024-06-16T07:02:46","slug":"2025-2029-stratejik-plani-ile-mersin-sporun-kenti-olmaya-devam-edecek","status":"publish","type":"post","link":"https:\/\/mersinkadingazetesi.com\/?p=33364","title":{"rendered":"2025-2029 STRATEJ\u0130K PLANI \u0130LE MERS\u0130N SPORUN KENT\u0130 OLMAYA DEVAM EDECEK"},"content":{"rendered":"<p>Mersin B\u00fcy\u00fck\u015fehir Belediyesi Gen\u00e7lik ve Spor Hizmetleri Dairesi&#8217;nin &#8216;Gen\u00e7lik ve Spor Strateji \u00c7al\u0131\u015ftay\u0131&#8217; ger\u00e7ekle\u015ftirildi. Mersin&#8217;de 7&#8217;den 70&#8217;e herkesi harekete te\u015fvik edecek projelerden, spor festivallerine, spor kurslar\u0131ndan turnuvalara kadar bir\u00e7ok etkinlikle 2019&#8217;dan bu yana sporu kente yayan Mersin B\u00fcy\u00fck\u015fehir, yeni hizmet d\u00f6neminde de Mersin&#8217;i sporun kenti yapmay\u0131 s\u00fcrd\u00fcrecek.<\/p>\n<p>&#8216;Gen\u00e7lik ve Spor Strateji \u00c7al\u0131\u015ftay\u0131&#8217;na B\u00fcy\u00fck\u015fehir Belediyesi Gen\u00e7lik ve Spor Hizmetleri Dairesi Ba\u015fkan\u0131 Emrullah Ta\u015fk\u0131n, Gen\u00e7lik ve Spor Hizmetleri Dairesi&#8217;nin ilgili m\u00fcd\u00fcrleri ve personeli, B\u00fcy\u00fck\u015fehir Belediyesi&#8217;nin birimlerinden temsilciler, il\u00e7e belediyeler, akademisyenler, \u00f6\u011frenciler, spor alan\u0131nda \u00e7al\u0131\u015fmalar yapan \u00f6zel ve resmi kurumlar ile STK ve Oda temsilcileri bir araya geldi.<\/p>\n<p>&#8216;Spor Turizmi&#8217;, &#8216;Spor Tesisleri&#8217;, &#8216;Kad\u0131n ve Spor&#8217;, &#8216;K\u00fclt\u00fcr, Sanat ve Spor&#8217;, &#8216;Nitelikli E\u011fitim ve \u0130stihdam&#8217;, &#8216;Ba\u011f\u0131ml\u0131l\u0131k&#8217;, &#8216;Dezavantajl\u0131 Gruplar&#8217; masalar\u0131n\u0131n olu\u015fturuldu\u011fu \u00e7al\u0131\u015ftayda; B\u00fcy\u00fck\u015fehir&#8217;in \u015fimdiye kadar hayata ge\u00e7irdi\u011fi spor projeleri de\u011ferlendirilirken, B\u00fcy\u00fck\u015fehir ve ilgili kurumlar aras\u0131nda proje planlamas\u0131 yap\u0131larak, 2025-2029 Strateji Plan\u0131&#8217;na dahil olacak spor hizmetleri \u00e7al\u0131\u015fmalar\u0131na dair \u00f6neriler al\u0131nd\u0131 ve masa raporlar\u0131 sunuldu.<\/p>\n<p>Ta\u015fk\u0131n: &#8220;Buradan \u00e7\u0131kacak fikirler bizi y\u00f6nlendirecek&#8221;<\/p>\n<p>B\u00fcy\u00fck\u015fehir Belediyesi Gen\u00e7lik ve Spor Hizmetleri Dairesi Ba\u015fkan\u0131 Emrullah Ta\u015fk\u0131n, \u00e7ok geni\u015f kat\u0131l\u0131ml\u0131 bir \u00e7al\u0131\u015ftay ger\u00e7ekle\u015ftirdiklerini anlatarak, &#8220;Buradan \u00e7\u0131kacak fikirler bizi y\u00f6nlendirecek. Bu fikirleri Stratejik Plan\u0131m\u0131za koyup, yapmaya \u00e7al\u0131\u015faca\u011f\u0131z. Turizmde en \u00f6nemli konulardan biri spor turizmi. B\u00fct\u00fcn d\u00fcnyada spor turizmi \u00e7ok fazla \u00f6n planda. D\u00fcnya genelinde bakt\u0131\u011f\u0131m\u0131z zaman turizmden spor turizminin ald\u0131\u011f\u0131 pay y\u00fczde 30 civar\u0131. B\u00fcy\u00fck organizasyon etkinlikleri yapan \u00fclkeler turizm gelirleri i\u00e7erisinde spor turizmini birinci s\u0131raya koyuyorlar ki bu da \u00e7ok do\u011fru bir yakla\u015f\u0131m. Biz de kentimizi spor turizmi alan\u0131nda y\u00fckseltebilece\u011fimiz kadar y\u00fckselmemiz gerekiyor&#8221; dedi.<\/p>\n<p>T\u00fcrkiye&#8217;nin spor turizmi alan\u0131nda en \u00f6nemli kentlerinden birinin Mersin olaca\u011f\u0131n\u0131 s\u00f6zlerine ekleyen Ta\u015fk\u0131n, &#8220;Bunun i\u00e7in vatanda\u015f\u0131m\u0131z\u0131n her kesimine dokunmaya \u00e7al\u0131\u015f\u0131yoruz. K\u00fc\u00e7\u00fck \u00e7ocuklardan, ya\u015f alm\u0131\u015flara kadar herkese spor yapt\u0131r\u0131p spor bilincini a\u015f\u0131lamaya \u00e7al\u0131\u015f\u0131yoruz. Ayn\u0131 zamanda \u00e7ok b\u00fcy\u00fck organizasyonlar\u0131m\u0131z var. Mersin Maratonu, Kilikya Ultra Maratonu, Tarsus Maratonu, Tour of Mersin gibi b\u00fcy\u00fck organizasyonlar\u0131m\u0131z var. B\u00f6yle g\u00fczel \u00e7al\u0131\u015fmalar yap\u0131yoruz. Hedefimiz bu \u00e7al\u0131\u015ftaydan \u00e7\u0131kan fikirleri de alarak daha geni\u015f kapsaml\u0131 \u00e7al\u0131\u015fmalar yapmak&#8221; diye konu\u015ftu.  <\/p>\n<p>Y\u0131ld\u0131zbakan: &#8220;Spor ad\u0131na yap\u0131lan her \u015feyi biz takdirle kar\u015f\u0131l\u0131yoruz&#8221;<\/p>\n<p>Mersin Gen\u00e7lik ve Spor \u0130l M\u00fcd\u00fcrl\u00fc\u011f\u00fc, Spor Hizmetleri M\u00fcd\u00fcr\u00fc Osman Y\u0131ld\u0131zbakan, &#8220;Spor ad\u0131na yap\u0131lan her \u015feyi biz takdirle kar\u015f\u0131l\u0131yoruz. Mersin B\u00fcy\u00fck\u015fehir Belediyesi&#8217;nin de b\u00f6yle bir \u00e7al\u0131\u015ftay yapmas\u0131 spor ad\u0131na mutluluk verici bir durum. Gen\u00e7lik Spor \u0130l M\u00fcd\u00fcrl\u00fc\u011f\u00fc olarak da bizim yerel dinamiklerle \u00e7al\u0131\u015fmam\u0131z do\u011fald\u0131r. \u00c7\u00fcnk\u00fc burada biz Mersin&#8217;i temsil ediyoruz. B\u00fcy\u00fck\u015fehrimiz de Mersin&#8217;i temsil ediyor. Amac\u0131m\u0131z sporu yukar\u0131lara ta\u015f\u0131mak&#8221; dedi.<\/p>\n<p>&#8216;Spor Tesisleri&#8217; masas\u0131nda yer ald\u0131\u011f\u0131n\u0131 belirten Y\u0131ld\u0131zbakan, &#8220;Sporun temeli tesis \u00e7\u00fcnk\u00fc tesis ve malzeme olmadan spor yapmak m\u00fcmk\u00fcn de\u011fildir. Tesisler \u00fczerinde durduk. Mersin&#8217;de devaml\u0131 geli\u015fen ve \u00e7o\u011falan bir n\u00fcfus var. Bu n\u00fcfusun paralelinde de tesislerin nas\u0131l artt\u0131r\u0131laca\u011f\u0131, nas\u0131l daha verimli hale getirilece\u011fi konusunda fikir al\u0131\u015fveri\u015flerinde bulunduk. Yerel y\u00f6netimler, Bakanl\u0131k veya Valilik d\u00fczeyinde neler yap\u0131labilir bu konular\u0131 masaya yat\u0131rd\u0131k&#8221; ifadelerine yer verdi.<\/p>\n<p>Akarsu: &#8220;\u00d6n\u00fcm\u00fczdeki 5 y\u0131l i\u00e7in yap\u0131lacak \u00e7al\u0131\u015fmalarla ilgili \u00e7ok k\u0131ymetli fikir birlikleri var&#8221;<\/p>\n<p>Mersin \u00dcniversitesi Spor Bilimleri Fak\u00fcltesi, Ar\u015f. G\u00f6r. Dr. Gizem Akarsu, \u00e7ok farkl\u0131 bran\u015flarda bir\u00e7ok hoca ile bir arada olman\u0131n \u00e7ok k\u0131ymetli oldu\u011funu ve hem var olan projeler \u00fczerine hem de \u00f6nerilen projeler \u00fczerine konu\u015ftuklar\u0131n\u0131 belirterek, &#8220;\u00d6n\u00fcm\u00fczdeki 5 y\u0131l i\u00e7in yap\u0131lacak \u00e7al\u0131\u015fmalarla ilgili \u00e7ok k\u0131ymetli fikir birlikleri var. Bizim masam\u0131z &#8216;Kad\u0131n ve Spor&#8217;. Ger\u00e7ekten \u00e7ok k\u0131ymetli \u00e7al\u0131\u015fmalar var kad\u0131n ve spor konusunda. \u00d6zellikle savunma sporlar\u0131nda kurslar var, sabah sporlar\u0131 var. Bunun d\u0131\u015f\u0131nda kad\u0131nlarla ilgili yap\u0131lan etkinlikler var. Geli\u015ftirilmesi gereken k\u0131s\u0131mlar da var. Biz daha \u00e7ok tabii ki bunun \u00fczerinde duruyoruz. \u00d6zellikle y\u00fczme, yeni bir bran\u015f olan pickleball, savunma sporlar\u0131, pilates, yoga gibi farkl\u0131 bran\u015flarda etkinlikler yap\u0131lmas\u0131 gerekti\u011fini d\u00fc\u015f\u00fcn\u00fcyoruz. Jimnastik kurslar\u0131n\u0131n say\u0131s\u0131 art\u0131r\u0131labilir diye d\u00fc\u015f\u00fcn\u00fcyoruz. Bunlarla ilgili kurslar, etkinlikler, \u00fcniversite baz\u0131nda projeler neler yap\u0131labilir bunlar \u00fczerine konu\u015fuyoruz&#8221; dedi.<\/p>\n<p>Keskin: &#8220;Gen\u00e7lik ve spor odakl\u0131 bir \u00e7al\u0131\u015fma olmas\u0131 beni bir gen\u00e7 olarak mutlu etti&#8221;<\/p>\n<p>Kent Konseyi Gen\u00e7lik Meclisi temsilcisi Avukat Ba\u015fak Keskin, B\u00fcy\u00fck\u015fehir&#8217;in karar alma s\u00fcre\u00e7lerinde kat\u0131l\u0131mc\u0131l\u0131\u011f\u0131 \u00e7ok \u00f6nemsedi\u011fini belirterek,  &#8220;Gen\u00e7lik ve spor odakl\u0131 bir \u00e7al\u0131\u015fma olmas\u0131 beni bir gen\u00e7 olarak mutlu etti. Masam &#8216;Dezavantajl\u0131 Gruplar&#8217;d\u0131. Biz bu masada engelli ve g\u00f6\u00e7menler \u00fczerine daha fazla durduk. Bir\u00e7ok dezavantajl\u0131 grup hakk\u0131nda konu\u015ftuk ama en \u00e7ok benim de \u00f6nemsedi\u011fim konulardan biri; eri\u015filebilirlik. Engellilik \u00fczerine daha \u00e7ok konu\u015ftuk, g\u00f6\u00e7menlerle ilgili konu\u015ftuk. Bizim i\u00e7in \u00f6nemli olan \u015fey kapsay\u0131c\u0131l\u0131k, eri\u015filebilirlikti&#8221; diye konu\u015ftu.<\/p>\n<p>Akdeniz Do\u011fa ve Su Sporlar\u0131 Spor Kul\u00fcb\u00fc Ba\u015fkan\u0131 Fuat Arac\u0131 ise spor turizmi konusunda kentin ihtiya\u00e7lar\u0131, eksiklikleri yada yap\u0131lan i\u015flerin d\u00fczenlenmesi ile ilgili konularda konu\u015ftuklar\u0131n\u0131 anlatarak, &#8221; &#8216;Spor Turizmi&#8217; masas\u0131ndayd\u0131m. Yurtd\u0131\u015f\u0131ndan sporcular\u0131 nas\u0131l \u00e7ekebiliriz, festivalleri ve sporlar\u0131 i\u00e7 i\u00e7e nas\u0131l daha fazla entegre edebiliriz, y\u00f6resel olarak buradaki halka spor turizmi ile beraber nas\u0131l ekonomik katk\u0131da bulunabilece\u011fimizi konu\u015ftuk. En \u00f6nemli ana ba\u015fl\u0131klar\u0131m\u0131zdan biri buydu asl\u0131nda. Uluslararas\u0131 bir festival d\u00fczenleyip buradaki yerel halkla beraber sporu birle\u015ftirmek&#8221;  ifadelere yer verdi.  <\/p>\n","protected":false},"excerpt":{"rendered":"<p>Mersin B\u00fcy\u00fck\u015fehir Belediyesi Gen\u00e7lik ve Spor Hizmetleri Dairesi&#8217;nin &#8216;Gen\u00e7lik ve Spor Strateji \u00c7al\u0131\u015ftay\u0131&#8217; ger\u00e7ekle\u015ftirildi. Mersin&#8217;de 7&#8217;den 70&#8217;e herkesi harekete te\u015fvik edecek projelerden, spor festivallerine, spor kurslar\u0131ndan turnuvalara kadar bir\u00e7ok etkinlikle 2019&#8217;dan bu yana sporu kente yayan Mersin B\u00fcy\u00fck\u015fehir, yeni hizmet d\u00f6neminde de Mersin&#8217;i sporun kenti yapmay\u0131 s\u00fcrd\u00fcrecek. &#8216;Gen\u00e7lik ve Spor Strateji \u00c7al\u0131\u015ftay\u0131&#8217;na B\u00fcy\u00fck\u015fehir Belediyesi Gen\u00e7lik [&hellip;]<\/p>\n","protected":false},"author":2,"featured_media":33365,"comment_status":"open","ping_status":"open","sticky":false,"template":"","format":"standard","meta":{"footnotes":""},"categories":[2,3,10],"tags":[],"class_list":["post-33364","post","type-post","status-publish","format-standard","has-post-thumbnail","hentry","category-gundem","category-manset","category-spor"],"views":17,"_links":{"self":[{"href":"https:\/\/mersinkadingazetesi.com\/index.php?rest_route=\/wp\/v2\/posts\/33364"}],"collection":[{"href":"https:\/\/mersinkadingazetesi.com\/index.php?rest_route=\/wp\/v2\/posts"}],"about":[{"href":"https:\/\/mersinkadingazetesi.com\/index.php?rest_route=\/wp\/v2\/types\/post"}],"author":[{"embeddable":true,"href":"https:\/\/mersinkadingazetesi.com\/index.php?rest_route=\/wp\/v2\/users\/2"}],"replies":[{"embeddable":true,"href":"https:\/\/mersinkadingazetesi.com\/index.php?rest_route=%2Fwp%2Fv2%2Fcomments&post=33364"}],"version-history":[{"count":0,"href":"https:\/\/mersinkadingazetesi.com\/index.php?rest_route=\/wp\/v2\/posts\/33364\/revisions"}],"wp:featuredmedia":[{"embeddable":true,"href":"https:\/\/mersinkadingazetesi.com\/index.php?rest_route=\/wp\/v2\/media\/33365"}],"wp:attachment":[{"href":"https:\/\/mersinkadingazetesi.com\/index.php?rest_route=%2Fwp%2Fv2%2Fmedia&parent=33364"}],"wp:term":[{"taxonomy":"category","embeddable":true,"href":"https:\/\/mersinkadingazetesi.com\/index.php?rest_route=%2Fwp%2Fv2%2Fcategories&post=33364"},{"taxonomy":"post_tag","embeddable":true,"href":"https:\/\/mersinkadingazetesi.com\/index.php?rest_route=%2Fwp%2Fv2%2Ftags&post=33364"}],"curies":[{"name":"wp","href":"https:\/\/api.w.org\/{rel}","templated":true}]}}