{"id":33374,"date":"2024-06-16T10:13:12","date_gmt":"2024-06-16T07:13:12","guid":{"rendered":"http:\/\/mersinkadingazetesi.com\/?p=33374"},"modified":"2024-06-16T10:13:12","modified_gmt":"2024-06-16T07:13:12","slug":"mercan-100-yil-iklim-ve-cevre-bilim-merkezinde-ikinci-ay-gozlem-etkinligi","status":"publish","type":"post","link":"https:\/\/mersinkadingazetesi.com\/?p=33374","title":{"rendered":"&#8216;MERCAN 100. YIL \u0130KL\u0130M VE \u00c7EVRE B\u0130L\u0130M MERKEZ\u0130&#8217;NDE \u0130K\u0130NC\u0130 &#8216;AY G\u00d6ZLEM ETK\u0130NL\u0130\u011e\u0130&#8217;"},"content":{"rendered":"<p>Mersin B\u00fcy\u00fck\u015fehir Belediyesi \u0130klim De\u011fi\u015fikli\u011fi ve S\u0131f\u0131r At\u0131k Dairesi Ba\u015fkanl\u0131\u011f\u0131 b\u00fcnyesinde hizmet veren &#8216;Mercan 100. Y\u0131l \u0130klim ve \u00c7evre Bilim Merkezi&#8217;nde ikinci &#8216;Ay G\u00f6zlem Etkinli\u011fi&#8217; ger\u00e7ekle\u015ftirildi. Yo\u011fun kat\u0131l\u0131mla ger\u00e7ekle\u015ftirilen Ay G\u00f6zlem Etkinli\u011fi&#8217;nde g\u00f6k bilim merakl\u0131lar\u0131, Ay&#8217;\u0131n ilk d\u00f6rd\u00fcn evresini g\u00f6zlemleme f\u0131rsat\u0131 elde etti.<\/p>\n<p>Ay G\u00f6zlem Etkinli\u011fi&#8217;ne kat\u0131lan aileler de \u00e7ocuklar\u0131 da etkinlikten olduk\u00e7a memnun ayr\u0131larak, &#8216;Mercan 100. Y\u0131l \u0130klim ve \u00c7evre Bilim Merkezi&#8217;ni s\u0131k s\u0131k ziyaret edeceklerini kaydettiler. Etkinli\u011fe yo\u011fun ilgi g\u00f6steren gelece\u011fin bilim insanlar\u0131 ve aileleri Ay&#8217;\u0131 seyre dalarken, b\u00f6yle bir deneyim ya\u015faman\u0131n da keyfini s\u00fcrd\u00fcler.  <\/p>\n<p>A\u00e7\u0131k havada Ay G\u00f6zlem keyfi<\/p>\n<p>Ak\u015fam saat 20.30&#8217;da ba\u015flayarak, 23.00&#8217;a kadar s\u00fcren etkinlikte ilk olarak Mersin B\u00fcy\u00fck\u015fehir Belediyesi \u0130klim De\u011fi\u015fikli\u011fi ve S\u0131f\u0131r At\u0131k Dairesi Ba\u015fkan\u0131 Dr. Kemal Zorlu&#8217;nun konu\u015fmas\u0131n\u0131n ard\u0131ndan, Mercan 100. Y\u0131l \u0130klim ve \u00c7evre Bilim Merkezi&#8217;nde astronom olarak g\u00f6rev yapan Yonca Karaca taraf\u0131ndan &#8216;Ay&#8217; konulu bir sunum yap\u0131ld\u0131. Sunumu kat\u0131l\u0131mc\u0131lar b\u00fcy\u00fck bir ilgi ile dinlediler. 600 ki\u015finin kay\u0131t yapt\u0131rd\u0131\u011f\u0131 etkinlikte, 600&#8217;den daha fazla kat\u0131l\u0131mc\u0131 yer ald\u0131. Bug\u00fcne kadar 90 bin ziyaret\u00e7inin ziyaret etti\u011fi Mercan 100. Y\u0131l \u0130klim ve \u00c7evre Bilim Merkezi taraf\u0131ndan \u00f6n\u00fcm\u00fczdeki aylarda da yaylalarda g\u00f6zlem \u015fenliklerinin yap\u0131lmas\u0131 planlan\u0131yor.<\/p>\n<p>Ard\u0131ndan ise Ay G\u00f6zlem Etkinli\u011fi&#8217;ne ge\u00e7en kat\u0131l\u0131mc\u0131lar, astronomlar e\u015fli\u011finde hem 2 adet mobil teleskop hem de G\u00f6zlemevi&#8217;nde yer alan 1 adet ana teleskop ile Ay&#8217;\u0131 g\u00f6zlemlediler. Ay&#8217;\u0131n ilk d\u00f6rd\u00fcn evresi, g\u00f6k bilim merakl\u0131lar\u0131n\u0131 kendisine hayran b\u0131rakt\u0131. Kat\u0131l\u0131mc\u0131lar g\u00f6zlem esas\u0131nda da g\u00f6k bilimi ile merak ettiklerini astronomlara sorarak, bilgi edindiler. Mersin B\u00fcy\u00fck\u015fehir Belediyesi taraf\u0131ndan ger\u00e7ekle\u015ftirilen Ay G\u00f6zlem Etkinlikleri, periyodik olarak devam edecek.<\/p>\n<p>Dr. Zorlu: &#8220;Yo\u011fun ilgi g\u00f6ren merkezimizi gece g\u00f6zlem etkinlikleri ile ta\u00e7land\u0131rd\u0131k&#8221;<\/p>\n<p>Mersin B\u00fcy\u00fck\u015fehir Belediyesi \u0130klim De\u011fi\u015fikli\u011fi ve S\u0131f\u0131r At\u0131k Dairesi Ba\u015fkan\u0131 Dr. Kemal Zorlu, Mercan 100. Y\u0131l \u0130klim ve \u00c7evre Bilim Merkezi&#8217;nde ikinci g\u00f6zlem etkinli\u011fini ger\u00e7ekle\u015ftirerek, ay g\u00f6zlemi yapt\u0131klar\u0131ndan s\u00f6z etti. Etkinli\u011fe \u00e7ok yo\u011fun bir talep oldu\u011funu s\u00f6zlerine ekleyen Dr. Zorlu, &#8220;Ay G\u00f6zlem Etkinli\u011fimizi sosyal medya hesaplar\u0131m\u0131zdan duyurdu\u011fumuzda 500 ki\u015filik bir kontenjan belirlemi\u015ftik ve inan\u0131lmaz bir talep geldi, telefonlar\u0131m\u0131z kilitlendi. Etkinli\u011fimize 600 civar\u0131nda kay\u0131t oldu ama bunun da \u00fczerinde vatanda\u015f\u0131m\u0131z ve \u00e7ocu\u011fumuz g\u00f6zlem yapmaya geldi.  Bu da bizim i\u00e7in \u00e7ok mutluluk verici bir olay. Zaten \u0130klim ve \u00c7evre Bilim Merkezimiz g\u00fcnd\u00fczleri de olduk\u00e7a yo\u011fun ilgi g\u00f6r\u00fcyor. Bunu gece g\u00f6zlem etkinlikleri ile de ta\u00e7land\u0131rd\u0131k&#8221; dedi.<\/p>\n<p>&#8220;\u0130klim ve \u00c7evre Bilim Merkezi&#8217;ni bug\u00fcne kadar 90 bin ziyaret\u00e7i ziyaret etti&#8221;<\/p>\n<p>Mercan 100. Y\u0131l \u0130klim ve \u00c7evre Bilim Merkezi&#8217;nin yakla\u015f\u0131k 7 ay \u00f6nce a\u00e7\u0131ld\u0131\u011f\u0131ndan ve bug\u00fcne kadar da 90 bin civar\u0131nda ziyaret\u00e7inin merkezi ziyaret ederek, etkinliklere kat\u0131ld\u0131\u011f\u0131ndan bahseden Dr. Zorlu, &#8220;\u0130klim ve \u00c7evre Bilim Merkezimiz yaz d\u00f6nemine 4 tane at\u00f6lye ile birlikte girecek. Bu at\u00f6lye \u00e7al\u0131\u015fmalar\u0131nda sona geldik. Zaten bu hafta okullar da kapan\u0131yor. Bundan sonraki s\u00fcre\u00e7te at\u00f6lyelerimizde \u00e7ocuklar\u0131m\u0131z gelerek burada etkinlikler ger\u00e7ekle\u015ftirecekler&#8221; diye belirtti.<\/p>\n<p>Vatanda\u015flar\u0131n at\u00f6lyeler ve bundan sonra ger\u00e7ekle\u015ftirilecek olan g\u00f6zlem etkinlikleri ile ilgili duyurular\u0131 Mersin B\u00fcy\u00fck\u015fehir Belediyesi&#8217;nin sosyal medya hesaplar\u0131ndan takip edebilece\u011fini de vurgusunu yapan Dr. Zorlu, &#8220;\u0130klim ve \u00c7evre Bilim Merkezi&#8217;nin sadece Mersin&#8217;de de\u011fil, b\u00f6lgede de olduk\u00e7a \u00f6nemli bir ilgi duydu\u011funu g\u00f6r\u00fcyoruz. \u0130klim ve \u00c7evre Bilim Merkezi fikrinin ortaya at\u0131lmas\u0131 ve bu noktaya gelmesi Mersin B\u00fcy\u00fck\u015fehir Belediye Ba\u015fkan\u0131m\u0131z Say\u0131n Vahap Se\u00e7er&#8217;in bug\u00fcnleri o zamandan \u00f6ng\u00f6rerek haz\u0131rlam\u0131\u015f oldu\u011fu bir projeydi. San\u0131r\u0131m bu g\u00f6zlem etkinli\u011fi ve at\u00f6lyelerle birlikte bu fikrin ne kadar \u00f6nemli oldu\u011fu ve ba\u015far\u0131ya ula\u015ft\u0131\u011f\u0131n\u0131 g\u00f6r\u00fcyoruz. Bu da tabi bize gurur veriyor&#8221; ifadelerine yer verdi.<\/p>\n<p>&#8220;\u00d6n\u00fcm\u00fczdeki aylarda yaylalarda g\u00f6zlem \u015fenlikleri yapaca\u011f\u0131z&#8221;<\/p>\n<p>\u0130klim ve \u00c7evre Bilim Merkezi&#8217;nde bir G\u00f6zlemevi bulundu\u011fundan s\u00f6z eden Dr. Zorlu, i\u00e7erisinde yerle\u015fik olarak yer alan T35 Teleskop bulundu\u011funu anlatarak, \u0130klim ve \u00c7evre Bilim Merkezi&#8217;nde ayr\u0131ca mobil olarak kullan\u0131labilen 2 adet gece g\u00f6zlem teleskobu ile yine mobil olarak kullan\u0131labilen 1 adet de g\u00fcne\u015f teleskobunun yer ald\u0131\u011f\u0131ndan bahsetti. Dr. Zorlu, &#8220;Bu mobil teleskoplar\u0131 almaktaki amac\u0131m\u0131z hem bu \u0130klim ve \u00c7evre Bilim Merkezimize gelmeyen \u00e7ocuklara okullar\u0131n\u0131 ziyaret ederek g\u00f6zlem yapt\u0131rmak hem de mevsimin uygun ve \u0131\u015f\u0131k kirlili\u011finin az oldu\u011fu, \u00f6zellikle de yaylalarda g\u00f6zlem \u015fenlikleri ger\u00e7ekle\u015ftirmek. \u00d6n\u00fcm\u00fczdeki aylarda yaylalarda g\u00f6zlem \u015fenlikleri yapaca\u011f\u0131z. Bununla ilgili planlamalar\u0131m\u0131z var. Muhtemelen ilk yayla g\u00f6zlem \u015fenli\u011fimiz de Dar\u0131sekisi \u00d6rnek K\u00f6y\u00fc&#8217;nde ger\u00e7ekle\u015ftirece\u011fiz. Bu da s\u00fcrpriz olsun. \u00c7ok fazla detaya girmeyeyim&#8221; dedi.<\/p>\n<p>&#8220;\u0130klim ve \u00c7evre Bilim Merkezimi d\u00fcnyadaki en kompakt bilim merkezlerinden birisi&#8221;<\/p>\n<p>\u0130klim ve \u00c7evre Bilim Merkezi&#8217;nin projesinin sonland\u0131\u011f\u0131nda toplam 120 deney d\u00fczene\u011fine sahip olaca\u011f\u0131n\u0131 da ifade eden Dr. Zorlu, &#8220;Sona geldik. Hem deney deneklerimizin tamam\u0131 hem de at\u00f6lyelerimiz eklendi\u011fi zaman bilim merkezimiz olduk\u00e7a kapasiteli bir hale gelecek. Buras\u0131 d\u00fcnyadaki en kompakt bilim merkezlerinden birisi. Yani bir rota i\u00e7erisine girdi\u011finizde birbiriyle uyumlu, etkile\u015fimli deney d\u00fczeneklerini h\u0131zl\u0131ca gezebiliyorsunuz. Bu a\u00e7\u0131dan da olduk\u00e7a \u00f6nemli bir \u00f6rnek&#8221; diye konu\u015ftu.<\/p>\n<p>&#8220;Ay&#8217;\u0131 yak\u0131ndan g\u00f6rmek \u00e7ok g\u00fczel bir duyguydu&#8221;<\/p>\n<p>11 ya\u015f\u0131ndaki Dora Mire\u015f, Ay&#8217;\u0131 g\u00f6zlerken olduk\u00e7a heyecanland\u0131\u011f\u0131n\u0131 s\u00f6yleyerek, &#8220;Ay&#8217;\u0131 yak\u0131ndan g\u00f6rmek \u00e7ok g\u00fczel bir duyguydu. A\u00e7\u0131k\u00e7as\u0131 heyecanland\u0131m, mutlu oldum. Yak\u0131ndan tan\u0131may\u0131 \u00e7ok istiyordum&#8221; dedi. \u0130klim ve \u00c7evre Bilim Merkezi&#8217;ni ve etkinlikleri \u00e7ok sevdi\u011fini s\u00f6yleyen Mire\u015f, bilim insan\u0131 olmak istedi\u011fini ifade ederek, &#8220;Bence \u00e7ok g\u00fczel bir yer. Benim i\u00e7in heyecan doluydu. Ben b\u00fcy\u00fcy\u00fcnce bilim insan\u0131 olmak istiyorum ve o y\u00fczden benim i\u00e7in \u00e7ok keyifliydi&#8221; ifadelerini kulland\u0131.<\/p>\n<p>&#8220;Ben uzay\u0131 g\u00f6zlemlemeyi \u00e7ok severim&#8221;<\/p>\n<p>Etkinli\u011fe kat\u0131lan \u00f6\u011frencilerden Mehmet Temizsoy, teleskoptan Ay&#8217;\u0131 izlemenin kendisine heyecan verdi\u011fini ifade ederek, &#8220;Bence \u00e7ok iyiydi. \u00d6zellikle Ay&#8217;\u0131n kraterlerine bakarken Atat\u00fcrk kraterini de g\u00f6rd\u00fcm. Ben uzay\u0131 g\u00f6zlemlemeyi \u00e7ok severim ve en favori hobilerimden biridir. Ara\u015ft\u0131rma yapmay\u0131 \u00e7ok severim. \u0130klim ve \u00c7evre Bilim Merkezi&#8217;ne \u00f6nceden gelmi\u015ftim ve \u00e7ok g\u00fczel deneyleri vard\u0131. Planetaryum da \u00e7ok g\u00fczeldi&#8221; dedi.<\/p>\n<p>&#8220;Bug\u00fcn en mutlu g\u00fcn\u00fcmd\u00fc&#8221;<\/p>\n<p>Ay&#8217;\u0131 g\u00f6zlemlemeye gelen \u00f6\u011frencilerden Selman Emir Y\u0131lmaz da, &#8220;Uzay\u0131 \u00e7ok merak ediyorum. B\u00fcy\u00fcy\u00fcnce uzay bilimci olmak istiyorum. Daha b\u00fcy\u00fck gezenler g\u00f6rd\u00fcm. B\u00f6yle gezegenler oldu\u011funu bilmiyordum. Bug\u00fcn en mutlu g\u00fcn\u00fcmd\u00fc&#8221; diye konu\u015ftu.<\/p>\n<p>Uzaya merakl\u0131 \u00f6\u011frencilerden Elif Eyl\u00fcl Korkmaz da, etkinli\u011fi \u00e7ok sevdi\u011fini s\u00f6yleyerek, &#8220;G\u00fczel ge\u00e7ti, heyecanl\u0131yd\u0131 ve bay\u0131ld\u0131m. Zaten merak ediyordum. Ortam \u00e7ok e\u011flenceli ve zevkli. Ay&#8217;\u0131, kraterleri g\u00f6rd\u00fck&#8221; dedi. Uzaya olduk\u00e7a merakl\u0131 oldu\u011funu s\u00f6yleyen Korkmaz, &#8220;En sevdi\u011fim gezegen Sat\u00fcrn. Buraya ilk defa geliyorum ve yine gelmeyi d\u00fc\u015f\u00fcn\u00fcyorum. Bay\u0131ld\u0131m \u00e7ok g\u00fczel bir yer&#8221; diye belirtti.<\/p>\n<p>\u00c7ocuklardan Deniz Baka\u00e7 ise, &#8220;Ay&#8217;\u0131 g\u00f6zlemlemek \u00e7ok g\u00fczel ve biz \u00e7ocuklar\u0131n yapabilece\u011fi bir aktivite. \u0130klim ve \u00c7evre Bilim Merkezi&#8217;ne daha \u00f6nce gelmi\u015ftim. Bug\u00fcn \u00fc\u00e7\u00fcnc\u00fc geli\u015fim ve \u00e7ok g\u00fczel bir yer. Ben \u0130klim ve \u00c7evre Bilim Merkezi&#8217;ne gelmeyi \u00e7ok seviyorum&#8221; dedi.<\/p>\n<p>&#8220;\u00c7ocuklara teleskopla g\u00f6zlem f\u0131rsat\u0131 verilmesi \u00e7ok g\u00fczel&#8221;<\/p>\n<p>O\u011flu Emir ile etkinli\u011fe gelen S\u00fcmeyra \u015eeyho ise organizasyonun \u00e7ok g\u00fczel oldu\u011funu belirterek, &#8220;\u00d6\u011fretmen ve ebeveyn olarak g\u00f6zlemledi\u011fimde gayet g\u00fczel bir organizasyon yap\u0131lm\u0131\u015f. \u00d6ncelikle \u00e7ocuklara teori bilgisi verildi. Sonras\u0131nda uygulama bilgisi verildi. Ard\u0131ndan \u00e7ocuklara dev teleskoplarla g\u00f6zlem yapabilme f\u0131rsat\u0131 verilmesi daha \u00f6nce Ay&#8217;\u0131 bu derece derinlikte g\u00f6rmeyenler i\u00e7in \u00e7ok b\u00fcy\u00fck bir fayda sa\u011flad\u0131. Sunum yap\u0131l\u0131rken birden fazla galaksilerin g\u00f6sterildi\u011finde \u00e7ocuklar evrende hangi noktada olduklar\u0131n\u0131 daha iyi g\u00f6rm\u00fc\u015f oldular. \u00c7ok memnun kald\u0131k ve devam\u0131n\u0131 bekliyoruz&#8221; dedi.<\/p>\n<p>&#8220;\u00c7ocuklar \u00e7ok mutlu oluyor&#8221;<\/p>\n<p>\u00c7ocuklar\u0131yla birlikte etkinli\u011fe kat\u0131lan \u0130zdihar Mire\u015f de deneyimlerini aktararak, &#8220;\u0130nternetten ve kitaplardan g\u00f6rd\u00fc\u011f\u00fcm\u00fcz Ay&#8217;\u0131 yak\u0131ndan g\u00f6zlemlemek ger\u00e7ekten \u00e7ok g\u00fczel bir duygu. Biz daha \u00f6nce buraya okulla birlikte gelmi\u015ftik ve \u00e7ok memnun kald\u0131k. Buras\u0131 inan\u0131lmaz g\u00fczel bir yer.  Hele de planetaryum \u00e7ok g\u00fczel. Buna vesile olan Mersin b\u00fcy\u00fck\u015fehir Belediye Ba\u015fkan\u0131m\u0131z Vahap Se\u00e7er&#8217;e te\u015fekk\u00fcr ediyoruz. \u00c7ocuklar da \u00e7ok mutlu. Benim \u00e7ocuklar\u0131m bilim insan\u0131 olmak istiyor, ho\u015flar\u0131na gidiyor. K\u0131z\u0131m buraya gelmeden &#8216;Bu ilk ad\u0131m olsun anne&#8217; dedi&#8221; diye konu\u015ftu.<\/p>\n","protected":false},"excerpt":{"rendered":"<p>Mersin B\u00fcy\u00fck\u015fehir Belediyesi \u0130klim De\u011fi\u015fikli\u011fi ve S\u0131f\u0131r At\u0131k Dairesi Ba\u015fkanl\u0131\u011f\u0131 b\u00fcnyesinde hizmet veren &#8216;Mercan 100. Y\u0131l \u0130klim ve \u00c7evre Bilim Merkezi&#8217;nde ikinci &#8216;Ay G\u00f6zlem Etkinli\u011fi&#8217; ger\u00e7ekle\u015ftirildi. Yo\u011fun kat\u0131l\u0131mla ger\u00e7ekle\u015ftirilen Ay G\u00f6zlem Etkinli\u011fi&#8217;nde g\u00f6k bilim merakl\u0131lar\u0131, Ay&#8217;\u0131n ilk d\u00f6rd\u00fcn evresini g\u00f6zlemleme f\u0131rsat\u0131 elde etti. Ay G\u00f6zlem Etkinli\u011fi&#8217;ne kat\u0131lan aileler de \u00e7ocuklar\u0131 da etkinlikten olduk\u00e7a memnun ayr\u0131larak, [&hellip;]<\/p>\n","protected":false},"author":2,"featured_media":33375,"comment_status":"open","ping_status":"open","sticky":false,"template":"","format":"standard","meta":{"footnotes":""},"categories":[3,11],"tags":[],"class_list":["post-33374","post","type-post","status-publish","format-standard","has-post-thumbnail","hentry","category-manset","category-teknoloji"],"views":7,"_links":{"self":[{"href":"https:\/\/mersinkadingazetesi.com\/index.php?rest_route=\/wp\/v2\/posts\/33374"}],"collection":[{"href":"https:\/\/mersinkadingazetesi.com\/index.php?rest_route=\/wp\/v2\/posts"}],"about":[{"href":"https:\/\/mersinkadingazetesi.com\/index.php?rest_route=\/wp\/v2\/types\/post"}],"author":[{"embeddable":true,"href":"https:\/\/mersinkadingazetesi.com\/index.php?rest_route=\/wp\/v2\/users\/2"}],"replies":[{"embeddable":true,"href":"https:\/\/mersinkadingazetesi.com\/index.php?rest_route=%2Fwp%2Fv2%2Fcomments&post=33374"}],"version-history":[{"count":0,"href":"https:\/\/mersinkadingazetesi.com\/index.php?rest_route=\/wp\/v2\/posts\/33374\/revisions"}],"wp:featuredmedia":[{"embeddable":true,"href":"https:\/\/mersinkadingazetesi.com\/index.php?rest_route=\/wp\/v2\/media\/33375"}],"wp:attachment":[{"href":"https:\/\/mersinkadingazetesi.com\/index.php?rest_route=%2Fwp%2Fv2%2Fmedia&parent=33374"}],"wp:term":[{"taxonomy":"category","embeddable":true,"href":"https:\/\/mersinkadingazetesi.com\/index.php?rest_route=%2Fwp%2Fv2%2Fcategories&post=33374"},{"taxonomy":"post_tag","embeddable":true,"href":"https:\/\/mersinkadingazetesi.com\/index.php?rest_route=%2Fwp%2Fv2%2Ftags&post=33374"}],"curies":[{"name":"wp","href":"https:\/\/api.w.org\/{rel}","templated":true}]}}