{"id":33377,"date":"2024-06-16T10:14:42","date_gmt":"2024-06-16T07:14:42","guid":{"rendered":"http:\/\/mersinkadingazetesi.com\/?p=33377"},"modified":"2024-06-16T10:14:42","modified_gmt":"2024-06-16T07:14:42","slug":"2024-secimlerinde-cikan-tablo-milletimizin-ferasetidir","status":"publish","type":"post","link":"https:\/\/mersinkadingazetesi.com\/?p=33377","title":{"rendered":"&#8220;2024 SE\u00c7\u0130MLER\u0130NDE \u00c7IKAN TABLO M\u0130LLET\u0130M\u0130Z\u0130N FERASET\u0130D\u0130R&#8221;"},"content":{"rendered":"<p>Mersin B\u00fcy\u00fck\u015fehir Belediye Ba\u015fkan\u0131 Vahap Se\u00e7er, Cumhuriyet Halk Partisi (CHP) Mersin \u0130l Ba\u015fkanl\u0131\u011f\u0131 taraf\u0131ndan Kurban Bayram\u0131 dolay\u0131s\u0131yla d\u00fczenlenen bayramla\u015fma program\u0131na kat\u0131larak, partililerle bayramla\u015ft\u0131. <\/p>\n<p>&#8220;Akl\u0131m\u0131z fikrimiz Mersin ve Mersinli hem\u015ferilerimiz&#8221;<\/p>\n<p>T\u00fcm CHP ailesinin Kurban Bayram\u0131&#8217;n\u0131 kutlayarak konu\u015fmas\u0131na ba\u015flayan Ba\u015fkan Se\u00e7er, bayram dolay\u0131s\u0131yla belediyelerin yo\u011fun bir \u00e7al\u0131\u015fma i\u00e7erisine girdi\u011fini s\u00f6yleyerek, &#8220;Mersin rahat olsun, i\u015fimizin ba\u015f\u0131nday\u0131z. Ayinesi i\u015ftir ki\u015finin lafa bak\u0131lmaz. \u0130ktidar lafla de\u011fil i\u015fle ve \u00e7al\u0131\u015fmakla olur. Bu anlay\u0131\u015fla gittik ve biz kazand\u0131k. Akl\u0131m\u0131z fikrimiz Mersin ve Mersinli hem\u015ferilerimiz. Bize oy veren her 10 yurtta\u015ftan 6&#8217;s\u0131 iyi de 4&#8217;\u00fc k\u00f6t\u00fc m\u00fc? Onlar da can\u0131m\u0131z onlar da ci\u011ferimiz, onlar da yurtta\u015flar\u0131m\u0131z. Herkesin bayram\u0131 kutlu olsun, herkesi kucakl\u0131yoruz&#8221; dedi.<\/p>\n<p>&#8220;CHP&#8217;li ba\u015fkanlar insanlara dokundu&#8221;<\/p>\n<p>2019&#8217;dan bu yana CHP&#8217;li belediye ba\u015fkanlar\u0131n\u0131n insanlara dokundu\u011funu hat\u0131rlatan Se\u00e7er, &#8220;Ba\u015fkanlar insanlara hizmet g\u00f6t\u00fcrd\u00fc, insanlara dokundu, insanlar\u0131n g\u00f6nl\u00fcne sevgisine ve ailesine girdi. \u00c7ocu\u011funa, ya\u015fl\u0131s\u0131na hizmet yapt\u0131, kad\u0131n\u0131n hayata tutunmas\u0131n\u0131 sa\u011flad\u0131 ve aileye girdi. CHP&#8217;liler olarak partimizin isminde yazd\u0131\u011f\u0131 gibi halk olursak, halk\u0131n i\u00e7inde olursak \u00f6n\u00fcm\u00fczde bir engelin kalaca\u011f\u0131n\u0131 d\u00fc\u015f\u00fcnm\u00fcyorum&#8221; diye konu\u015ftu.<\/p>\n<p>&#8220;2024 se\u00e7imlerinde \u00e7\u0131kan tablo milletimizin ferasetidir&#8221;<\/p>\n<p>Her zaman milletin ferasetine inand\u0131klar\u0131n\u0131 s\u00f6ylediklerini aktaran Se\u00e7er, 2024 se\u00e7imlerinde \u00e7\u0131kan tablonun da milletin feraseti oldu\u011funu belirtti. Se\u00e7er, &#8220;Milletimiz i\u015fini yapamayanlar\u0131 g\u00f6nderdi, umut vaat edenleri getirdi. \u015eimdi o umut vadedenleri izleyecek; onlar da e\u011fer umutlar\u0131 bo\u015fa \u00e7\u0131kar\u0131rsa, onlar\u0131 g\u00f6nderecek ve bir ba\u015fkas\u0131n\u0131 getirecek&#8221; dedi. Se\u00e7imlerde elde edilen y\u00fczde 60 oyun bir eme\u011fin sonucu oldu\u011funu belirten Se\u00e7er, partililere seslenerek, &#8220;Burada herkesin eme\u011fi var. Bundan sonra da 2028 y\u0131l\u0131nda ya da daha \u00f6nce yap\u0131lacak se\u00e7imlerde elbette iktidar olmak istiyoruz. Elbette Cumhurba\u015fkan\u0131 olarak CHP&#8217;nin \u00e7\u0131kard\u0131\u011f\u0131 aday\u0131 se\u00e7tirelim istiyoruz. Ayn\u0131 ilkelerle \u00e7al\u0131\u015fmaya devam etmemiz laz\u0131m. Belediye ba\u015fkanlar\u0131 yanl\u0131\u015f i\u015f yapmad\u0131\u011f\u0131 s\u00fcrece, partisinin, partilisinin ve kendisine destek olan halk\u0131n\u0131n de\u011ferini k\u0131ymetini bildik\u00e7e, m\u00fctevaz\u0131 bir \u015fekilde hizmet yapt\u0131k\u00e7a sizin de onlar\u0131n yan\u0131nda olman\u0131z laz\u0131m&#8221; ifadelerine yer verdi.<\/p>\n<p>&#8220;Bu \u00fclkeye bar\u0131\u015f\u0131, karde\u015fli\u011fi, huzuru ve adaleti getirebiliriz&#8221;<\/p>\n<p>CHP&#8217;nin; belediyelerini y\u00f6nettikleri \u015fehirlere huzuru birli\u011fi, beraberli\u011fi, karde\u015fli\u011fi ve adaleti getirdi\u011fi gibi T\u00fcrkiye&#8217;ye de bar\u0131\u015f\u0131, karde\u015fli\u011fi, huzuru, adaleti ve refah\u0131 getirebilece\u011finin alt\u0131n\u0131 \u00e7izen Se\u00e7er, &#8220;Bu yapt\u0131klar\u0131m\u0131z ispat\u0131m\u0131z. Nerede o afra tafra yapan siyaset\u00e7iler? Y\u00fcce milletim sand\u0131kta gerekeni yapt\u0131. Biz milletin ferasetine inan\u0131yoruz. Ayn\u0131 azimle ve samimiyetle \u00e7al\u0131\u015fal\u0131m, emin olun bizim \u00e7\u0131kard\u0131\u011f\u0131m\u0131z cumhurba\u015fkan\u0131 aday\u0131n\u0131 bu millet se\u00e7er. AK Parti, \u0130Y\u0130 Parti, CHP demez, herkes gelir destek verir&#8221; dedi.<\/p>\n<p>T\u00fcm partililerin moralini y\u00fcksek tutmas\u0131 gerekti\u011fini vurgulayan Se\u00e7er, &#8220;Biz buraday\u0131z, \u00e7al\u0131\u015f\u0131yoruz, \u015fehrimize h\u00e2kimiz, \u015fehrimizi sahipleniyoruz. Millet bize inand\u0131 ve g\u00fcvendi, bunu peki\u015ftirin. Ailenize sahip \u00e7\u0131karsan\u0131z aileniz y\u00fckselir. Bir ba\u015fkan olarak sizden istedi\u011fim bu. \u0130\u015fimizi yap\u0131yoruz, i\u015fimizi yapt\u0131\u011f\u0131m\u0131z i\u00e7in bu kadar ba\u015far\u0131l\u0131 olduk. Bu ba\u015far\u0131 herkesin&#8221; diye konu\u015ftu.<\/p>\n<p>&#8220;Siyaset; lafla de\u011fil hizmet \u00fcretmekle olur&#8221;<\/p>\n<p>Kurban Bayram\u0131&#8217;n\u0131n il\u00e7e belediyeleri a\u00e7\u0131s\u0131ndan da titizlikle hizmet edilmesi gereken bir bayram oldu\u011funu s\u00f6yleyen Se\u00e7er, &#8220;Hava \u00e7ok s\u0131cak. Geleneksel olarak insanlar kurban kesecek. Sokaklar\u0131m\u0131z\u0131 temiz tutmam\u0131z laz\u0131m. \u00d6zellikle yeni se\u00e7ilen belediyelerimize helal olsun gelir gelmez i\u015flerinin ba\u015f\u0131ndalar. Biz yan\u0131n\u0131zday\u0131z, buraday\u0131z. Biz B\u00fcy\u00fck\u015fehir Belediyesi olarak gerekli tedbirleri al\u0131yoruz&#8221; dedi. Ya\u015fanacak sorunlarda Alo 185 Teksin&#8217;e ula\u015f\u0131lmas\u0131n\u0131 s\u00f6yleyen Se\u00e7er, &#8220;Bu halk lafla ve s\u00f6zle de\u011fil, hizmetle sizi sever. Hizmetlerinizle bize yard\u0131mc\u0131 olun. Siyaset; hizmet \u00fcretmek, yard\u0131mla\u015fmak, el ele olmakt\u0131r. Gerisi hik\u00e2ye&#8221; diye konu\u015ftu.<\/p>\n<p>22 y\u0131ll\u0131k AKP iktidar\u0131n\u0131n belediye hizmetleri sayesinde oldu\u011funu hat\u0131rlatarak, &#8220;Belediyelerle genel iktidar\u0131n yolunu a\u00e7t\u0131lar. Cumhurba\u015fkan\u0131; \u0130stanbul Belediye Ba\u015fkan\u0131 oldu\u011funda o d\u00f6nemin partililerinin katk\u0131lar\u0131yla caddeler temizlendi. Parti; partili belediye ba\u015fkan\u0131na sahip \u00e7\u0131kacak, onun a\u00e7\u0131\u011f\u0131n\u0131 kapatacak. Bak\u0131n bizim toplu ta\u015f\u0131ma ara\u00e7lar\u0131m\u0131z bayram boyunca \u00fccretsiz. Bunu vatanda\u015flarla payla\u015f\u0131n. Kurban ba\u011f\u0131\u015f\u0131 yapmak isteyenlere belediyemizin birizberaberiz.org dijital platformdan kurban ba\u011f\u0131\u015f\u0131 yapmalar\u0131n\u0131 sa\u011flay\u0131n. O kurban eti evinde hasta olan ya\u015f alm\u0131\u015flara gidiyor. Bunlar\u0131 te\u015fvik edin&#8221; ifadelerini kulland\u0131.<\/p>\n<p>&#8220;Belediyecilik nas\u0131lm\u0131\u015f hep beraber g\u00f6sterelim&#8221;<\/p>\n<p>Se\u00e7er, genel iktidar\u0131n yolunun \u00e7al\u0131\u015fmak ve hizmet etmekten ge\u00e7ti\u011fini s\u00f6zlerine ekleyerek, &#8220;Herkes \u00e7al\u0131\u015f\u0131rsa, sorumlulu\u011funu bilirse \u00fclkede iktidar kendili\u011finden gelir. Milletimiz bize inand\u0131, bizi seviyor. CHP&#8217;ye hi\u00e7 oy vermemi\u015f vatanda\u015flar sevgisini ve sayg\u0131s\u0131n\u0131 g\u00f6steriyor. O insanlar\u0131n sevgisini ve sayg\u0131s\u0131n\u0131 berhava etmeyelim, devam ettirelim&#8221; dedi.<\/p>\n<p>&#8220;Partimizi \u00fcste \u00e7\u0131karaca\u011f\u0131z&#8221;<\/p>\n<p>Se\u00e7er, hizmet yapan belediye ba\u015fkan\u0131n\u0131n ad\u0131yla de\u011fil partisiyle birlikte an\u0131lmas\u0131 gerekti\u011fini de ifade ederek, &#8220;CHP belediyecili\u011fi. Ba\u015far\u0131l\u0131 olunca benim ismim, ba\u015far\u0131s\u0131z olunca partimin ismi gibi bir durum olamaz. Ona g\u00f6re dikkat etmemiz laz\u0131m. Partimizi \u00fcste \u00e7\u0131karaca\u011f\u0131z. Partimizi anlataca\u011f\u0131z ki iktidar olal\u0131m. Halka partinizi anlat\u0131n. &#8216;Biz CHP&#8217;liyiz&#8217; deyin. Ulu \u00d6nder Gazi Mustafa Kemal Atat\u00fcrk&#8217;\u00fcn izinden gidiyoruz. \u00c7ekinmeden yap\u0131n. Biz ger\u00e7ek Atat\u00fcrk\u00e7\u00fcleriz&#8221; dedi ve son olarak t\u00fcm partililerin ve ailelerinin Kurban Bayram\u0131&#8217;n\u0131 kutlad\u0131.<\/p>\n<p>CHP Mersin Milletvekilleri G\u00fclcan K\u0131\u015f, Talat Din\u00e7er, \u0130l Ba\u015fkan\u0131 Koral \u00d6m\u00fcr, Gen\u00e7lik Kollar\u0131 Genel Ba\u015fkan Yard\u0131mc\u0131s\u0131 \u0130zzet K\u0131r\u0131lmaz, Toroslar Belediye Ba\u015fkan\u0131 Abdurrahman Y\u0131ld\u0131z ve Tarsus Belediye Ba\u015fkan\u0131 Ali Bolta\u00e7&#8217;\u0131n da birer konu\u015fma yapt\u0131\u011f\u0131 program partililerin bayramla\u015fmas\u0131n\u0131n ard\u0131ndan sona erdi.<\/p>\n","protected":false},"excerpt":{"rendered":"<p>Mersin B\u00fcy\u00fck\u015fehir Belediye Ba\u015fkan\u0131 Vahap Se\u00e7er, Cumhuriyet Halk Partisi (CHP) Mersin \u0130l Ba\u015fkanl\u0131\u011f\u0131 taraf\u0131ndan Kurban Bayram\u0131 dolay\u0131s\u0131yla d\u00fczenlenen bayramla\u015fma program\u0131na kat\u0131larak, partililerle bayramla\u015ft\u0131. &#8220;Akl\u0131m\u0131z fikrimiz Mersin ve Mersinli hem\u015ferilerimiz&#8221; T\u00fcm CHP ailesinin Kurban Bayram\u0131&#8217;n\u0131 kutlayarak konu\u015fmas\u0131na ba\u015flayan Ba\u015fkan Se\u00e7er, bayram dolay\u0131s\u0131yla belediyelerin yo\u011fun bir \u00e7al\u0131\u015fma i\u00e7erisine girdi\u011fini s\u00f6yleyerek, &#8220;Mersin rahat olsun, i\u015fimizin ba\u015f\u0131nday\u0131z. Ayinesi i\u015ftir [&hellip;]<\/p>\n","protected":false},"author":2,"featured_media":33378,"comment_status":"open","ping_status":"open","sticky":false,"template":"","format":"standard","meta":{"footnotes":""},"categories":[2,3,5,6],"tags":[],"class_list":["post-33377","post","type-post","status-publish","format-standard","has-post-thumbnail","hentry","category-gundem","category-manset","category-mersin","category-siyaset-2"],"views":14,"_links":{"self":[{"href":"https:\/\/mersinkadingazetesi.com\/index.php?rest_route=\/wp\/v2\/posts\/33377"}],"collection":[{"href":"https:\/\/mersinkadingazetesi.com\/index.php?rest_route=\/wp\/v2\/posts"}],"about":[{"href":"https:\/\/mersinkadingazetesi.com\/index.php?rest_route=\/wp\/v2\/types\/post"}],"author":[{"embeddable":true,"href":"https:\/\/mersinkadingazetesi.com\/index.php?rest_route=\/wp\/v2\/users\/2"}],"replies":[{"embeddable":true,"href":"https:\/\/mersinkadingazetesi.com\/index.php?rest_route=%2Fwp%2Fv2%2Fcomments&post=33377"}],"version-history":[{"count":0,"href":"https:\/\/mersinkadingazetesi.com\/index.php?rest_route=\/wp\/v2\/posts\/33377\/revisions"}],"wp:featuredmedia":[{"embeddable":true,"href":"https:\/\/mersinkadingazetesi.com\/index.php?rest_route=\/wp\/v2\/media\/33378"}],"wp:attachment":[{"href":"https:\/\/mersinkadingazetesi.com\/index.php?rest_route=%2Fwp%2Fv2%2Fmedia&parent=33377"}],"wp:term":[{"taxonomy":"category","embeddable":true,"href":"https:\/\/mersinkadingazetesi.com\/index.php?rest_route=%2Fwp%2Fv2%2Fcategories&post=33377"},{"taxonomy":"post_tag","embeddable":true,"href":"https:\/\/mersinkadingazetesi.com\/index.php?rest_route=%2Fwp%2Fv2%2Ftags&post=33377"}],"curies":[{"name":"wp","href":"https:\/\/api.w.org\/{rel}","templated":true}]}}