{"id":33380,"date":"2024-06-18T09:00:13","date_gmt":"2024-06-18T06:00:13","guid":{"rendered":"http:\/\/mersinkadingazetesi.com\/?p=33380"},"modified":"2024-06-18T09:00:13","modified_gmt":"2024-06-18T06:00:13","slug":"bayram-sabahinda-vatandaslara-keskek-ikram-edildi","status":"publish","type":"post","link":"https:\/\/mersinkadingazetesi.com\/?p=33380","title":{"rendered":"&#8220;BAYRAM SABAHINDA VATANDA\u015eLARA KE\u015eKEK \u0130KRAM ED\u0130LD\u0130&#8221;"},"content":{"rendered":"<p>Toroslar Belediye Ba\u015fkan\u0131 Abdurrahman Y\u0131ld\u0131z, Kurban Bayram\u0131 dolay\u0131s\u0131yla bayram namaz\u0131 sonras\u0131 vatanda\u015flarla bayramla\u015ft\u0131.<\/p>\n<p>\u0130l\u00e7edeki camilerin \u00f6n\u00fcnde Toroslar Belediyesi taraf\u0131ndan vatanda\u015flara geleneksel bayram ke\u015fke\u011fi ikram edildi. Eski gelenekleri devam ettirmesinden duyduklar\u0131 memnuniyeti dile getiren vatanda\u015flar da Ba\u015fkan Y\u0131ld\u0131z&#8217;a te\u015fekk\u00fcr etti.<\/p>\n<p>Mevlana Mahallesi Nur Cami \u00f6n\u00fcnde il\u00e7e halk\u0131n\u0131n bayram\u0131n\u0131 kutlayan Ba\u015fkan Y\u0131ld\u0131z, Kurban Bayram\u0131&#8217;n\u0131n bar\u0131\u015f, umut ve karde\u015flik duygular\u0131n\u0131 g\u00fc\u00e7lendirmesini dileyerek: &#8220;Vatanda\u015flar\u0131m\u0131zla bayramla\u015ft\u0131k ve geleneksel bayram kahvalt\u0131s\u0131 olan ke\u015fkek ikram\u0131nda bulunduk. Cami \u00f6n\u00fcnde birlikte payla\u015ft\u0131k. T\u00fcm halk\u0131m\u0131z\u0131n Kurban Bayram\u0131&#8217;n\u0131 kutluyor, huzura, bar\u0131\u015fa, karde\u015fli\u011fe, dostlu\u011fa ve dayan\u0131\u015fmaya vesile olmas\u0131n\u0131 diliyorum&#8221; \u015feklinde konu\u015ftu.<\/p>\n<p>Ba\u015fkan Y\u0131ld\u0131z, daha sonra Alsancak, \u00c7ukurova, Halkkent, Tozkoparan ve Yusuf K\u0131l\u0131\u00e7 Mahalleleri&#8217;ndeki kurban kesim yerlerini ziyaret ederek, vatanda\u015flarla bayramla\u015ft\u0131, hal ve hat\u0131rlar\u0131n\u0131 sordu.<\/p>\n<p>Ziyaretlerinde vatanda\u015flar\u0131n yo\u011fun ilgi ve sevgisiyle kar\u015f\u0131lanan Ba\u015fkan Y\u0131ld\u0131z, il\u00e7e genelinde 25 farkl\u0131 b\u00f6lgede modern ve hijyenik \u015fartlara uygun bir \u015fekilde kurban kesim merkezleri olu\u015fturduklar\u0131n\u0131 s\u00f6yledi.<\/p>\n<p>Mahallelerde kar\u015f\u0131la\u015ft\u0131\u011f\u0131 \u00e7ocuklarla yak\u0131ndan ilgilenen Ba\u015fkan Y\u0131ld\u0131z, onlar\u0131n da tek tek bayramlar\u0131n\u0131 kutlad\u0131.<\/p>\n<p>Toroslar \u0130l\u00e7esi&#8217;nde bulunan mezarl\u0131klarda da vatanda\u015flara ke\u015fkek ikram edilerek, &#8220;Y\u00fcz\u00fc g\u00fclen, nefes alan Toroslar&#8217;da&#8221; ac\u0131n\u0131n da mutlulu\u011fun da birlikte payla\u015f\u0131ld\u0131\u011f\u0131n\u0131n en g\u00fczel \u00f6rne\u011fi sunuldu.<\/p>\n","protected":false},"excerpt":{"rendered":"<p>Toroslar Belediye Ba\u015fkan\u0131 Abdurrahman Y\u0131ld\u0131z, Kurban Bayram\u0131 dolay\u0131s\u0131yla bayram namaz\u0131 sonras\u0131 vatanda\u015flarla bayramla\u015ft\u0131. \u0130l\u00e7edeki camilerin \u00f6n\u00fcnde Toroslar Belediyesi taraf\u0131ndan vatanda\u015flara geleneksel bayram ke\u015fke\u011fi ikram edildi. Eski gelenekleri devam ettirmesinden duyduklar\u0131 memnuniyeti dile getiren vatanda\u015flar da Ba\u015fkan Y\u0131ld\u0131z&#8217;a te\u015fekk\u00fcr etti. Mevlana Mahallesi Nur Cami \u00f6n\u00fcnde il\u00e7e halk\u0131n\u0131n bayram\u0131n\u0131 kutlayan Ba\u015fkan Y\u0131ld\u0131z, Kurban Bayram\u0131&#8217;n\u0131n bar\u0131\u015f, umut ve [&hellip;]<\/p>\n","protected":false},"author":2,"featured_media":33381,"comment_status":"open","ping_status":"open","sticky":false,"template":"","format":"standard","meta":{"footnotes":""},"categories":[2,3,5],"tags":[],"class_list":["post-33380","post","type-post","status-publish","format-standard","has-post-thumbnail","hentry","category-gundem","category-manset","category-mersin"],"views":6,"_links":{"self":[{"href":"https:\/\/mersinkadingazetesi.com\/index.php?rest_route=\/wp\/v2\/posts\/33380"}],"collection":[{"href":"https:\/\/mersinkadingazetesi.com\/index.php?rest_route=\/wp\/v2\/posts"}],"about":[{"href":"https:\/\/mersinkadingazetesi.com\/index.php?rest_route=\/wp\/v2\/types\/post"}],"author":[{"embeddable":true,"href":"https:\/\/mersinkadingazetesi.com\/index.php?rest_route=\/wp\/v2\/users\/2"}],"replies":[{"embeddable":true,"href":"https:\/\/mersinkadingazetesi.com\/index.php?rest_route=%2Fwp%2Fv2%2Fcomments&post=33380"}],"version-history":[{"count":0,"href":"https:\/\/mersinkadingazetesi.com\/index.php?rest_route=\/wp\/v2\/posts\/33380\/revisions"}],"wp:featuredmedia":[{"embeddable":true,"href":"https:\/\/mersinkadingazetesi.com\/index.php?rest_route=\/wp\/v2\/media\/33381"}],"wp:attachment":[{"href":"https:\/\/mersinkadingazetesi.com\/index.php?rest_route=%2Fwp%2Fv2%2Fmedia&parent=33380"}],"wp:term":[{"taxonomy":"category","embeddable":true,"href":"https:\/\/mersinkadingazetesi.com\/index.php?rest_route=%2Fwp%2Fv2%2Fcategories&post=33380"},{"taxonomy":"post_tag","embeddable":true,"href":"https:\/\/mersinkadingazetesi.com\/index.php?rest_route=%2Fwp%2Fv2%2Ftags&post=33380"}],"curies":[{"name":"wp","href":"https:\/\/api.w.org\/{rel}","templated":true}]}}