{"id":33383,"date":"2024-06-18T09:01:22","date_gmt":"2024-06-18T06:01:22","guid":{"rendered":"http:\/\/mersinkadingazetesi.com\/?p=33383"},"modified":"2024-06-18T09:01:22","modified_gmt":"2024-06-18T06:01:22","slug":"buyuksehir-mobil-kesim-uniteleri-ve-mezbahalari-ile-bayramda-vatandaslara-kolaylik-sagladi","status":"publish","type":"post","link":"https:\/\/mersinkadingazetesi.com\/?p=33383","title":{"rendered":"B\u00dcY\u00dcK\u015eEH\u0130R, MOB\u0130L KES\u0130M \u00dcN\u0130TELER\u0130 VE MEZBAHALARI \u0130LE BAYRAMDA VATANDA\u015eLARA KOLAYLIK SA\u011eLADI"},"content":{"rendered":"<p>Kurban Bayram\u0131&#8217;n\u0131n gelmesi ile birlikte kurban vecibelerini yerine getirmek isteyen vatanda\u015flar, Mersin B\u00fcy\u00fck\u015fehir Belediyesi&#8217;nin mezbaha ve mobil kesim noktalar\u0131n\u0131n yolunu tuttu. Tar\u0131msal Hizmetler Dairesi Ba\u015fkanl\u0131\u011f\u0131 taraf\u0131ndan her t\u00fcrl\u00fc tedbirlerin al\u0131nd\u0131\u011f\u0131; veteriner hekim, uzman kasaplar ve yetkin personeller e\u015fli\u011finde hem sa\u011fl\u0131kl\u0131 hem hijyenik ko\u015fullarda kurbanlar\u0131n\u0131 \u00fccretsiz bir \u015fekilde kestiren vatanda\u015flar, bu hizmetten olduk\u00e7a memnun kald\u0131. Kurbanl\u0131k cinsine g\u00f6re d\u0131\u015far\u0131da kesim i\u015flemi i\u00e7in \u00fccret \u00f6demek zorunda kalan vatanda\u015flara el uzatan B\u00fcy\u00fck\u015fehir, bu bayram da b\u00fct\u00e7e dostu hizmeti ile vatanda\u015flar\u0131 sevindirdi.<\/p>\n<p>Bu kapsamda B\u00fcy\u00fck\u015fehir; Akdeniz&#8217;de 1, Ayd\u0131nc\u0131k&#8217;ta 1, Bozyaz\u0131&#8217;da 1, G\u00fclnar&#8217;da 1, Mezitli&#8217;de 1, Mut&#8217;ta 1, Silifke&#8217;de 1, Toroslar&#8217;da 2, Yeni\u015fehir&#8217;de 1, Erdemli&#8217;de 2, Tarsus&#8217;ta 6 olmak \u00fczere toplam 18 mobil kesim \u00fcnitesi, Anamur, \u00c7aml\u0131yayla, Erdemli, G\u00fclnar, Mut ve Akdeniz&#8217;de toplam 6 mezbaha ile hizmet verdi.<\/p>\n<p>\u015eahuto\u011flu: &#8220;Bu Bayram&#8217;da da \u00fccretsiz kesim i\u015flemi ile vatanda\u015flar\u0131m\u0131za destek olduk&#8221;<\/p>\n<p>Her y\u0131l oldu\u011fu gibi bu sene de Kurban Bayram&#8217;\u0131nda vatanda\u015flara \u00fccretsiz kurban kesim hizmeti verdiklerini aktaran Tar\u0131msal Hizmetler Dairesi Ba\u015fkan\u0131 Sel\u00e7uk \u015eahuto\u011flu, &#8220;Bu hizmeti hijyenik ortamda verirken ehil kasaplar ve veteriner kontrol\u00fc e\u015fli\u011finde yaparak, toplam 263 personelle beraber sahada haz\u0131r\u0131z. 18 mobil kesim \u00fcnitemiz ve 6 adet de kesimhanemiz var. Mezbahanelerimiz bu sene 2 g\u00fcn hizmet verecek. Mobil kesim \u00fcnitelerimiz Tarsus Ba\u011flar ve 82 Evler&#8217;de kesimin yo\u011fun oldu\u011fu b\u00f6lgelerde 2 g\u00fcn hizmet verece\u011fiz&#8221; dedi.<\/p>\n<p>Verilen hizmetten bahseden \u015eahuto\u011flu, &#8220;Dini vecibelerimizi yerine getirerek vatanda\u015flar\u0131m\u0131zdan vekaleti ald\u0131ktan sonra burada kasaplar\u0131m\u0131z e\u015fli\u011finde hayvanlar kesiliyor ve par\u00e7alanarak ayr\u0131 ayr\u0131 po\u015fetleniyor. Mersin B\u00fcy\u00fck\u015fehir Belediyesi olarak t\u00fcm \u00fclkemizin Kurban Bayram\u0131&#8217;n\u0131 kutluyor, bu bayram da vatanda\u015flar\u0131m\u0131za \u00fccretsiz kesim hizmeti vererek onlara destek oluyoruz&#8221; s\u00f6zlerine yer verdi.<\/p>\n<p>Vatanda\u015flar, B\u00fcy\u00fck\u015fehir&#8217;in vermi\u015f oldu\u011fu hizmeti hem \u00e7ok be\u011fendi hem takdir etti<\/p>\n<p>Vatanda\u015flardan Adem G\u00f6k, B\u00fcy\u00fck\u015fehir&#8217;in kurban kesim hizmetini \u00e7ok be\u011fendi\u011fini s\u00f6yleyerek &#8220;Halk\u0131n hizmetlerine cevap vermek \u00e7ok g\u00fczel bir \u015fey, takdir ediyorum.  Normalde d\u0131\u015far\u0131da 700 ile bin lira aras\u0131 kesim yap\u0131lmakta ve zaten halk\u0131m\u0131z \u015fu an kurban\u0131 zor alabiliyor. Onun i\u00e7in B\u00fcy\u00fck\u015fehir b\u00fcy\u00fck bir hizmet sa\u011fl\u0131yor ve vatanda\u015flar\u0131m\u0131za katk\u0131da bulunabiliyor&#8221; dedi.<\/p>\n<p>Demet G\u00fcndo\u011fdu da hizmetten \u00e7ok memnun kald\u0131\u011f\u0131n\u0131 belirterek &#8220;Kurban ald\u0131\u011f\u0131m\u0131z yerden B\u00fcy\u00fck\u015fehir&#8217;in b\u00f6yle bir hizmeti verdi\u011fini duyduk. \u0130nsanlar i\u00e7in sa\u011fl\u0131k a\u00e7\u0131s\u0131ndan daha iyi ve verimli olmu\u015f. D\u0131\u015far\u0131da olsa belki kesim \u00fccretleri \u00f6denemeyecek ama B\u00fcy\u00fck\u015fehir b\u00f6yle b\u00fcy\u00fck bir katk\u0131 sa\u011flanm\u0131\u015f&#8221; diye konu\u015ftu.<\/p>\n<p>Yasin Demira\u011f ise, &#8220;Daha \u00f6nce bilmiyordum bu hizmeti bug\u00fcn \u00f6\u011frendim. Kurban ald\u0131\u011f\u0131m yerden bu hizmeti \u00f6\u011frendim. G\u00fczel bir hizmet ve \u00e7ok memnun kald\u0131m. Ger\u00e7ekten temiz ve hijyenik bir ortamda kurbanlar\u0131m\u0131z\u0131 kestiriyoruz&#8221; dedi.<\/p>\n<p>Kurban kesim i\u015fleminde B\u00fcy\u00fck\u015fehir&#8217;in mezbahalar\u0131n\u0131 tercih eden vatanda\u015flardan Zeki Kahya, &#8220;G\u00fcvenilir ve gayet g\u00fczeldi. Kurban kesiminden memnun kald\u0131m ve herkese tavsiye ederim&#8221; derken vatanda\u015flardan \u0130kram Kahraman, &#8220;Biz her sene kurbanlar\u0131m\u0131z\u0131 buraya getiriyoruz. B\u00fcy\u00fck\u015fehir Belediye Ba\u015fkan\u0131m\u0131z Vahap Se\u00e7er bize g\u00fczel bir hizmet yap\u0131yor&#8221; ifadelerini kulland\u0131.<\/p>\n<p>B\u00fcy\u00fck\u015fehir&#8217;in mobil kesim \u00fcnitesinde ilk defa kurban kestiren vatanda\u015flardan Cezmi Y\u0131ld\u0131r\u0131mcan, &#8220;Ben Akdeniz&#8217;de oturuyorum. Orada kesim \u00fccreti i\u00e7in benden 900 lira para istediler. Bu y\u00fczden B\u00fcy\u00fck\u015fehir&#8217;i tercih ettim. Temizlik ger\u00e7ekten d\u00f6rt d\u00f6rtl\u00fck ve hijyenik. B\u00fcy\u00fck\u015fehir ger\u00e7ekten g\u00fczel bir hizmet veriyor&#8221; diye konu\u015ftu. <\/p>\n","protected":false},"excerpt":{"rendered":"<p>Kurban Bayram\u0131&#8217;n\u0131n gelmesi ile birlikte kurban vecibelerini yerine getirmek isteyen vatanda\u015flar, Mersin B\u00fcy\u00fck\u015fehir Belediyesi&#8217;nin mezbaha ve mobil kesim noktalar\u0131n\u0131n yolunu tuttu. Tar\u0131msal Hizmetler Dairesi Ba\u015fkanl\u0131\u011f\u0131 taraf\u0131ndan her t\u00fcrl\u00fc tedbirlerin al\u0131nd\u0131\u011f\u0131; veteriner hekim, uzman kasaplar ve yetkin personeller e\u015fli\u011finde hem sa\u011fl\u0131kl\u0131 hem hijyenik ko\u015fullarda kurbanlar\u0131n\u0131 \u00fccretsiz bir \u015fekilde kestiren vatanda\u015flar, bu hizmetten olduk\u00e7a memnun kald\u0131. Kurbanl\u0131k [&hellip;]<\/p>\n","protected":false},"author":2,"featured_media":33384,"comment_status":"open","ping_status":"open","sticky":false,"template":"","format":"standard","meta":{"footnotes":""},"categories":[2,3],"tags":[],"class_list":["post-33383","post","type-post","status-publish","format-standard","has-post-thumbnail","hentry","category-gundem","category-manset"],"views":3,"_links":{"self":[{"href":"https:\/\/mersinkadingazetesi.com\/index.php?rest_route=\/wp\/v2\/posts\/33383"}],"collection":[{"href":"https:\/\/mersinkadingazetesi.com\/index.php?rest_route=\/wp\/v2\/posts"}],"about":[{"href":"https:\/\/mersinkadingazetesi.com\/index.php?rest_route=\/wp\/v2\/types\/post"}],"author":[{"embeddable":true,"href":"https:\/\/mersinkadingazetesi.com\/index.php?rest_route=\/wp\/v2\/users\/2"}],"replies":[{"embeddable":true,"href":"https:\/\/mersinkadingazetesi.com\/index.php?rest_route=%2Fwp%2Fv2%2Fcomments&post=33383"}],"version-history":[{"count":0,"href":"https:\/\/mersinkadingazetesi.com\/index.php?rest_route=\/wp\/v2\/posts\/33383\/revisions"}],"wp:featuredmedia":[{"embeddable":true,"href":"https:\/\/mersinkadingazetesi.com\/index.php?rest_route=\/wp\/v2\/media\/33384"}],"wp:attachment":[{"href":"https:\/\/mersinkadingazetesi.com\/index.php?rest_route=%2Fwp%2Fv2%2Fmedia&parent=33383"}],"wp:term":[{"taxonomy":"category","embeddable":true,"href":"https:\/\/mersinkadingazetesi.com\/index.php?rest_route=%2Fwp%2Fv2%2Fcategories&post=33383"},{"taxonomy":"post_tag","embeddable":true,"href":"https:\/\/mersinkadingazetesi.com\/index.php?rest_route=%2Fwp%2Fv2%2Ftags&post=33383"}],"curies":[{"name":"wp","href":"https:\/\/api.w.org\/{rel}","templated":true}]}}