{"id":33389,"date":"2024-06-18T09:05:01","date_gmt":"2024-06-18T06:05:01","guid":{"rendered":"http:\/\/mersinkadingazetesi.com\/?p=33389"},"modified":"2024-06-18T09:05:01","modified_gmt":"2024-06-18T06:05:01","slug":"buyuksehir-temizlik-ve-hijyen-calismalarini-bayram-boyunca-surdurecek","status":"publish","type":"post","link":"https:\/\/mersinkadingazetesi.com\/?p=33389","title":{"rendered":"B\u00dcY\u00dcK\u015eEH\u0130R, TEM\u0130ZL\u0130K VE H\u0130JYEN \u00c7ALI\u015eMALARINI BAYRAM BOYUNCA S\u00dcRD\u00dcRECEK"},"content":{"rendered":"<p>Kurban Bayram\u0131 boyunca vatanda\u015flar\u0131na h\u0131zl\u0131 ve kesintisiz bir hizmet sunmak i\u00e7in t\u00fcm birimleri ile g\u00f6revde olan Mersin B\u00fcy\u00fck\u015fehir Belediyesi, Kurban Bayram\u0131&#8217;n\u0131n 2. g\u00fcn\u00fcnde \u00c7evre Koruma ve Kontrol Dairesi Ba\u015fkanl\u0131\u011f\u0131 b\u00fcnyesinde 4 merkez il\u00e7ede temizlik ve ila\u00e7lama \u00e7al\u0131\u015fmas\u0131 ger\u00e7ekle\u015ftirdi. Bayram\u0131n ilk g\u00fcn\u00fcnde ba\u015fta merkez olmak \u00fczere il\u00e7elerde mezbahalar\u0131n yan\u0131 s\u0131ra mobil kesim \u00fcniteleri ile vatanda\u015flar\u0131n kurban kesim i\u015flemlerinde \u00fccretsiz olarak hizmet sunan B\u00fcy\u00fck\u015fehir, kesim i\u015flemlerinin tamamlanmas\u0131n\u0131n ard\u0131ndan hummal\u0131 bir hijyen \u00e7al\u0131\u015fmas\u0131 y\u00fcr\u00fctt\u00fc.<\/p>\n<p>Ekipler bu kapsamda Akdeniz, Toroslar, Yeni\u015fehir ve Mezitli il\u00e7elerinde \u00c7evre Koruma ve Kontrol Dairesi ekipleri, \u00e7evre kirlili\u011finin ve sinek, ha\u015fere, larva ve di\u011fer vekt\u00f6r pop\u00fclasyonunun \u00f6n\u00fcne ge\u00e7ebilmek i\u00e7in \u00f6zverili bir \u00e7al\u0131\u015fma ger\u00e7ekle\u015ftirdi.<\/p>\n<p>\u0130lk olarak mobil kesim \u00fcnitesinin \u00e7evresindeki at\u0131klar\u0131 toplayan ekipler, mobil s\u00fcp\u00fcrge ara\u00e7lar\u0131 ile \u00e7evre temizli\u011fi yapt\u0131. Araz\u00f6z yard\u0131m\u0131 ile yollar\u0131 tazyikli su ile y\u0131kayan ekipler ard\u0131ndan mobil \u00fcnite alanlar\u0131 ile birlikte \u00e7\u00f6p konteynerlar\u0131nda ila\u00e7lama ve dezenfektan \u00e7al\u0131\u015fmalar\u0131n\u0131 tamamlad\u0131. Halk sa\u011fl\u0131\u011f\u0131 ile ilgili her t\u00fcrl\u00fc \u00f6nlemleri alan ekipler, kesim noktalar\u0131n\u0131 vatanda\u015flar i\u00e7in yeniden hijyenik hale getirdi. Bayram s\u00fcresince kent genelinde vatanda\u015flar\u0131n olumsuz bir durumla kar\u015f\u0131 kar\u015f\u0131ya kalmamas\u0131 i\u00e7in ekipler, teyakkuzda bekleyecek.<\/p>\n<p>G\u00fcng\u00f6r: &#8220;Ekiplerimiz, kentte olumsuz bir durum ya\u015fanmamas\u0131 i\u00e7in haz\u0131r halde bekliyor&#8221;<\/p>\n<p>\u00c7evre Koruma ve Kontrol Dairesi Ba\u015fkanl\u0131\u011f\u0131na ba\u011fl\u0131 Temizlik Hizmetleri \u015eube \u015eefi Danyal G\u00fcng\u00f6r, Tar\u0131msal Hizmetler Dairesi Ba\u015fkanl\u0131\u011f\u0131&#8217;n\u0131n hizmet sundu\u011fu kurban kesim \u00fcnitelerinin oldu\u011fu noktalarda hummal\u0131 bir \u00e7al\u0131\u015fma y\u00fcr\u00fctt\u00fcklerini ifade etti. G\u00fcng\u00f6r, &#8220;Kurban kesim yerlerinde vatanda\u015flar\u0131m\u0131z\u0131n herhangi bir olumsuzlukla kar\u015f\u0131la\u015fmamas\u0131 ve bu noktalarda herhangi bir kirlili\u011fe meyil verilmemesi i\u00e7in ekiplerimizi o b\u00f6lgelerde haz\u0131r halde bulundurduk. Alanda \u00f6nce genel bir temizlik yapt\u0131k. Ard\u0131ndan y\u0131kama araz\u00f6z\u00fcm\u00fcz ile temizlik yapt\u0131k ve ila\u00e7lama hizmetlerini y\u00fcr\u00fctt\u00fck. \u0130l\u00e7elerimizde 201 ila\u00e7lama personelimiz ve 176 personelimizle aral\u0131ks\u0131z hizmet vermekteyiz&#8221; dedi.<\/p>\n<p>Vatanda\u015flar\u0131n taleplerini &#8216;Teksin&#8217; veya &#8216;Alo 185&#8217; hatt\u0131 \u00fczerinden iletebileceklerini belirten G\u00fcng\u00f6r, &#8220;Vatanda\u015flar\u0131m\u0131z bize ula\u015ft\u0131klar\u0131 taktirde sorunlar\u0131n\u0131 h\u0131zl\u0131 bir \u015fekilde \u00e7\u00f6z\u00fcme kavu\u015fturuyoruz&#8221; s\u00f6zlerine yer verdi.<\/p>\n","protected":false},"excerpt":{"rendered":"<p>Kurban Bayram\u0131 boyunca vatanda\u015flar\u0131na h\u0131zl\u0131 ve kesintisiz bir hizmet sunmak i\u00e7in t\u00fcm birimleri ile g\u00f6revde olan Mersin B\u00fcy\u00fck\u015fehir Belediyesi, Kurban Bayram\u0131&#8217;n\u0131n 2. g\u00fcn\u00fcnde \u00c7evre Koruma ve Kontrol Dairesi Ba\u015fkanl\u0131\u011f\u0131 b\u00fcnyesinde 4 merkez il\u00e7ede temizlik ve ila\u00e7lama \u00e7al\u0131\u015fmas\u0131 ger\u00e7ekle\u015ftirdi. Bayram\u0131n ilk g\u00fcn\u00fcnde ba\u015fta merkez olmak \u00fczere il\u00e7elerde mezbahalar\u0131n yan\u0131 s\u0131ra mobil kesim \u00fcniteleri ile vatanda\u015flar\u0131n kurban [&hellip;]<\/p>\n","protected":false},"author":2,"featured_media":33390,"comment_status":"open","ping_status":"open","sticky":false,"template":"","format":"standard","meta":{"footnotes":""},"categories":[2,3],"tags":[],"class_list":["post-33389","post","type-post","status-publish","format-standard","has-post-thumbnail","hentry","category-gundem","category-manset"],"views":6,"_links":{"self":[{"href":"https:\/\/mersinkadingazetesi.com\/index.php?rest_route=\/wp\/v2\/posts\/33389"}],"collection":[{"href":"https:\/\/mersinkadingazetesi.com\/index.php?rest_route=\/wp\/v2\/posts"}],"about":[{"href":"https:\/\/mersinkadingazetesi.com\/index.php?rest_route=\/wp\/v2\/types\/post"}],"author":[{"embeddable":true,"href":"https:\/\/mersinkadingazetesi.com\/index.php?rest_route=\/wp\/v2\/users\/2"}],"replies":[{"embeddable":true,"href":"https:\/\/mersinkadingazetesi.com\/index.php?rest_route=%2Fwp%2Fv2%2Fcomments&post=33389"}],"version-history":[{"count":0,"href":"https:\/\/mersinkadingazetesi.com\/index.php?rest_route=\/wp\/v2\/posts\/33389\/revisions"}],"wp:featuredmedia":[{"embeddable":true,"href":"https:\/\/mersinkadingazetesi.com\/index.php?rest_route=\/wp\/v2\/media\/33390"}],"wp:attachment":[{"href":"https:\/\/mersinkadingazetesi.com\/index.php?rest_route=%2Fwp%2Fv2%2Fmedia&parent=33389"}],"wp:term":[{"taxonomy":"category","embeddable":true,"href":"https:\/\/mersinkadingazetesi.com\/index.php?rest_route=%2Fwp%2Fv2%2Fcategories&post=33389"},{"taxonomy":"post_tag","embeddable":true,"href":"https:\/\/mersinkadingazetesi.com\/index.php?rest_route=%2Fwp%2Fv2%2Ftags&post=33389"}],"curies":[{"name":"wp","href":"https:\/\/api.w.org\/{rel}","templated":true}]}}