{"id":33402,"date":"2024-06-20T12:50:40","date_gmt":"2024-06-20T09:50:40","guid":{"rendered":"http:\/\/mersinkadingazetesi.com\/?p=33402"},"modified":"2024-06-20T12:50:40","modified_gmt":"2024-06-20T09:50:40","slug":"mersine-yaptigimiz-en-onemli-hizmet-ayrimciligi-ortadan-kaldirmak","status":"publish","type":"post","link":"https:\/\/mersinkadingazetesi.com\/?p=33402","title":{"rendered":"&#8220;MERS\u0130N&#8217;E YAPTI\u011eIMIZ EN \u00d6NEML\u0130 H\u0130ZMET AYRIMCILI\u011eI ORTADAN KALDIRMAK&#8221;"},"content":{"rendered":"<p>Mersin B\u00fcy\u00fck\u015fehir Belediye Ba\u015fkan\u0131 Vahap Se\u00e7er, Kurban Bayram\u0131 dolay\u0131s\u0131yla Mersinli yurtta\u015flarla bir araya gelmeyi s\u00fcrd\u00fcr\u00fcyor. Bu kapsamda bir dizi ziyaret ger\u00e7ekle\u015ftiren Se\u00e7er, bu kez de Mezitli halk\u0131yla bayramla\u015ft\u0131. Mezitli&#8217;de Kuzucubelen, Akarca, F\u0131nd\u0131kp\u0131nar\u0131, Sar\u0131lar ve Tepek\u00f6y Mahallelerini gezen Se\u00e7er, yurtta\u015flar taraf\u0131ndan ilgiyle kar\u015f\u0131land\u0131.<\/p>\n<p>Mezitli&#8217;de ilk ziyaret Kuzucubelen Mahallesi&#8217;ne<\/p>\n<p>\u0130lk ziyareti Mezitli il\u00e7esine ba\u011fl\u0131 Kuzucubelen Mahallesi&#8217;ne ger\u00e7ekle\u015ftiren Ba\u015fkan Se\u00e7er, mahalle halk\u0131n\u0131n bayram\u0131n\u0131 kutlad\u0131. \u0130lk olarak Mezitli&#8217;de Kuzucubelen Mahallesi&#8217;ndeki yurtta\u015fla bir araya gelen Ba\u015fkan Se\u00e7er, herkesin bayram\u0131n kutlayarak konu\u015fmas\u0131na ba\u015flad\u0131. Yo\u011fun ilgiyle kar\u015f\u0131lanan Se\u00e7er, ikinci kez se\u00e7ilmesinin y\u00f6netimin istikrar\u0131 i\u00e7in \u00f6nemli oldu\u011funa de\u011finerek, &#8220;Bu ba\u015fkan olarak beni de beraber \u00e7al\u0131\u015ft\u0131\u011f\u0131m arkada\u015flar\u0131m\u0131 da onure etti. 12 bin insan \u00e7al\u0131\u015f\u0131yor. \u00c7al\u0131\u015fan ancak g\u00f6r\u00fcnmeyen bir\u00e7ok kahraman var&#8221; diyerek, ba\u015far\u0131y\u0131 b\u00fct\u00fcn B\u00fcy\u00fck\u015fehir \u00e7al\u0131\u015fanlar\u0131yla beraber elde ettiklerini s\u00f6yledi.<\/p>\n<p>&#8220;Halk\u0131n paras\u0131 halka aktar\u0131ld\u0131&#8221;<\/p>\n<p>Y\u00fcksek oranda gelen oyun halk\u0131n g\u00fcveninden kaynakland\u0131\u011f\u0131n\u0131 belirten Se\u00e7er, &#8220;Bu bizi daha g\u00fc\u00e7l\u00fc yapt\u0131, Meclis \u00e7o\u011funlu\u011funu ald\u0131k. Olmas\u0131 gereken, \u00fczerinde tart\u0131\u015f\u0131lmayacak kararlar bile Meclis&#8217;ten \u00e7\u0131km\u0131yordu. Televizyon ekranlar\u0131ndan bunu vatanda\u015f izliyordu. Ben bunu anlatsam bu kadar ikna edici olmaz ama orada g\u00f6rd\u00fcler&#8221; dedi. Mevcut imkanlar i\u00e7erisinde her \u015feyi en iyi \u015fekilde yapt\u0131klar\u0131n\u0131 kaydeden Se\u00e7er, &#8220;Yol da yap\u0131ld\u0131, sosyal destek de verildi. Ya\u015fl\u0131 insanlara da bak\u0131ld\u0131, \u00f6\u011frencilerin de derdi dinlendi, herkese dokunuldu. Belediyeye gelen kaynak bir emanet olarak g\u00f6r\u00fcld\u00fc. Her kuru\u015funun vebalinin a\u011f\u0131r oldu\u011fu bilinciyle halk\u0131n paras\u0131 halka aktar\u0131ld\u0131&#8221; s\u00f6zlerine yer verdi.<\/p>\n<p>Mersin&#8217;de yurtta\u015f\u0131n adaletli hizmeti g\u00f6rmesiyle oy verdi\u011fini vurgulayan Se\u00e7er, &#8220;Bu se\u00e7im sonucu; hizmetle, insanlara gitmekle, insanlar\u0131 sevmekle, saymakla, d\u00fcr\u00fcst davranmakla ve onlar\u0131n kalbine girmekle oldu. \u0130kinci 5 y\u0131l\u0131m\u0131zda da bunu s\u00fcrd\u00fcrece\u011fiz&#8221; s\u00f6zlerine yer verdi. Kuzucubelen&#8217;den her zaman y\u00fcksek oy ald\u0131\u011f\u0131n\u0131 kaydeden Se\u00e7er, her tarafa g\u00f6t\u00fcrd\u00fckleri e\u015fit hizmeti bu mahalleye de getirdiklerini ve muhtar\u0131n her talebi de kendisine iletti\u011fini belirtti. <\/p>\n<p>Se\u00e7er, Akarca Mahallesi halk\u0131yla bir araya geldi<\/p>\n<p>Ard\u0131ndan Akarca&#8217;ya giden Se\u00e7er, yurtta\u015f\u0131n bayram\u0131n\u0131 kutlad\u0131 ve taleplerini dinledi. Yaylalarda yaz\u0131n artan n\u00fcfus nedeniyle ya\u015fanabilecek su sorununa ili\u015fkin \u00f6nlem almak i\u00e7in ellerinden geleni yapt\u0131klar\u0131n\u0131 s\u00f6yleyen Se\u00e7er, &#8220;B\u00f6yle y\u00fcksek ve k\u00f6y yerlerinde baz\u0131 \u015fikayetler geliyor, onlar\u0131 da gideriyoruz. Tankerle bile su ta\u015f\u0131t\u0131yoruz ve her yere g\u00f6nderiyoruz&#8221; dedi.<\/p>\n<p>&#8220;Uyumlu bir 5 y\u0131l ge\u00e7irmek istiyoruz&#8221;<\/p>\n<p>Muhtarlar\u0131n b\u00fcy\u00fck bir \u00e7o\u011funlu\u011funun B\u00fcy\u00fck\u015fehir ile uyumlu \u00e7al\u0131\u015ft\u0131\u011f\u0131n\u0131 ve bu sayede mahallelere hizmetlerin daha h\u0131zl\u0131 gitti\u011fini s\u00f6yleyen Se\u00e7er, &#8220;Muhtarlar\u0131m\u0131zdan bu y\u00fczden memnunuz. Mersin&#8217;de \u00e7ok b\u00fcy\u00fck de\u011fi\u015fiklik oldu, 7 il\u00e7e belediye ba\u015fkan\u0131 de\u011fi\u015fti. Yurtta\u015fa hizmet yaparsan &#8216;Kim tutar seni?&#8217; der ve destek olur ama hizmet yapmasan biletini keser. B\u00fcy\u00fck\u015fehir, k\u00fc\u00e7\u00fck \u015fehir ayr\u0131m\u0131 olmadan da uyumlu bir 5 y\u0131l ge\u00e7irmek istiyoruz&#8221; diyerek, Akarca halk\u0131na desteklerinden dolay\u0131 te\u015fekk\u00fcr etti.<\/p>\n<p>&#8220;Mersin&#8217;e yapt\u0131\u011f\u0131m\u0131z en \u00f6nemli hizmet ayr\u0131mc\u0131l\u0131\u011f\u0131 ortadan kald\u0131rmak&#8221;<\/p>\n<p>Mersin&#8217;e yapt\u0131klar\u0131 en \u00f6nemli hizmetin ayr\u0131mc\u0131l\u0131\u011f\u0131 ortadan kald\u0131rmak oldu\u011funu s\u00f6yleyen Se\u00e7er, &#8220;Biz \u00fclkede ayr\u0131mc\u0131l\u0131k istemiyoruz. Herkes zarar g\u00f6rd\u00fc, millet kavga sevmiyor. Biz bunu hep anlatmaya \u00e7al\u0131\u015ft\u0131k. Meclis toplant\u0131lar\u0131n\u0131 izlediniz mi? Her ay kavga ediyorduk, yorulduk. Huzur i\u00e7erisinde \u00e7al\u0131\u015fmak enerjimizi de diri tutuyor, kavgayla, g\u00fcr\u00fclt\u00fcyle bu i\u015fler olmuyor. Mersinimize \u00e7ok daha g\u00fczel hizmetler yapaca\u011f\u0131z. Mersinimiz de \u00fclkemiz de hizmetin en g\u00fczeline lay\u0131k. Bunu hak ediyor, yapaca\u011f\u0131z ve ba\u015faraca\u011f\u0131z&#8221; dedi.<\/p>\n<p>Se\u00e7er, F\u0131nd\u0131kp\u0131nar\u0131&#8217;nda esnaf gezdi, halk\u0131n bayram\u0131n\u0131 kutlad\u0131<\/p>\n<p>Daha sonda F\u0131nd\u0131kp\u0131nar\u0131 Mahallesi&#8217;ne giden Se\u00e7er, burada mahalle esnaf\u0131n\u0131 ziyaret ederek esnaf\u0131n ve yurtta\u015flar\u0131n bayram\u0131n\u0131 kutlad\u0131. B\u00fcy\u00fck\u015fehir taraf\u0131ndan F\u0131nd\u0131kp\u0131nar\u0131&#8217;na kazand\u0131r\u0131lan katl\u0131 otopark ve pazar yerini de inceleyen Se\u00e7er, mahalle halk\u0131n\u0131n yo\u011fun sevgisi ve memnuniyetiyle kar\u015f\u0131la\u015ft\u0131.<\/p>\n<p>Sar\u0131lar Mahalle halk\u0131ndan Se\u00e7er&#8217;e sevgi seli<\/p>\n<p>Ziyaretlerini Sar\u0131lar Mahallesi&#8217;yle s\u00fcrd\u00fcren Se\u00e7er, burada mahalle halk\u0131 taraf\u0131ndan ilgi ve sevgiyle kar\u015f\u0131land\u0131. Sar\u0131lar&#8217;da yurtta\u015flardan gelen talepleri dinleyerek cevap veren Se\u00e7er, yurtta\u015flar\u0131n bayram\u0131n\u0131 kutlayarak mahalleden ayr\u0131ld\u0131.<\/p>\n<p>Mezitli&#8217;deki son ziyaret Tepek\u00f6y Mahallesi&#8217;ne oldu<\/p>\n<p>Son ziyaretini Tepek\u00f6y Mahallesi&#8217;ne ger\u00e7ekle\u015ftiren Se\u00e7er, 7&#8217;den 70&#8217;e t\u00fcm yurtta\u015flar\u0131n sevgisiyle kar\u015f\u0131la\u015ft\u0131. Mahalle halk\u0131n\u0131n bayram\u0131n\u0131 kutlayan Se\u00e7er, T\u00fcrkiye&#8217;de bolluk, bereket, huzur ve mutlulu\u011fun hakim olmas\u0131n\u0131 temenni etti. Yurtta\u015f\u0131n huzur ve hizmet istedi\u011fini s\u00f6yleyen Se\u00e7er, &#8220;Mersin&#8217;de \u00e7al\u0131\u015fan, yurtta\u015fa giden ve hizmet eden kazan\u0131r. Mersin&#8217;in 806 mahallesine, her yere ula\u015fmaya gayret ettik. Mersin tarihinde, B\u00fcy\u00fck\u015fehirlerde bu kadar \u00e7ok gezen ba\u015fkan say\u0131s\u0131 azd\u0131r. Her yere gitmeye \u00e7al\u0131\u015ft\u0131k&#8221; diyerek herkese dokunmaya gayret etti\u011fini s\u00f6yledi.<\/p>\n<p>Oy veren, vermeyen her yurtta\u015f\u0131n yan\u0131nda olduklar\u0131n\u0131 ve e\u015fit hizmet g\u00f6t\u00fcrd\u00fcklerinin alt\u0131n\u0131 \u00e7izen Se\u00e7er, &#8220;Hizmetimizi g\u00f6renler ve bizi tan\u0131yanlar oy vermeye ba\u015flad\u0131. Yeter ki hizmet yapal\u0131m&#8221; dedi. K\u00f6yl\u00fcn\u00fcn yolunun yap\u0131lmas\u0131n\u0131, soka\u011f\u0131n\u0131n temizlenmesini istedi\u011fini s\u00f6yleyen Se\u00e7er, bu t\u00fcr hizmetleri ger\u00e7ekle\u015ftirmeye devam edeceklerini ve memnuniyetin kat be kat arataca\u011f\u0131n\u0131 vurgulayarak, &#8220;\u00c7ocuklar\u0131m\u0131z da bizden memnun, nur y\u00fczleri g\u00fcl\u00fcyor. Hi\u00e7bir \u00e7ocuk zorla birini sevmez ama gelir Vahap amcas\u0131na sar\u0131l\u0131r. Hep b\u00f6yle olal\u0131m, birbirimizi sevelim, \u00e7ocuklar\u0131m\u0131z\u0131 sevelim&#8221; \u015feklinde konu\u015ftu.<\/p>\n<p>&#8220;Yeter ki sen \u00fcret, bizde her hizmet var&#8221;<\/p>\n<p>Tepek\u00f6y&#8217;de bulunan orman yolunun B\u00fcy\u00fck\u015fehir&#8217;in sorumluluk alan\u0131nda olmamas\u0131na ra\u011fmen b\u00fcy\u00fck bir k\u0131sm\u0131n\u0131 tamamlad\u0131klar\u0131n\u0131 s\u00f6yleyen Se\u00e7er, paket at\u0131ksu ar\u0131tma tesisini de yapt\u0131klar\u0131n\u0131 kaydetti. Ayn\u0131 zamanda fide-fidan, sulama borusu, g\u00fcbre deste\u011fi ve zirai ila\u00e7 gibi bir\u00e7ok deste\u011fi de sunduklar\u0131n\u0131n alt\u0131n\u0131 \u00e7izen Se\u00e7er, &#8220;Bizde yok yok, yeter ki sen \u00fcret. \u00d6zellikle kad\u0131nlar\u0131 \u00f6nemsiyoruz, kad\u0131nlar \u00e7al\u0131\u015fs\u0131n, \u00fcretsin ve eve katk\u0131 yaps\u0131n. Ayn\u0131 zamanda tar\u0131mda G\u00fcne\u015f Enerjisi Santrali (GES) deste\u011fini de a\u00e7\u0131klam\u0131\u015ft\u0131m. Siz en b\u00fcy\u00fck paray\u0131 elektrik faturas\u0131na \u00f6d\u00fcyorsunuz. GES projesi yap\u0131n, bizden proje deste\u011fi al\u0131n. Biz verdi\u011fimiz s\u00f6z\u00fc mutlaka yerine getirece\u011fiz&#8221; diyerek \u00e7al\u0131\u015fmaya devam edeceklerini vurgulad\u0131.<\/p>\n<p>&#8220;Bizim d\u00fcsturumuz \u00e7al\u0131\u015fmak&#8221; diyen Se\u00e7er, sorumluluklar\u0131n\u0131n biliciyle bayram-seyran, gece-g\u00fcnd\u00fcz demeden \u00e7al\u0131\u015fmaya devam edeceklerini belirtti. CHP&#8217;li bir belediye ba\u015fkan\u0131 oldu\u011funu ancak buna kar\u015f\u0131n hizmetlerde hi\u00e7bir ayr\u0131m yapmad\u0131klar\u0131n\u0131 ifade eden Se\u00e7er, &#8220;T\u00fcrkiye&#8217;de adaletsizlikten \u015fikayet ediyorsak adaletsizlik ve ayr\u0131mc\u0131l\u0131k yapmay\u0131z. Bunu ge\u00e7ti\u011fimiz 5 y\u0131lda hi\u00e7bir yurtta\u015f\u0131m g\u00f6rmedi, ikinci 5 y\u0131l\u0131m\u0131zda da g\u00f6rmeyecek. Biz bu se\u00e7imlerde sadece CHP&#8217;lilerin oyunu almad\u0131k, y\u00fczde 60 oy al\u0131nd\u0131, oylar i\u00e7erisinde bir\u00e7ok partilinin oyu vard\u0131&#8221; dedi.<\/p>\n<p>&#8220;Milletimizin ferasetine inan\u0131yoruz&#8221;<\/p>\n<p>Farkl\u0131 siyasi tercihler olan yurtta\u015flara seslenen Se\u00e7er, &#8220;Art\u0131k tak\u0131m tutar gibi parti tutma devri de\u011fil, \u00fclkenin selameti a\u00e7\u0131s\u0131ndan kimi uygun g\u00f6r\u00fcyorsan\u0131z deste\u011finizi ona verin. \u0130ktidarlar yorulabilir, de\u011fi\u015fim \u00fclke i\u00e7in faydal\u0131 olur. Bug\u00fcne kadar CHP&#8217;nin kap\u0131s\u0131ndan ge\u00e7memi\u015f, kendisini milliyet\u00e7i olarak tan\u0131mlayan insanlar da geldi, bana oy verdi. Yurtta\u015f ger\u00e7ekleri ve do\u011fruyu g\u00f6rd\u00fc. &#8216;\u00dclke insan\u0131 olarak bir arada olal\u0131m, iri olal\u0131m, diri olal\u0131m, g\u00fc\u00e7l\u00fc olal\u0131m, d\u00fcnyayla rekabet edelim&#8217; diyerek, sand\u0131kta milletimiz bunu g\u00f6sterdi. Biz milletimizin ferasetine inan\u0131yoruz. Milletimiz i\u00e7in de \u00e7al\u0131\u015fmaya devam edece\u011fiz&#8221; diyerek, yurtta\u015flarla vedala\u015ft\u0131.<\/p>\n<p>Bayram ziyaretlerinde; CHP Mersin Milletvekili G\u00fclcan K\u0131\u015f ve CHP Mezitli \u0130l\u00e7e Ba\u015fkan\u0131 Ula\u015f Y\u0131lmaz da yurtta\u015flar\u0131n bayram\u0131n\u0131 kutlad\u0131.<\/p>\n<p>Kuzucubelen Mahalle Muhtar\u0131 Halil \u0130brahim Y\u0131ld\u0131r\u0131m, Akarca Mahalle Muhtar\u0131 Mehmet Uysal, F\u0131nd\u0131kp\u0131nar\u0131 Mahalle Muhtar\u0131 Kenan Dizman, Sar\u0131lar Mahalle Muhtar\u0131 Mutlu Ayva ve Tepek\u00f6y Mahalle Muhtar\u0131 Erdem G\u00fcner de B\u00fcy\u00fck\u015fehir&#8217;in hizmetlerinden \u00f6t\u00fcr\u00fc duyduklar\u0131 memnuniyeti dile getirerek talep ve isteklerini belirtti.<\/p>\n","protected":false},"excerpt":{"rendered":"<p>Mersin B\u00fcy\u00fck\u015fehir Belediye Ba\u015fkan\u0131 Vahap Se\u00e7er, Kurban Bayram\u0131 dolay\u0131s\u0131yla Mersinli yurtta\u015flarla bir araya gelmeyi s\u00fcrd\u00fcr\u00fcyor. Bu kapsamda bir dizi ziyaret ger\u00e7ekle\u015ftiren Se\u00e7er, bu kez de Mezitli halk\u0131yla bayramla\u015ft\u0131. Mezitli&#8217;de Kuzucubelen, Akarca, F\u0131nd\u0131kp\u0131nar\u0131, Sar\u0131lar ve Tepek\u00f6y Mahallelerini gezen Se\u00e7er, yurtta\u015flar taraf\u0131ndan ilgiyle kar\u015f\u0131land\u0131. Mezitli&#8217;de ilk ziyaret Kuzucubelen Mahallesi&#8217;ne \u0130lk ziyareti Mezitli il\u00e7esine ba\u011fl\u0131 Kuzucubelen Mahallesi&#8217;ne ger\u00e7ekle\u015ftiren [&hellip;]<\/p>\n","protected":false},"author":2,"featured_media":33403,"comment_status":"open","ping_status":"open","sticky":false,"template":"","format":"standard","meta":{"footnotes":""},"categories":[1,2,3,6],"tags":[],"class_list":["post-33402","post","type-post","status-publish","format-standard","has-post-thumbnail","hentry","category-genel","category-gundem","category-manset","category-siyaset-2"],"views":10,"_links":{"self":[{"href":"https:\/\/mersinkadingazetesi.com\/index.php?rest_route=\/wp\/v2\/posts\/33402"}],"collection":[{"href":"https:\/\/mersinkadingazetesi.com\/index.php?rest_route=\/wp\/v2\/posts"}],"about":[{"href":"https:\/\/mersinkadingazetesi.com\/index.php?rest_route=\/wp\/v2\/types\/post"}],"author":[{"embeddable":true,"href":"https:\/\/mersinkadingazetesi.com\/index.php?rest_route=\/wp\/v2\/users\/2"}],"replies":[{"embeddable":true,"href":"https:\/\/mersinkadingazetesi.com\/index.php?rest_route=%2Fwp%2Fv2%2Fcomments&post=33402"}],"version-history":[{"count":0,"href":"https:\/\/mersinkadingazetesi.com\/index.php?rest_route=\/wp\/v2\/posts\/33402\/revisions"}],"wp:featuredmedia":[{"embeddable":true,"href":"https:\/\/mersinkadingazetesi.com\/index.php?rest_route=\/wp\/v2\/media\/33403"}],"wp:attachment":[{"href":"https:\/\/mersinkadingazetesi.com\/index.php?rest_route=%2Fwp%2Fv2%2Fmedia&parent=33402"}],"wp:term":[{"taxonomy":"category","embeddable":true,"href":"https:\/\/mersinkadingazetesi.com\/index.php?rest_route=%2Fwp%2Fv2%2Fcategories&post=33402"},{"taxonomy":"post_tag","embeddable":true,"href":"https:\/\/mersinkadingazetesi.com\/index.php?rest_route=%2Fwp%2Fv2%2Ftags&post=33402"}],"curies":[{"name":"wp","href":"https:\/\/api.w.org\/{rel}","templated":true}]}}