{"id":33412,"date":"2024-06-21T12:50:39","date_gmt":"2024-06-21T09:50:39","guid":{"rendered":"http:\/\/mersinkadingazetesi.com\/?p=33412"},"modified":"2024-06-21T12:50:39","modified_gmt":"2024-06-21T09:50:39","slug":"sivil-katilimi-guclendirme-eylem-planinin-taslagi-olusturuldu","status":"publish","type":"post","link":"https:\/\/mersinkadingazetesi.com\/?p=33412","title":{"rendered":"Sivil Kat\u0131l\u0131m\u0131 G\u00fc\u00e7lendirme Eylem Plan\u0131&#8217;n\u0131n tasla\u011f\u0131 olu\u015fturuldu"},"content":{"rendered":"<p>T\u00fcrkiye&#8217;de yerel d\u00fczeyde s\u00fcrd\u00fcr\u00fclebilir bir sivil mekanizman\u0131n kurulmas\u0131n\u0131 ve g\u00fc\u00e7lendirilmesini ama\u00e7layan, Mersin B\u00fcy\u00fck\u015fehir Belediyesi&#8217;nin de pilot illerden biri se\u00e7ildi\u011fi &#8216;T\u00fcrkiye&#8217;de Demokratik Yerel Y\u00f6neti\u015fimin Geli\u015ftirilmesi \u0130\u00e7in Sivil Kat\u0131l\u0131m\u0131n G\u00fc\u00e7lendirilmesi Projesi&#8217; kapsam\u0131nda y\u00fcr\u00fct\u00fclen \u00e7al\u0131\u015fmalar devam ediyor. Avrupa Birli\u011fi taraf\u0131ndan finanse edilen ve Birle\u015fmi\u015f Milletler Kalk\u0131nma Program\u0131 (UNDP) taraf\u0131ndan uygulanan, ana faydalan\u0131c\u0131s\u0131 T\u00fcrkiye Belediyeler Birli\u011fi, e\u015f faydalan\u0131c\u0131s\u0131 ise \u0130\u00e7i\u015fleri Bakanl\u0131\u011f\u0131 Sivil Toplumla \u0130li\u015fkiler Genel M\u00fcd\u00fcrl\u00fc\u011f\u00fc olan proje kapsam\u0131nda UNDP proje ekibi, 2 g\u00fcn boyunca Mersin&#8217;de a\u011f\u0131rland\u0131.<\/p>\n<p>Proje ekibi ilk g\u00fcn, &#8216;Sivil Kat\u0131l\u0131m G\u00f6rev G\u00fcc\u00fc ve Sivil Kat\u0131l\u0131m Strateji ve Eylem Plan\u0131&#8217;n\u0131n belediye \u00fcst y\u00f6netimine aktar\u0131lmas\u0131 i\u00e7in B\u00fcy\u00fck\u015fehir Belediyesi&#8217;ni ziyaret etti. Projenin y\u00fcr\u00fct\u00fclmesine dair a\u015famalar\u0131n konu\u015fuldu\u011fu ve B\u00fcy\u00fck\u015fehir Belediyesi Enc\u00fcmen Salonu&#8217;nda ger\u00e7ekle\u015fen ziyarete; Mersin B\u00fcy\u00fck\u015fehir Belediyesi Genel Sekreteri Olcay Tok, Genel Sekreter Yard\u0131mc\u0131s\u0131 Serdal G\u00f6kayaz, Mersin Kent Konseyi Ba\u015fkan\u0131 Ayferi Tu\u011fcu, B\u00fcy\u00fck\u015fehir Belediyesi K\u00fclt\u00fcr ve Sosyal \u0130\u015fler Dairesi Kent Kat\u0131l\u0131m\u0131 ve Sivil Toplum ile \u0130li\u015fkiler \u015eube M\u00fcd\u00fcr\u00fc Ba\u015far Ak\u00e7a kat\u0131ld\u0131.<\/p>\n<p>Sivil Kat\u0131l\u0131m\u0131 G\u00fc\u00e7lendirme Eylem Plan\u0131&#8217;n\u0131n tasla\u011f\u0131 olu\u015fturuldu<\/p>\n<p>\u0130kinci g\u00fcn ise, &#8216;Sivil Kat\u0131l\u0131m G\u00f6rev G\u00fcc\u00fc ve Sivil Kat\u0131l\u0131m Strateji ve Eylem Plan\u0131&#8217;ndaki hedeflerin B\u00fcy\u00fck\u015fehir Belediyesi Stratejik Plan\u0131&#8217;na entegre edilmesi, uygulanmas\u0131 ve takibine ili\u015fkin stratejilerin geli\u015ftirilmesi \u00fczerine toplant\u0131 d\u00fczenlendi. B\u00fcy\u00fck\u015fehir Belediyesi MERKON Binas\u0131&#8217;nda d\u00fczenlenen toplant\u0131ya; Mersin Kent Konseyi Ba\u015fkan\u0131 Ayferi Tu\u011fcu, B\u00fcy\u00fck\u015fehir Belediyesi K\u00fclt\u00fcr ve Sosyal \u0130\u015fler Dairesi Kent Kat\u0131l\u0131m\u0131 ve Sivil Toplum ile \u0130li\u015fkiler \u015eube M\u00fcd\u00fcr\u00fc Ba\u015far Ak\u00e7a, \u00e7e\u015fitli kurum ve kurulu\u015flar\u0131n temsilcileri ile STK temsilcileri kat\u0131l\u0131m sa\u011flad\u0131. Toplant\u0131da; sivil toplum kurulu\u015flar\u0131n\u0131n karar alma mekanizmalar\u0131na kat\u0131l\u0131m\u0131n art\u0131r\u0131lmas\u0131, g\u00fcven ve kar\u015f\u0131l\u0131kl\u0131 anlay\u0131\u015fa dayal\u0131 sivil toplum- kamu i\u015f birli\u011finin g\u00fc\u00e7lendirilmesi ve s\u00fcrd\u00fcr\u00fclebilir bir ortam sa\u011flanmas\u0131na y\u00f6nelik eylem plan\u0131 konu\u015fuldu.<\/p>\n<p>Ak\u00e7a: &#8220;B\u00fcy\u00fck\u015fehir; sivil kat\u0131l\u0131ma ve sivil inisiyatife \u00e7ok de\u011fer veren bir belediye&#8221;<\/p>\n<p>B\u00fcy\u00fck\u015fehir Belediyesi K\u00fclt\u00fcr ve Sosyal \u0130\u015fler Dairesi Kent Kat\u0131l\u0131m\u0131 ve Sivil Toplum ile \u0130li\u015fkiler \u015eube M\u00fcd\u00fcr\u00fc Ba\u015far Ak\u00e7a, 7 pilot ilde uygulanan &#8216;T\u00fcrkiye&#8217;de Demokratik Yerel Y\u00f6neti\u015fimin Geli\u015ftirilmesi \u0130\u00e7in Sivil Kat\u0131l\u0131m\u0131n G\u00fc\u00e7lendirilmesi Projesi&#8217;nin ayaklar\u0131ndan birinin de Mersin B\u00fcy\u00fck\u015fehir Belediyesi oldu\u011funu dile getirdi. Ak\u00e7a, &#8220;Bu kapsamda t\u00fcm sivil kat\u0131l\u0131m ve g\u00f6rev g\u00fcc\u00fc bile\u015fenleri, Mersin&#8217;de saha ziyaretlerini ger\u00e7ekle\u015ftirdiler. B\u00fcy\u00fck\u015fehir 2019&#8217;dan itibaren zaten sivil kat\u0131l\u0131ma, sivil inisiyatife \u00e7ok de\u011fer veren, karar alma politikalar\u0131na ve mekanizmalar\u0131na bu anlay\u0131\u015f\u0131 dahil eden bir y\u00f6netim sistemine sahip. Asl\u0131nda bu projenin genel amac\u0131 da bu. Dolay\u0131s\u0131yla Mersin, di\u011fer illere g\u00f6re bu projenin uygulanmas\u0131nda, \u00e7ok daha \u00f6nceden ba\u015flam\u0131\u015f \u00f6zelli\u011fini koruyor&#8221; ifadelerini kulland\u0131.<\/p>\n<p>Proje ile birlikte kentte sivil karar mekanizmalar\u0131n\u0131n aktif rol almas\u0131n\u0131 da ama\u00e7lad\u0131klar\u0131n\u0131 vurgulayan Ak\u00e7a, &#8220;Onlar\u0131n fikirlerinin de\u011ferlendirilmesi, \u00f6nerilerin al\u0131nmas\u0131 sistemini biz zaten uyguluyoruz. Bu projede, kamu kurum ve kurulu\u015flar\u0131yla STK&#8217;lar bir araya geliyor. G\u00f6\u00e7, afet, yerinde kalk\u0131nma ve giri\u015fimcilik konular\u0131nda sivil toplum ve kamu kurum kurulu\u015flar\u0131n\u0131n Mersin&#8217;e fayda sa\u011flayacak projelerde bir eylem plan\u0131 kapsam\u0131nda \u00e7al\u0131\u015fmas\u0131 ve bu \u00e7al\u0131\u015fmalar\u0131n \u00e7\u0131kt\u0131lar\u0131n\u0131n yak\u0131n d\u00f6nemde de sunulmas\u0131 ama\u00e7lan\u0131yor&#8221; s\u00f6zlerine yer verdi.<\/p>\n<p>G\u00fclta\u015fl\u0131: &#8220;Proje, kentte geli\u015fmi\u015f olan sivil kat\u0131l\u0131m k\u00fclt\u00fcr\u00fcne \u00e7ok b\u00fcy\u00fck katk\u0131 sa\u011flayacak&#8221;<\/p>\n<p>Birle\u015fmi\u015f Milletler Kalk\u0131nma Program\u0131&#8217;nda K\u0131demli Uzman Metehan G\u00fclta\u015fl\u0131, Mersin B\u00fcy\u00fck\u015fehir Belediyesi&#8217;nin ev sahipli\u011fi yapt\u0131\u011f\u0131 &#8216;T\u00fcrkiye&#8217;de Demokratik Yerel Y\u00f6neti\u015fimin Geli\u015ftirilmesi \u0130\u00e7in Sivil Kat\u0131l\u0131m\u0131n G\u00fc\u00e7lendirilmesi Projesi&#8217; kapsam\u0131nda yerel payda\u015flarla sivil kat\u0131l\u0131m\u0131n g\u00fc\u00e7lendirilmesine y\u00f6nelik eylem plan\u0131 olu\u015fturmak i\u00e7in bir araya geldiklerini ifade etti. 2 g\u00fcn boyunca \u00e7ok g\u00fczel toplant\u0131 yapt\u0131klar\u0131n\u0131 dile getiren G\u00fclta\u015fl\u0131, &#8220;2 g\u00fcnl\u00fck toplant\u0131 boyunca hem sivil toplum kurulu\u015flar\u0131n\u0131n, hem de B\u00fcy\u00fck\u015fehir Belediyesi&#8217;nin \u00fcst d\u00fczey y\u00f6neticileriyle bir araya gelerek, Mersin&#8217;de sivil kat\u0131l\u0131m\u0131n g\u00fc\u00e7lendirilmesi i\u00e7in neler yap\u0131labilir konusunda \u00e7al\u0131\u015fmalar yapt\u0131k. \u00d6zellikle bu eylem plan\u0131n\u0131n, B\u00fcy\u00fck\u015fehir Belediyesi&#8217;nin yerel se\u00e7im sonras\u0131 haz\u0131rlamakta oldu\u011fu yeni stratejik plana dahil edebilecek nitelikte, onlara da katk\u0131 sunacak \u015fekilde \u00f6zellikle sivil toplum temsilcileriyle i\u015f birli\u011fi i\u00e7inde olmas\u0131na dikkat ederek, \u00e7ok g\u00fczel \u00e7al\u0131\u015fmalar yapt\u0131k. Bir eylem plan\u0131 tasla\u011f\u0131m\u0131z olu\u015ftu ve tasla\u011f\u0131m\u0131z\u0131 iyice olgunla\u015ft\u0131rd\u0131k. B\u00fcy\u00fck\u015fehir Belediyesi ile bu i\u015f birli\u011finin, \u00f6zellikle Mersin&#8217;de zaten geli\u015fmi\u015f olan sivil kat\u0131l\u0131m k\u00fclt\u00fcr\u00fcne de \u00e7ok b\u00fcy\u00fck katk\u0131lar sa\u011flayaca\u011f\u0131n\u0131 d\u00fc\u015f\u00fcn\u00fcyoruz&#8221; diyerek, yerelde katk\u0131 sa\u011flayan t\u00fcm payda\u015flara verdikleri destekten dolay\u0131 te\u015fekk\u00fcr etti.<\/p>\n<p>Girge\u00e7: &#8220;En b\u00fcy\u00fck kat\u0131l\u0131m\u0131n ve en somut \u00e7\u0131kt\u0131lar\u0131n Mersin&#8217;de olmas\u0131 bo\u015funa de\u011fil&#8221;<\/p>\n<p>Mersin Giri\u015fimci \u0130\u015f Adamlar\u0131 Derne\u011fi ve Mersin Kent Konseyi Y\u00fcr\u00fctme Kurulu \u00dcyesi Alper Girge\u00e7, Mersin B\u00fcy\u00fck\u015fehir Belediyesi&#8217;nin projeye 4 elle sar\u0131ld\u0131\u011f\u0131n\u0131 s\u00f6yleyerek, &#8220;Hem B\u00fcy\u00fck\u015fehir&#8217;in, hem de Mersin Kent Konseyi&#8217;nin, sivil toplumun yerelde g\u00fc\u00e7lenmesi ile ilgili bug\u00fcne kadar y\u00fcr\u00fctt\u00fckleri \u00e7al\u0131\u015fmalar vard\u0131. Bunlar\u0131 bu proje kapsam\u0131nda daha kurumsal hale getirip, daha ileriye ta\u015f\u0131mak hedefiyle destek olmaya \u00e7al\u0131\u015ft\u0131k. Bu yap\u0131y\u0131 sonras\u0131nda, Mersin Kent Konseyi \u00fczerinden devam ettirmeye \u00e7al\u0131\u015faca\u011f\u0131z&#8221; dedi. B\u00fcy\u00fck\u015fehir&#8217;in, sivil toplumun geli\u015ftirilmesi i\u00e7in olduk\u00e7a hassas bir tutum sergiledi\u011fini de belirten Girge\u00e7, &#8220;7 pilot ilde y\u00fcr\u00fct\u00fclen bu projenin yarat\u0131c\u0131lar\u0131n\u0131n da s\u00f6yledikleri \u00fczerinden \u00f6rnek verecek olursak, en b\u00fcy\u00fck kat\u0131l\u0131m\u0131n ve en somut \u00e7\u0131kt\u0131lar\u0131n Mersin&#8217;de olmas\u0131 bo\u015funa de\u011fil. Ayn\u0131 masa etraf\u0131nda \u00e7ok b\u00fcy\u00fck bir istekle ve hevesle kat\u0131lan \u00e7ok say\u0131da sivil toplum \u00f6rg\u00fct\u00fc olduk. Bunlar; bug\u00fcne kadar hem B\u00fcy\u00fck\u015fehir&#8217;in, hem de Mersin Kent Konseyi&#8217;nin yapt\u0131\u011f\u0131 \u00e7al\u0131\u015fmalar sonucunda oldu. O y\u00fczden bizler, bu projeyi daha da ileriye ta\u015f\u0131yan bir \u015fehir oldu\u011fumuzu d\u00fc\u015f\u00fcn\u00fcyoruz&#8221; diye konu\u015ftu.<\/p>\n<p>Sakarya: &#8220;Bu faaliyet ve \u00e7al\u0131\u015fmalarla fark\u0131ndal\u0131klar daha da art\u0131yor&#8221;<\/p>\n<p>Giri\u015fimci \u0130\u015f Kad\u0131nlar\u0131 Derne\u011fi \u00dcyesi G\u00fcl\u00e7in Sakarya ise, projenin \u00e7ok kapsaml\u0131 oldu\u011funu ve fark\u0131ndal\u0131klar\u0131 art\u0131rd\u0131\u011f\u0131n\u0131 belirterek, &#8220;T\u00fcm sivil toplum kurulu\u015flar\u0131yla beraber bir \u00e7al\u0131\u015fma platformu olu\u015fturup; fark\u0131ndal\u0131\u011f\u0131n daha da art\u0131r\u0131lmas\u0131, bizlerin de dahil olup yard\u0131mlarda bulunarak bu faaliyetlerin art\u0131r\u0131lmas\u0131 hedefindeyiz. G\u00fcnbeg\u00fcn STK&#8217;lar art\u0131yor ve insanlar &#8216;nereye ba\u015fvurabilirim, nas\u0131l i\u00e7erisine dahil olabilirim&#8217;, bunlar\u0131 \u00f6\u011frenmek istiyor. Her ne kadar dijital ortamlarda baz\u0131 bilgiler yay\u0131nlansa da, birebir toplant\u0131larda daha \u00e7ok bilgi sa\u011fland\u0131\u011f\u0131n\u0131 d\u00fc\u015f\u00fcn\u00fcyorum&#8221; diye konu\u015ftu.<\/p>\n","protected":false},"excerpt":{"rendered":"<p>T\u00fcrkiye&#8217;de yerel d\u00fczeyde s\u00fcrd\u00fcr\u00fclebilir bir sivil mekanizman\u0131n kurulmas\u0131n\u0131 ve g\u00fc\u00e7lendirilmesini ama\u00e7layan, Mersin B\u00fcy\u00fck\u015fehir Belediyesi&#8217;nin de pilot illerden biri se\u00e7ildi\u011fi &#8216;T\u00fcrkiye&#8217;de Demokratik Yerel Y\u00f6neti\u015fimin Geli\u015ftirilmesi \u0130\u00e7in Sivil Kat\u0131l\u0131m\u0131n G\u00fc\u00e7lendirilmesi Projesi&#8217; kapsam\u0131nda y\u00fcr\u00fct\u00fclen \u00e7al\u0131\u015fmalar devam ediyor. Avrupa Birli\u011fi taraf\u0131ndan finanse edilen ve Birle\u015fmi\u015f Milletler Kalk\u0131nma Program\u0131 (UNDP) taraf\u0131ndan uygulanan, ana faydalan\u0131c\u0131s\u0131 T\u00fcrkiye Belediyeler Birli\u011fi, e\u015f faydalan\u0131c\u0131s\u0131 ise [&hellip;]<\/p>\n","protected":false},"author":2,"featured_media":33413,"comment_status":"open","ping_status":"open","sticky":false,"template":"","format":"standard","meta":{"footnotes":""},"categories":[2,3],"tags":[],"class_list":["post-33412","post","type-post","status-publish","format-standard","has-post-thumbnail","hentry","category-gundem","category-manset"],"views":5,"_links":{"self":[{"href":"https:\/\/mersinkadingazetesi.com\/index.php?rest_route=\/wp\/v2\/posts\/33412"}],"collection":[{"href":"https:\/\/mersinkadingazetesi.com\/index.php?rest_route=\/wp\/v2\/posts"}],"about":[{"href":"https:\/\/mersinkadingazetesi.com\/index.php?rest_route=\/wp\/v2\/types\/post"}],"author":[{"embeddable":true,"href":"https:\/\/mersinkadingazetesi.com\/index.php?rest_route=\/wp\/v2\/users\/2"}],"replies":[{"embeddable":true,"href":"https:\/\/mersinkadingazetesi.com\/index.php?rest_route=%2Fwp%2Fv2%2Fcomments&post=33412"}],"version-history":[{"count":0,"href":"https:\/\/mersinkadingazetesi.com\/index.php?rest_route=\/wp\/v2\/posts\/33412\/revisions"}],"wp:featuredmedia":[{"embeddable":true,"href":"https:\/\/mersinkadingazetesi.com\/index.php?rest_route=\/wp\/v2\/media\/33413"}],"wp:attachment":[{"href":"https:\/\/mersinkadingazetesi.com\/index.php?rest_route=%2Fwp%2Fv2%2Fmedia&parent=33412"}],"wp:term":[{"taxonomy":"category","embeddable":true,"href":"https:\/\/mersinkadingazetesi.com\/index.php?rest_route=%2Fwp%2Fv2%2Fcategories&post=33412"},{"taxonomy":"post_tag","embeddable":true,"href":"https:\/\/mersinkadingazetesi.com\/index.php?rest_route=%2Fwp%2Fv2%2Ftags&post=33412"}],"curies":[{"name":"wp","href":"https:\/\/api.w.org\/{rel}","templated":true}]}}