{"id":33424,"date":"2024-06-23T10:28:31","date_gmt":"2024-06-23T07:28:31","guid":{"rendered":"http:\/\/mersinkadingazetesi.com\/?p=33424"},"modified":"2024-06-23T10:28:31","modified_gmt":"2024-06-23T07:28:31","slug":"baskan-secer-silifkeli-yurttaslarla-bulustu","status":"publish","type":"post","link":"https:\/\/mersinkadingazetesi.com\/?p=33424","title":{"rendered":"BA\u015eKAN SE\u00c7ER, S\u0130L\u0130FKEL\u0130 YURTTA\u015eLARLA BULU\u015eTU"},"content":{"rendered":"<p>Mersin B\u00fcy\u00fck\u015fehir Belediye Ba\u015fkan\u0131 Vahap Se\u00e7er, Kurban Bayram\u0131 dolay\u0131s\u0131yla ger\u00e7ekle\u015ftirdi\u011fi mahalle ziyaretlerinin sonuncusunda Silifke il\u00e7esinde ya\u015fayan yurtta\u015flarla bir araya gelerek, Kurban Bayramlar\u0131n\u0131 kutlad\u0131.<\/p>\n<p>Silifke \u0130l\u00e7esi&#8217;nin \u0130maml\u0131, Yenibah\u00e7e, Ke\u015flit\u00fcrkmenli, \u00c7alt\u0131bozk\u0131r, K\u0131robas\u0131 (Mara Yaylas\u0131), Aya\u015ft\u00fcrkmenli, Sar\u0131ayd\u0131n mahallelerini ziyaret ederek yurtta\u015flarla bulu\u015fan Ba\u015fkan Se\u00e7er, gitti\u011fi her noktada yo\u011fun ilgi ve sevgi ile kar\u015f\u0131land\u0131. Konu\u015fmalar\u0131nda, 2019 y\u0131l\u0131ndan bu yana oylar\u0131n\u0131n katlanarak artt\u0131\u011f\u0131n\u0131 ifade eden Se\u00e7er, hizmetlerin s\u00fcratle ve Silifke Belediyesi ile uyum i\u00e7erisinde devam edece\u011fini kaydetti.<\/p>\n<p>Ba\u015fkan Se\u00e7er&#8217;e Silifke ziyaretlerinde; Cumhuriyet Halk Partisi (CHP) Mersin Milletvekili G\u00fclcan K\u0131\u015f, Silifke Belediye Ba\u015fkan\u0131 Dr. Mustafa Turgut, CHP Silifke \u0130l\u00e7e Ba\u015fkan\u0131 Zarif Korkmaz, Mersin Esnaf ve Sanatkarlar Odalar\u0131 Birli\u011fi Y\u00f6netim Kurulu Ba\u015fkan\u0131 Veysel Sar\u0131, \u0130l\u00e7e Meclis \u00fcyeleri, muhtarlar ve Mersin B\u00fcy\u00fck\u015fehir Belediyesi ile MESK\u0130 b\u00fcrokratlar\u0131 e\u015flik etti. \u0130lk olarak, Mersin B\u00fcy\u00fck\u015fehir Belediyesi \u0130tfaiye Dairesi Ba\u015fkanl\u0131\u011f\u0131 Silifke \u0130tfaiye Grup Amirli\u011fi&#8217;ni ziyaret eden Se\u00e7er, itfaiye \u00e7al\u0131\u015fanlar\u0131 ile bayramla\u015ft\u0131ktan sonra \u0130maml\u0131 Mahallesi&#8217;ne ge\u00e7ti.<\/p>\n<p>\u0130maml\u0131&#8217;da Ba\u015fkan Se\u00e7er&#8217;e sevgi seli<\/p>\n<p>\u0130maml\u0131 Mahallesi&#8217; nde yurtta\u015flar\u0131n ge\u00e7mi\u015f bayram\u0131n\u0131 kutlayan Se\u00e7er, prensibinin konu\u015fmak de\u011fil, \u00e7ok \u00e7al\u0131\u015fmak oldu\u011funu s\u00f6yleyerek, \u0130maml\u0131l\u0131lar\u0131nda bu eme\u011fi g\u00f6rd\u00fc\u011f\u00fcn\u00fc kaydetti. 2019 se\u00e7imlerinin ard\u0131ndan y\u00fczde 25 oy art\u0131\u015f\u0131 ya\u015fand\u0131\u011f\u0131n\u0131 belirten Se\u00e7er, &#8220;Biraz daha gayret edersek y\u00fczde 80-90 oy alaca\u011f\u0131z. \u0130\u015fte bu al\u0131n terinin, insanlara dokunman\u0131n \u00fcr\u00fcn\u00fc, devam edece\u011fiz&#8221; dedi. K\u00f6y halk\u0131n\u0131n isteklerinin belli oldu\u011funu s\u00f6yleyen Se\u00e7er, &#8220;K\u00f6yl\u00fc yollar\u0131 d\u00fczg\u00fcn olsun, \u00e7\u00f6p\u00fc zaman\u0131nda al\u0131ns\u0131n, susuz kalmas\u0131n, i\u00e7me suyu olsun, m\u00fcmk\u00fcnse kanalizasyon olsun ister. K\u00f6yl\u00fcn\u00fcn b\u00f6lgesi tar\u0131m b\u00f6lgesidir. Onlar\u0131n \u00e7al\u0131\u015fmalar\u0131na katk\u0131 olsun, kazan\u00e7lar\u0131na katk\u0131 yap\u0131ls\u0131n, tar\u0131m destekleri olsun isterler. Bunlar\u0131 belediyeler yapabilir&#8221; diye konu\u015ftu.<\/p>\n<p>&#8220;T\u00fcrkiye&#8217;de siyaset \u015fekli de\u011fi\u015fti; ideolojinin d\u0131\u015f\u0131nda, hizmet a\u011f\u0131rl\u0131kl\u0131 oldu&#8221;<\/p>\n<p>\u00c7al\u0131\u015fan insana sa\u011fc\u0131-solcu, MHP&#8217;li, AK Partili ve CHP&#8217;li demeden herkesin severek, destek oldu\u011funa de\u011finen Se\u00e7er, &#8220;Biz bunu g\u00f6rd\u00fck. Siyaset \u015fekli T\u00fcrkiye&#8217;de bundan sonra ideolojinin d\u0131\u015f\u0131nda, daha \u00e7ok hizmet a\u011f\u0131rl\u0131kl\u0131. Vatanda\u015fa ne verebiliyorsun? Emekli peri\u015fan, \u00e7\u00f6z\u00fcm bulabiliyor musun? K\u00f6yl\u00fcn\u00fcn yolunu yapabiliyor musun? Tar\u0131m\u0131 kalk\u0131nd\u0131rabiliyor musun? Siyaset\u00e7i bunlar\u0131 konu\u015fsun. \u0130nsanlar\u0131n milli manevi duygular\u0131 gibi hassas konular\u0131 ka\u015f\u0131d\u0131lar&#8221; dedi.<\/p>\n<p>Vatanda\u015flar\u0131n da bu hassas duygular\u0131n\u0131n istismar edildi\u011finin fark\u0131na vard\u0131\u011f\u0131n\u0131 s\u00f6zlerine ekleyen Se\u00e7er, &#8220;Vatanda\u015f anlad\u0131 ki; &#8216;Bunlar bu duygular\u0131m\u0131z\u0131 istismar ediyorlar ama ortada ge\u00e7en koca bir \u00e7eyrek as\u0131r var, di\u015fe dokunur bir \u015fey yok, hala s\u0131k\u0131nt\u0131lar ya\u015fan\u0131yor&#8217;. Bak\u0131n yerel idareciler olarak ne \u00e7ekti\u011fimizi biz biliyoruz. Ne kadar \u00e7ok geliriniz varsa o kadar \u00e7ok hizmet yapabiliyorsunuz. T\u00fcrkiye&#8217;nin geliri \u00e7ok. T\u00fcrkiye&#8217;nin cari harcamalar\u0131n\u0131n y\u00fczde 85&#8217;i sizlerin \u00f6dedi\u011fi vergiden. Ma\u015fallah her \u015feyden vergi al\u0131yorlar. Ama bu kaynaklara uzanan h\u0131rs\u0131z eller varsa, kem g\u00f6zler varsa, israf varsa, gereksiz harcamalar varsa bu para da yetmiyor. \u0130\u015fte belediyecilikte \u015funu \u00f6\u011frendik ve \u015fiar edindik, dedik ki; &#8216;\u00d6nce kaynaklar\u0131 ak\u0131ll\u0131 kullanaca\u011f\u0131z, t\u00fcy\u00fc bitmemi\u015f yetimin hakk\u0131n\u0131 kimseye yedirmeyece\u011fiz.'&#8221; diye konu\u015ftu. T\u00fcy\u00fc bitmemi\u015f yetimin hakk\u0131n\u0131 koruduklar\u0131n\u0131n alt\u0131n\u0131 \u00e7izen Se\u00e7er, d\u00fc\u015f\u00fcncelerinin halka hizmet oldu\u011funu ve bu durumun da halk\u0131 memnun etti\u011fini ifade ederek, bunun sonucunda da sand\u0131klarda oy patlamas\u0131 meydana getirdiklerini dile getirdi.<\/p>\n<p>&#8220;Bayram-seyran, hafta sonu, yaz-k\u0131\u015f, so\u011fuk-s\u0131cak dinlemiyoruz. \u00c7al\u0131\u015f\u0131yoruz&#8221;<\/p>\n<p>Hizmetleri herkese e\u015fit bir \u015fekilde ula\u015ft\u0131rd\u0131klar\u0131n\u0131 vurgulayan Se\u00e7er, &#8220;Bayram-seyran, hafta sonu, yaz-k\u0131\u015f, so\u011fuk-s\u0131cak dinlemiyoruz. \u00c7al\u0131\u015f\u0131yoruz. \u00c7al\u0131\u015fmaya devam edece\u011fiz&#8221; s\u00f6zlerine yer verdi. Kurakl\u0131k nedeniyle y\u00fcksek b\u00f6lgelerde su sorunun ya\u015fand\u0131\u011f\u0131n\u0131 kaydeden Se\u00e7er, &#8220;MESK\u0130 teyakkuzda, bu sorunlar\u0131 en aza indirmeye gayret ediyoruz. \u0130maml\u0131&#8217;da \u015fu anda kayda de\u011fer bir su sorunu ya\u015fanm\u0131yor. Eyl\u00fcl ay\u0131ndan sonra Uzuncabur\u00e7&#8217;ta yapt\u0131\u011f\u0131m\u0131z revizyon projesiyle hem Erdemli&#8217;nin mahallelerine hem Silifke&#8217;nin 31 mahallesine o kaynaktan su verebilece\u011fiz. \u0130maml\u0131&#8217;y\u0131 da o kaynaktan besleyece\u011fiz&#8221; diyerek, kurak mevsimlerde de daha fazla su kayna\u011f\u0131na eri\u015fim imkan\u0131n\u0131n olaca\u011f\u0131n\u0131 belirtti. Se\u00e7er, mahalle ziyaretinin ard\u0131ndan, \u0130maml\u0131 Mahallesi&#8217;ne B\u00fcy\u00fck\u015fehir Belediyesi taraf\u0131ndan yapt\u0131r\u0131lan \u0130maml\u0131 Mahallesi \u015eehitli\u011fi An\u0131t\u0131&#8217;n\u0131 ziyaret etti.<\/p>\n<p>&#8220;Hizmetlerimizi art\u0131rarak devam ettirece\u011fiz&#8221;<\/p>\n<p>Sonras\u0131nda Yenibah\u00e7e Mahallesi&#8217;nde de hem\u015ferileriyle bulu\u015fan Ba\u015fkan Se\u00e7er, ge\u00e7mi\u015f bayramlar\u0131n\u0131 kutlad\u0131. Mersin&#8217;deki b\u00fct\u00fcn yollara ili\u015fkin il\u00e7e belediyesi, B\u00fcy\u00fck\u015fehir Belediyesi fark\u0131n\u0131n olmad\u0131\u011f\u0131n\u0131 hat\u0131rlatan Se\u00e7er, &#8220;Herkes g\u00f6revini yapacak, herkes i\u015fini yapacak ama birimizin yeti\u015fmedi\u011fi yerde de di\u011ferimiz ona yard\u0131mc\u0131 olur. Biz grup yollar\u0131n\u0131 yapar\u0131z ama ara sokaklarda sorun varsa bu bizim i\u015fimiz de\u011fildir deyip ekipleri toparlay\u0131p gitmeyiz&#8221; s\u00f6zlerine yer verdi. Yenibah\u00e7e&#8217;de de oy art\u0131\u015f\u0131 oldu\u011funu s\u00f6yleyen Se\u00e7er, &#8220;Bu oylar hizmet deste\u011fidir. Vatanda\u015f bize mesaj veriyor, &#8216;Siz hizmet yap\u0131n, biz de size destek verelim&#8217;. Deste\u011finizden dolay\u0131 te\u015fekk\u00fcr ederiz, bu g\u00fcvene lay\u0131k olaca\u011f\u0131z&#8221; diyerek hizmetlerini daha da art\u0131racaklar\u0131n\u0131n alt\u0131n\u0131 \u00e7izdi.<\/p>\n<p>Ke\u015flit\u00fcrkmen&#8217;den Ba\u015fkan Se\u00e7er&#8217;e co\u015fkulu kar\u015f\u0131lama<\/p>\n<p>Ke\u015flit\u00fcrkmenli Mahallesi&#8217;nde de yurtta\u015flar\u0131n ge\u00e7mi\u015f bayramlar\u0131n\u0131 kutlayarak konu\u015fmas\u0131na ba\u015flayan Se\u00e7er, &#8220;Su de\u011ferliydi, bu iki senede daha da de\u011ferli oldu. Suyu dikkatli kullanmam\u0131z gerekiyor. Sizler i\u00e7in sa\u011flad\u0131\u011f\u0131m\u0131z i\u00e7me suyunu sulama suyu olarak kullanmaman\u0131z gerekir. Bu yasal olarak da uygun de\u011fil. Ka\u00e7ak olarak su kullanan insanlar\u0131 bize bildirmeniz laz\u0131m. Sizin suyunuzu \u00e7al\u0131yor, siz suya fatura \u00f6d\u00fcyorsunuz. Gereksiz yere suyu t\u00fcketiyor \u00e7\u00fcnk\u00fc fatura \u00f6demiyor&#8221; diyerek, MESK\u0130&#8217;nin de bu nedenlerden dolay\u0131 maliyetlerinin artt\u0131\u011f\u0131n\u0131 s\u00f6yledi.<\/p>\n<p>&#8220;Hizmetler yap\u0131l\u0131yor, makine gibi \u00e7al\u0131\u015f\u0131yoruz&#8221;<\/p>\n<p>Se\u00e7er, ayr\u0131ca \u00e7ok say\u0131da otob\u00fcs\u00fc de Mersin&#8217;e kazand\u0131rd\u0131klar\u0131n\u0131 ve her b\u00f6lgenin ula\u015f\u0131m sorununa \u00e7\u00f6z\u00fcm \u00fcrettiklerini s\u00f6yledi. Eski otob\u00fcslerin yerine T\u00fcrkiye&#8217;de \u00f6rne\u011fi olmayan yeni 272 otob\u00fcs\u00fc yurtta\u015f\u0131n kullan\u0131m\u0131na sunduklar\u0131n\u0131 kaydetti. B\u00fct\u00e7enin a\u00e7\u0131k olmamas\u0131 i\u00e7in do\u011fru y\u00f6netilmesi gerekti\u011fini kaydeden Se\u00e7er, &#8220;Otob\u00fcs sorunu \u00e7\u00f6zelim derken sizin yollar\u0131n\u0131z\u0131 yapamazsak olmaz. \u0130\u015fte y\u00f6neticilik budur. Kentimizi mevcut kaynaklarla en iyi \u015fekilde y\u00f6netmeye gayret ediyoruz. \u0130yi i\u015fler yap\u0131yoruz ki, bak\u0131n 2019&#8217;dan bu yana burada oy oran\u0131m\u0131z yakla\u015f\u0131k olarak 30 puan artm\u0131\u015f. Deste\u011finizden dolay\u0131 sizlere de te\u015fekk\u00fcr ediyoruz. Hizmetler yap\u0131l\u0131yor, makine gibi \u00e7al\u0131\u015f\u0131yoruz&#8221; \u015feklinde konu\u015ftu.<\/p>\n<p>&#8220;Hizmette adaletliyiz&#8221;<\/p>\n<p>\u00c7alt\u0131bozk\u0131r&#8217;\u0131 da ziyaret eden Ba\u015fkan Se\u00e7er, yurtta\u015f\u0131n sevgi dolu kucaklamas\u0131yla kar\u015f\u0131la\u015ft\u0131. Co\u015fkulu kalabal\u0131\u011fa seslenen Se\u00e7er, &#8220;\u00c7alt\u0131bozk\u0131rl\u0131lar\u0131, \u00e7al\u0131\u015fan, \u00fcreten insanlar\u0131 seviyoruz. Hizmette adaletliyiz. Herkese hizmet veriyoruz. AK Partiliye de MHP&#8217;liye de \u0130Y\u0130 Partiliye de hizmet veriyoruz, hi\u00e7bir fark\u0131 yok. Yapt\u0131\u011f\u0131m\u0131z yolu herkes kullans\u0131n diye yap\u0131yoruz. \u00dcretici kad\u0131nlar\u0131, k\u00fc\u00e7\u00fck \u00fcreticileri seviyoruz ve destekliyoruz. Daha da arts\u0131n istiyoruz&#8221; diye konu\u015ftu. Tar\u0131msal desteklerin artarak devam edece\u011fini kaydeden Se\u00e7er, &#8220;Ben \u00e7al\u0131\u015fkan insanlar\u0131 seviyorum. Emin olun \u00e7ok sayg\u0131 duyuyorum&#8221; dedi.<\/p>\n<p>Se\u00e7er, 5 y\u0131l \u00f6nce da\u011f\u0131t\u0131m\u0131n\u0131 yap\u0131lan lavantalar\u0131n bah\u00e7esini gezdi<\/p>\n<p>Se\u00e7er mahalle ziyareti sonras\u0131nda \u00c7alt\u0131bozk\u0131r&#8217;da yer alan lavanta bah\u00e7esini ve \u00c7alt\u0131bozk\u0131r \u00dcretim ve Pazarlama Kooperatifi&#8217;ni ziyaret etti. \u00dcreticilerle bir araya gelen Ba\u015fkan Se\u00e7er, &#8216;Kolay gelsin&#8217; dileklerinde bulundu. Lavanta bah\u00e7esini ziyaret eden turistler ile de selamla\u015fan Se\u00e7er, burada da yo\u011fun bir ilgi ile kar\u015f\u0131land\u0131. Se\u00e7er, bah\u00e7eye yapt\u0131\u011f\u0131 ziyarette, &#8220;Distilasyon \u00fcnitesi de kurduk. \u015euan da bu tablolar\u0131 g\u00f6rmek bizleri mutlu ediyor. Lavanta \u00fcr\u00fcnleri, lavantadan elde edilen ya\u011flar \u00fcreticilere ek bir gelir kayna\u011f\u0131 sa\u011fl\u0131yor. 5 y\u0131ll\u0131k g\u00f6rev s\u00fcremiz i\u00e7erisinde Silifke&#8217;mizin 88 mahallesine de hizmetlerimiz devam edecek. Mersin&#8217;imizin her noktas\u0131nda hizmette kusur etmeyece\u011fiz&#8221; \u015feklinde konu\u015ftu.<\/p>\n<p>&#8220;D-400 Karayolu&#8217;nun 10 y\u0131l \u00f6nce yap\u0131lmas\u0131 gerekirdi&#8221;<\/p>\n<p>\u00c7alt\u0131bozk\u0131r Mahalle ziyaretinden sonra K\u0131robas\u0131 Mahallesi&#8217;ne (Mara Yaylas\u0131) ge\u00e7en Se\u00e7er, buradaki yurtta\u015flar\u0131n da yo\u011fun ilgisi ile kar\u015f\u0131land\u0131. Se\u00e7er, esnafa &#8216;Hay\u0131rl\u0131 \u0130\u015fler&#8217; dile\u011finde bulundu. Mara Yaylas\u0131&#8217;nda esnaf ziyareti yapt\u0131ktan sonra yurtta\u015flara seslenen Se\u00e7er, 31 Mart se\u00e7imlerinde iktidar\u0131n kap\u0131s\u0131n\u0131 aralad\u0131klar\u0131n\u0131 s\u00f6yledi. Silifke&#8217;ye gelirken trafi\u011fin \u00e7ok yo\u011fun oldu\u011funu s\u00f6yleyen Se\u00e7er, &#8220;D-400 karayolu yaz aylar\u0131nda bir peri\u015fanl\u0131k ya\u015f\u0131yor. Otoyolun 10 sene \u00f6nce yap\u0131lmas\u0131 gerekirdi. Ben 2008&#8217;de o d\u00f6nemin Karayollar\u0131 B\u00f6lge M\u00fcd\u00fcr\u00fcn\u00fc ziyaret etti\u011fimde bana &#8216;Vekilim 4 y\u0131l i\u00e7erisinde \u00c7e\u015fmeli-Ta\u015fucu otoban\u0131na yapaca\u011f\u0131z&#8217; demi\u015fti. Bak\u0131n ka\u00e7 y\u0131l ge\u00e7ti \u00fczerinden&#8221; diyerek, CHP iktidar olunca yolun yap\u0131m\u0131n\u0131n h\u0131zland\u0131r\u0131laca\u011f\u0131n\u0131 s\u00f6yledi. K\u0131robas\u0131&#8217;nda oy oranlar\u0131n\u0131n y\u00fczde 28 artt\u0131\u011f\u0131n\u0131 s\u00f6yleyen Se\u00e7er, yurtta\u015f\u0131n hizmet g\u00f6rd\u00fc\u011f\u00fcn\u00fc ve oylar\u0131n\u0131 verdi\u011fini belirtti.<\/p>\n<p>E\u011fitimden tar\u0131ma, yoldan sosyal desteklere kadar her alanda K\u0131robas\u0131&#8217;na da desteklerin yap\u0131ld\u0131\u011f\u0131n\u0131 ve devam edece\u011fini s\u00f6yleyen Se\u00e7er, &#8220;Silifke&#8217;ye gelirken kendime bakt\u0131m, Silifkelilerin beni nas\u0131l desteklediklerini d\u00fc\u015f\u00fcnd\u00fcm ve kedime &#8216;Bu g\u00fcveni sak\u0131n ha sak\u0131n bo\u015fa \u00e7\u0131karma, bu insanlar sana y\u00fczde 60&#8217;a yak\u0131n oy verdi&#8217; dedim. \u0130nsanlar\u0131n g\u00fcvenini bo\u015fa \u00e7\u0131karmamak laz\u0131m. Sa\u011fl\u0131\u011f\u0131m\u0131z yerinde, ta\u015f\u0131 s\u0131ksak suyunu \u00e7\u0131kart\u0131r\u0131z, ba\u015far\u0131r\u0131z&#8221; diyerek, herkesi \u00f6nemsedi\u011fini s\u00f6yledi.<\/p>\n<p>Se\u00e7er&#8217;den m\u00fcjde: &#8220;Su faturalar\u0131na bir m\u00fcddet zam olmayacak&#8221;<\/p>\n<p>Hayat\u0131n her alan\u0131nda t\u00fcm \u00fcr\u00fcnlerin fiyat\u0131n\u0131n artt\u0131\u011f\u0131n\u0131 s\u00f6yleyen Se\u00e7er, &#8220;B\u00fct\u00fcn maliyetler 5 y\u0131lda 7 kat artm\u0131\u015f. Bizim maliyetlerimiz 7 kat de\u011fil, 17 kat artt\u0131. \u015eimdi bu \u015fartlarda biz bu gemiyi y\u00fczd\u00fcrmeye \u00e7al\u0131\u015f\u0131yoruz. Hi\u00e7bir belediye ba\u015fkan\u0131 bedelli sundu\u011fu hizmetleri \u00e7ok pahal\u0131 yapmaz&#8221; diye konu\u015ftu. \u00dccret al\u0131nan hizmetlerin ucuzlat\u0131lmas\u0131n\u0131n sonucunda ba\u015fka hizmetlerin aksat\u0131labilece\u011fini s\u00f6yleyen Se\u00e7er, &#8220;Bu s\u00fcre\u00e7 i\u00e7erisinde uzun s\u00fcre ilaveten su fiyatlar\u0131nda bir de\u011fi\u015fikli\u011fe gitmeyece\u011fiz. Biz 5 y\u0131ld\u0131r MESK\u0130 yat\u0131r\u0131mlar\u0131na ne bir kredi kullanabildik, ne bir hibe alabildik. Avrupa Birli\u011fi, deprem kapsam\u0131nda kredi verdi. Bunun i\u00e7inde i\u00e7me suyu, kanalizasyon, ar\u0131tma var. \u015eimdi ben rahatlad\u0131m. Su faturalar\u0131nda belli bir m\u00fcddet mecburi olan Tefe-T\u00fcfe art\u0131\u015f uygulamalar\u0131 d\u0131\u015f\u0131nda fiyat art\u0131\u015f\u0131 g\u00f6rmeyeceksiniz. Bunun s\u00f6z\u00fcn\u00fc de ba\u015fkan olarak size veriyorum&#8221; diye m\u00fcjdeyi verdi.<\/p>\n<p>Se\u00e7er Aya\u015ft\u00fcrkmenli Mahallesi&#8217;ndeki vatanda\u015flar ile bir araya geldikten sonra onlarla sohbet etti, taleplerini dinledi. Se\u00e7er Aya\u015ft\u00fcrkmenli&#8217; de b\u00fcy\u00fck bir misafirperverlik ile kar\u015f\u0131land\u0131, vatanda\u015flar adeta sevgi seli g\u00f6sterisinde bulundu.<\/p>\n<p>&#8220;Siz yeter ki \u00fcretin, Mersin B\u00fcy\u00fck\u015fehir tar\u0131ma destek veriyor&#8221;<\/p>\n<p>Se\u00e7er&#8217;in Silifke&#8217;deki son mahalle ziyareti Sar\u0131ayd\u0131n Mahallesi oldu. Burada da yurtta\u015flara seslenen Se\u00e7er, oylar\u0131n\u0131n y\u00fczde 35 oran\u0131nda artt\u0131\u011f\u0131n\u0131 s\u00f6yleyerek desteklerinden dolay\u0131 Sar\u0131ayd\u0131n halk\u0131na te\u015fekk\u00fcr etti. Yollardan k\u00fc\u00e7\u00fckba\u015f hayvan deste\u011fine, k\u00f6pr\u00fclerin yap\u0131m\u0131ndan \u00e7ocuk oyun park\u0131 yap\u0131m\u0131na, fide-fidan deste\u011finden sulama borusu deste\u011fine kadar pek \u00e7ok deste\u011fin mahalleye ula\u015ft\u0131r\u0131ld\u0131\u011f\u0131n\u0131 s\u00f6yleyen Se\u00e7er, Tar\u0131msal G\u00fcne\u015f Enerji Santrali Projesi&#8217;ne ba\u015fvurular\u0131n ba\u015flad\u0131\u011f\u0131n\u0131 duyurdu. Se\u00e7er, &#8220;Fide, fidan, hayvanc\u0131l\u0131k, alet, ekipman birlikler vas\u0131tas\u0131yla sulama borusu deste\u011fi vermi\u015fiz. Siz yeter ki \u00fcretin, Mersin B\u00fcy\u00fck\u015fehir tar\u0131ma destek veriyor, deste\u011fi de art\u0131r\u0131yor. Ge\u00e7ti\u011fimiz be\u015f y\u0131lda toplam 725 milyon lira destek vermi\u015ftik. Tar\u0131m\u0131 \u00f6nemsiyorum. Destek b\u00f6yle olur. \u00dcretim yaps\u0131n, kad\u0131n yaps\u0131n, k\u00fc\u00e7\u00fck aileler \u00e7al\u0131\u015fs\u0131n, emek etsin, hayvanc\u0131l\u0131k yaps\u0131n, sebze meyve yeti\u015ftirsin biz destek olal\u0131m, onlara para kazanmas\u0131n\u0131 \u00f6\u011fretelim. Bizim arzumuz bu. Onun i\u00e7in s\u00fcrekli muhtar\u0131m\u0131z\u0131, Tar\u0131m Daireyi rahats\u0131z edin. Bu tar\u0131m desteklerinden yararlan\u0131n&#8221; diye \u00fcreticilere seslendi.<\/p>\n<p>CHP Mersin Milletvekili G\u00fclcan K\u0131\u015f, Silifke Belediye Ba\u015fkan\u0131 Dr. Mustafa Turgut ile CHP Silifke \u0130l\u00e7e Ba\u015fkan\u0131 Zarif Korkmaz da yurtta\u015flar\u0131n ge\u00e7mi\u015f bayram\u0131n\u0131 kutlayarak, vatanda\u015flarla bir araya geldiler.<\/p>\n<p>\u0130maml\u0131 Mahalle Muhtar\u0131 Bilal \u00c7al\u0131\u015fkan, Yenibah\u00e7e Mahalle Muhtar\u0131 H\u0131z\u0131r Kurt, Ke\u015flit\u00fcrkmenli Mahalle Muhtar\u0131 Y\u00fcksel Uslu, \u00c7alt\u0131bozk\u0131r Mahalle Muhtar\u0131 Ahmet Sar\u0131, K\u0131robas\u0131 Mahalle Muhtar\u0131 Mustafa T\u00fcre, Aya\u015ft\u00fcrkmenli Mahalle Muhtar\u0131 Halil \u0130brahim \u00d6zba\u011f ile Sar\u0131ayd\u0131n Mahalle Muhtar\u0131 Selahattin Aks\u0131fat da konu\u015fmalar\u0131nda, mahallelerine ald\u0131klar\u0131 hizmetler i\u00e7in Ba\u015fkan Se\u00e7er&#8217;e te\u015fekk\u00fcrlerini ilettiler.<\/p>\n","protected":false},"excerpt":{"rendered":"<p>Mersin B\u00fcy\u00fck\u015fehir Belediye Ba\u015fkan\u0131 Vahap Se\u00e7er, Kurban Bayram\u0131 dolay\u0131s\u0131yla ger\u00e7ekle\u015ftirdi\u011fi mahalle ziyaretlerinin sonuncusunda Silifke il\u00e7esinde ya\u015fayan yurtta\u015flarla bir araya gelerek, Kurban Bayramlar\u0131n\u0131 kutlad\u0131. Silifke \u0130l\u00e7esi&#8217;nin \u0130maml\u0131, Yenibah\u00e7e, Ke\u015flit\u00fcrkmenli, \u00c7alt\u0131bozk\u0131r, K\u0131robas\u0131 (Mara Yaylas\u0131), Aya\u015ft\u00fcrkmenli, Sar\u0131ayd\u0131n mahallelerini ziyaret ederek yurtta\u015flarla bulu\u015fan Ba\u015fkan Se\u00e7er, gitti\u011fi her noktada yo\u011fun ilgi ve sevgi ile kar\u015f\u0131land\u0131. Konu\u015fmalar\u0131nda, 2019 y\u0131l\u0131ndan bu yana [&hellip;]<\/p>\n","protected":false},"author":2,"featured_media":33425,"comment_status":"open","ping_status":"open","sticky":false,"template":"","format":"standard","meta":{"footnotes":""},"categories":[8,2,3,5,6],"tags":[],"class_list":["post-33424","post","type-post","status-publish","format-standard","has-post-thumbnail","hentry","category-ekonomi","category-gundem","category-manset","category-mersin","category-siyaset-2"],"views":17,"_links":{"self":[{"href":"https:\/\/mersinkadingazetesi.com\/index.php?rest_route=\/wp\/v2\/posts\/33424"}],"collection":[{"href":"https:\/\/mersinkadingazetesi.com\/index.php?rest_route=\/wp\/v2\/posts"}],"about":[{"href":"https:\/\/mersinkadingazetesi.com\/index.php?rest_route=\/wp\/v2\/types\/post"}],"author":[{"embeddable":true,"href":"https:\/\/mersinkadingazetesi.com\/index.php?rest_route=\/wp\/v2\/users\/2"}],"replies":[{"embeddable":true,"href":"https:\/\/mersinkadingazetesi.com\/index.php?rest_route=%2Fwp%2Fv2%2Fcomments&post=33424"}],"version-history":[{"count":0,"href":"https:\/\/mersinkadingazetesi.com\/index.php?rest_route=\/wp\/v2\/posts\/33424\/revisions"}],"wp:featuredmedia":[{"embeddable":true,"href":"https:\/\/mersinkadingazetesi.com\/index.php?rest_route=\/wp\/v2\/media\/33425"}],"wp:attachment":[{"href":"https:\/\/mersinkadingazetesi.com\/index.php?rest_route=%2Fwp%2Fv2%2Fmedia&parent=33424"}],"wp:term":[{"taxonomy":"category","embeddable":true,"href":"https:\/\/mersinkadingazetesi.com\/index.php?rest_route=%2Fwp%2Fv2%2Fcategories&post=33424"},{"taxonomy":"post_tag","embeddable":true,"href":"https:\/\/mersinkadingazetesi.com\/index.php?rest_route=%2Fwp%2Fv2%2Ftags&post=33424"}],"curies":[{"name":"wp","href":"https:\/\/api.w.org\/{rel}","templated":true}]}}