{"id":33536,"date":"2024-07-01T12:12:10","date_gmt":"2024-07-01T09:12:10","guid":{"rendered":"http:\/\/mersinkadingazetesi.com\/?p=33536"},"modified":"2024-07-01T12:12:10","modified_gmt":"2024-07-01T09:12:10","slug":"cimsa-beyaz-cimento-ihracatinda-liderligini-surduruyor","status":"publish","type":"post","link":"https:\/\/mersinkadingazetesi.com\/?p=33536","title":{"rendered":"\u00c7imsa, Beyaz \u00c7imento \u0130hracat\u0131nda Liderli\u011fini S\u00fcrd\u00fcr\u00fcyor"},"content":{"rendered":"<p>Sabanc\u0131 Holding i\u015ftiraki \u00c7imsa, \u201c2023 y\u0131l\u0131 \u0130hracat\u0131n \u015eampiyonlar\u0131 \u00d6d\u00fcl T\u00f6reni\u2019nde beyaz \u00e7imento sekt\u00f6r\u00fc \u201cEn Fazla \u0130hracat Ger\u00e7ekle\u015ftiren Firma\u201d ve gri \u00e7imento sekt\u00f6r\u00fc \u201cEn Fazla \u0130hracat\u0131n\u0131 Art\u0131ran Firma\u2019 \u2019kategorilerinde birincilik \u00f6d\u00fcl\u00fcn\u00fcn sahibi oldu.<\/p>\n<p>\u00c7imsa, \u00c7imento, Cam, Seramik ve Toprak \u00dcr\u00fcnleri \u0130hracat\u00e7\u0131lar\u0131 Birli\u011fi\u2019nce d\u00fczenlenen \u201c6. \u0130hracat\u0131n \u015eampiyonlar\u0131 \u00d6d\u00fcl T\u00f6reni\u2019nde\u201d toplamda be\u015f \u00f6d\u00fcl kazanarak ihracattaki liderli\u011fini bir kez daha kan\u0131tlad\u0131. Beyaz \u00e7imento sekt\u00f6r\u00fc \u201cEn Fazla \u0130hracat Ger\u00e7ekle\u015ftiren Firma\u201d ve gri \u00e7imento sekt\u00f6r\u00fc \u201cEn Fazla \u0130hracat\u0131n\u0131 Art\u0131ran Firma\u2019 \u2019kategorilerinde birincilik \u00f6d\u00fcl\u00fcn\u00fcn sahibi oldu.<\/p>\n<p>Ayr\u0131ca yine ayn\u0131 t\u00f6rende gri \u00e7imento; genel \u00e7imento (klinker dahil) ve klinker sekt\u00f6rlerinde &#8220;En Fazla \u0130hracat Ger\u00e7ekle\u015ftiren Firma&#8221; kategorilerinde \u00f6d\u00fcllere lay\u0131k g\u00f6r\u00fcld\u00fc. <\/p>\n<p>Konuyla ilgili a\u00e7\u0131klamalarda bulunan \u00c7imsa CEO\u2019su Umut Zenar, \u201c\u00c7imsa olarak 2023 y\u0131l\u0131nda yapt\u0131\u011f\u0131m\u0131z ihracat ile sekt\u00f6rdeki liderli\u011fimizi korumaya devam ediyoruz. 2023 y\u0131l\u0131nda g\u00f6sterdi\u011fimiz ba\u015far\u0131l\u0131 ihracat performans\u0131yla bu \u00f6d\u00fclleri almaya hak kazand\u0131k. Sekt\u00f6r\u00fcn lideri olarak bu \u00f6d\u00fcllere lay\u0131k g\u00f6r\u00fclmekten son derece gururluyuz. Eme\u011fi ge\u00e7en t\u00fcm \u00c7imsa \u00e7al\u0131\u015fanlar\u0131na te\u015fekk\u00fcr ediyoruz\u201d dedi. <\/p>\n<p>2024 y\u0131l\u0131n\u0131 da olduk\u00e7a ba\u015far\u0131l\u0131 ge\u00e7irdiklerini s\u00f6yleyen Zenar, \u201cBu \u00f6d\u00fcller, \u00c7imsa\u2019n\u0131n ihracat konusundaki kararl\u0131l\u0131\u011f\u0131n\u0131n ve ba\u015far\u0131s\u0131n\u0131n bir g\u00f6stergesidir. \u00d6n\u00fcm\u00fczdeki d\u00f6nemde de ihracat performans\u0131m\u0131z\u0131 art\u0131rmaya ve global pazarlarda liderli\u011fimizi s\u00fcrd\u00fcrmeye kararl\u0131y\u0131z. \u0130novasyon ve s\u00fcrd\u00fcr\u00fclebilirlik odakl\u0131 stratejilerimizle ba\u015far\u0131lar\u0131m\u0131z\u0131 devam ettirece\u011fiz. Ayr\u0131ca, T\u00fcrkiye\u2019nin ilk ve tek Kalsiyum Al\u00fcminat \u00c7imento (CAC) \u00fcreticisi olarak Mersin\u2019deki yeni \u00fcretim tesisimizle CAC ihracat\u0131nda da g\u00fc\u00e7l\u00fc bir pozisyon elde ettik. Bu \u00f6nemli yat\u0131r\u0131m ile CAC \u00fcretim kapasitemizi iki kat\u0131na \u00e7\u0131kararak global pazar\u0131n en b\u00fcy\u00fck \u00fc\u00e7 CAC \u00fcreticisinden biri konumuna yerle\u015ftik. T\u00fcrkiye&#8217;nin katma de\u011ferli ihracat seferberli\u011fine katk\u0131 sa\u011flarken, d\u00fcnya genelinde de etkimizi art\u0131rmaya devam ediyoruz\u201d dedi.<\/p>\n","protected":false},"excerpt":{"rendered":"<p>Sabanc\u0131 Holding i\u015ftiraki \u00c7imsa, \u201c2023 y\u0131l\u0131 \u0130hracat\u0131n \u015eampiyonlar\u0131 \u00d6d\u00fcl T\u00f6reni\u2019nde beyaz \u00e7imento sekt\u00f6r\u00fc \u201cEn Fazla \u0130hracat Ger\u00e7ekle\u015ftiren Firma\u201d ve gri \u00e7imento sekt\u00f6r\u00fc \u201cEn Fazla \u0130hracat\u0131n\u0131 Art\u0131ran Firma\u2019 \u2019kategorilerinde birincilik \u00f6d\u00fcl\u00fcn\u00fcn sahibi oldu. \u00c7imsa, \u00c7imento, Cam, Seramik ve Toprak \u00dcr\u00fcnleri \u0130hracat\u00e7\u0131lar\u0131 Birli\u011fi\u2019nce d\u00fczenlenen \u201c6. \u0130hracat\u0131n \u015eampiyonlar\u0131 \u00d6d\u00fcl T\u00f6reni\u2019nde\u201d toplamda be\u015f \u00f6d\u00fcl kazanarak ihracattaki liderli\u011fini bir kez [&hellip;]<\/p>\n","protected":false},"author":2,"featured_media":33537,"comment_status":"open","ping_status":"open","sticky":false,"template":"","format":"standard","meta":{"footnotes":""},"categories":[7,8,3,11],"tags":[],"class_list":["post-33536","post","type-post","status-publish","format-standard","has-post-thumbnail","hentry","category-dunya","category-ekonomi","category-manset","category-teknoloji"],"views":19,"_links":{"self":[{"href":"https:\/\/mersinkadingazetesi.com\/index.php?rest_route=\/wp\/v2\/posts\/33536"}],"collection":[{"href":"https:\/\/mersinkadingazetesi.com\/index.php?rest_route=\/wp\/v2\/posts"}],"about":[{"href":"https:\/\/mersinkadingazetesi.com\/index.php?rest_route=\/wp\/v2\/types\/post"}],"author":[{"embeddable":true,"href":"https:\/\/mersinkadingazetesi.com\/index.php?rest_route=\/wp\/v2\/users\/2"}],"replies":[{"embeddable":true,"href":"https:\/\/mersinkadingazetesi.com\/index.php?rest_route=%2Fwp%2Fv2%2Fcomments&post=33536"}],"version-history":[{"count":0,"href":"https:\/\/mersinkadingazetesi.com\/index.php?rest_route=\/wp\/v2\/posts\/33536\/revisions"}],"wp:featuredmedia":[{"embeddable":true,"href":"https:\/\/mersinkadingazetesi.com\/index.php?rest_route=\/wp\/v2\/media\/33537"}],"wp:attachment":[{"href":"https:\/\/mersinkadingazetesi.com\/index.php?rest_route=%2Fwp%2Fv2%2Fmedia&parent=33536"}],"wp:term":[{"taxonomy":"category","embeddable":true,"href":"https:\/\/mersinkadingazetesi.com\/index.php?rest_route=%2Fwp%2Fv2%2Fcategories&post=33536"},{"taxonomy":"post_tag","embeddable":true,"href":"https:\/\/mersinkadingazetesi.com\/index.php?rest_route=%2Fwp%2Fv2%2Ftags&post=33536"}],"curies":[{"name":"wp","href":"https:\/\/api.w.org\/{rel}","templated":true}]}}