{"id":33551,"date":"2024-07-01T12:21:06","date_gmt":"2024-07-01T09:21:06","guid":{"rendered":"http:\/\/mersinkadingazetesi.com\/?p=33551"},"modified":"2024-07-01T12:22:16","modified_gmt":"2024-07-01T09:22:16","slug":"baskan-isikbay-asgari-ucrete-ara-zam-yapilmak-zorunda","status":"publish","type":"post","link":"https:\/\/mersinkadingazetesi.com\/?p=33551","title":{"rendered":"BA\u015eKAN I\u015eIKBAY: ASGAR\u0130 \u00dcCRETE ARA ZAM YAPILMAK ZORUNDA!"},"content":{"rendered":"<p>Deva Partisi Mersin \u0130l Ba\u015fkan\u0131 Taner I\u015f\u0131kbay  h\u00fck\u00fcmetin ekonomi politikalar\u0131n\u0131 sert bir \u015fekilde ele\u015ftirdi. Ba\u015fkan I\u015f\u0131kbay asgari \u00fccrete ara zam yap\u0131lmamas\u0131n\u0131n milyonlarca dar gelirli vatanda\u015f\u0131n ya\u015fam ko\u015fullar\u0131n\u0131 daha da zorla\u015ft\u0131rd\u0131\u011f\u0131n\u0131 belirterek, acil \u00f6nlemler al\u0131nmas\u0131 gerekti\u011fini vurgulad\u0131.<\/p>\n<p>Ba\u015fkan I\u015f\u0131kbay son aylarda h\u0131zla artan enflasyonun ve y\u00fckselen ya\u015fam maliyetlerinin vatanda\u015flar\u0131 derinden etkiledi\u011fine dikkat \u00e7ekti. Temel ihtiya\u00e7 maddelerinin, enerji ve ula\u015f\u0131m maliyetlerinin s\u00fcrekli artmas\u0131n\u0131n halk\u0131n al\u0131m g\u00fcc\u00fcn\u00fc ciddi \u015fekilde azaltt\u0131\u011f\u0131n\u0131 ifade etti. I\u015f\u0131kbay a\u00e7\u0131klamas\u0131nda \u015funlar\u0131 s\u00f6yledi: &#8220;Enflasyon ve y\u00fcksek ya\u015fam maliyetleri kar\u015f\u0131s\u0131nda halk ma\u011fdur ediliyor. Vatanda\u015flar\u0131m\u0131z temel ihtiya\u00e7lar\u0131n\u0131 bile kar\u015f\u0131lamakta zorlan\u0131yor. Asgari \u00fccretle ge\u00e7inmeye \u00e7al\u0131\u015fan milyonlarca insan var. Enflasyonun bu kadar y\u00fcksek seyretti\u011fi bir d\u00f6nemde, asgari \u00fccrete ara zam yap\u0131lmamas\u0131, bu insanlar\u0131 daha da zor duruma sokuyor. H\u00fck\u00fcmet, halk\u0131n al\u0131m g\u00fcc\u00fcn\u00fc korumak ve enflasyon kar\u015f\u0131s\u0131nda ezilmesini \u00f6nlemek i\u00e7in asgari \u00fccrete ara zam yapmal\u0131d\u0131r. Ekonomik kriz, toplumsal bar\u0131\u015f\u0131 tehdit ediyor. \u0130nsanlar ge\u00e7im derdinde, sosyal huzursuzluklar art\u0131yor. H\u00fck\u00fcmetin bu duruma acil ve etkili \u00e7\u00f6z\u00fcmler \u00fcretmesi gerekiyor. Yoksa hem i\u00e7 kar\u0131\u015f\u0131kl\u0131k hem de ekonomik kriz T\u00fcrkiye&#8217;yi b\u00fcy\u00fck bir felaketin i\u00e7erisine s\u00fcr\u00fckler. Bu felaket de T\u00fcrkiye&#8217;nin ekonomik ve sosyolojik olarak sonunu getirir.&#8221;dedi.<\/p>\n","protected":false},"excerpt":{"rendered":"<p>Deva Partisi Mersin \u0130l Ba\u015fkan\u0131 Taner I\u015f\u0131kbay h\u00fck\u00fcmetin ekonomi politikalar\u0131n\u0131 sert bir \u015fekilde ele\u015ftirdi. Ba\u015fkan I\u015f\u0131kbay asgari \u00fccrete ara zam yap\u0131lmamas\u0131n\u0131n milyonlarca dar gelirli vatanda\u015f\u0131n ya\u015fam ko\u015fullar\u0131n\u0131 daha da zorla\u015ft\u0131rd\u0131\u011f\u0131n\u0131 belirterek, acil \u00f6nlemler al\u0131nmas\u0131 gerekti\u011fini vurgulad\u0131. Ba\u015fkan I\u015f\u0131kbay son aylarda h\u0131zla artan enflasyonun ve y\u00fckselen ya\u015fam maliyetlerinin vatanda\u015flar\u0131 derinden etkiledi\u011fine dikkat \u00e7ekti. Temel ihtiya\u00e7 maddelerinin, [&hellip;]<\/p>\n","protected":false},"author":2,"featured_media":33554,"comment_status":"open","ping_status":"open","sticky":false,"template":"","format":"standard","meta":{"footnotes":""},"categories":[8,3],"tags":[],"class_list":["post-33551","post","type-post","status-publish","format-standard","has-post-thumbnail","hentry","category-ekonomi","category-manset"],"views":12,"_links":{"self":[{"href":"https:\/\/mersinkadingazetesi.com\/index.php?rest_route=\/wp\/v2\/posts\/33551"}],"collection":[{"href":"https:\/\/mersinkadingazetesi.com\/index.php?rest_route=\/wp\/v2\/posts"}],"about":[{"href":"https:\/\/mersinkadingazetesi.com\/index.php?rest_route=\/wp\/v2\/types\/post"}],"author":[{"embeddable":true,"href":"https:\/\/mersinkadingazetesi.com\/index.php?rest_route=\/wp\/v2\/users\/2"}],"replies":[{"embeddable":true,"href":"https:\/\/mersinkadingazetesi.com\/index.php?rest_route=%2Fwp%2Fv2%2Fcomments&post=33551"}],"version-history":[{"count":0,"href":"https:\/\/mersinkadingazetesi.com\/index.php?rest_route=\/wp\/v2\/posts\/33551\/revisions"}],"wp:featuredmedia":[{"embeddable":true,"href":"https:\/\/mersinkadingazetesi.com\/index.php?rest_route=\/wp\/v2\/media\/33554"}],"wp:attachment":[{"href":"https:\/\/mersinkadingazetesi.com\/index.php?rest_route=%2Fwp%2Fv2%2Fmedia&parent=33551"}],"wp:term":[{"taxonomy":"category","embeddable":true,"href":"https:\/\/mersinkadingazetesi.com\/index.php?rest_route=%2Fwp%2Fv2%2Fcategories&post=33551"},{"taxonomy":"post_tag","embeddable":true,"href":"https:\/\/mersinkadingazetesi.com\/index.php?rest_route=%2Fwp%2Fv2%2Ftags&post=33551"}],"curies":[{"name":"wp","href":"https:\/\/api.w.org\/{rel}","templated":true}]}}