{"id":33569,"date":"2024-07-02T12:22:53","date_gmt":"2024-07-02T09:22:53","guid":{"rendered":"http:\/\/mersinkadingazetesi.com\/?p=33569"},"modified":"2024-07-02T12:22:53","modified_gmt":"2024-07-02T09:22:53","slug":"tarsuslu-filozoflar-adina-ozel-ptt-posta-pulu-basildi","status":"publish","type":"post","link":"https:\/\/mersinkadingazetesi.com\/?p=33569","title":{"rendered":"TARSUSLU F\u0130LOZOFLAR ADINA  \u00d6ZEL PTT POSTA PULU BASILDI"},"content":{"rendered":"<p>Daha \u00f6nce g\u00f6kbilimci Tarsuslu filozof Aratos ad\u0131na anma pulu bas\u0131lm\u0131\u015ft\u0131. Bu ayn\u0131 zamanda T\u00fcrkiye&#8217;de Anadolulu bir filozof ad\u0131na bas\u0131lm\u0131\u015f ilk posta pulu olma \u00f6zelli\u011fini ta\u015f\u0131yordu. Bu kez antik \u00e7a\u011fda ya\u015fam\u0131\u015f Tarsuslu filozoflar ad\u0131na \u00f6zel bir anma pulu bas\u0131lm\u0131\u015f oldu.<\/p>\n<p>Tarsus&#8217;ta 2004 y\u0131l\u0131ndan bu yana yay\u0131n yapan Aratos dergisinin 20. y\u0131l an\u0131s\u0131na Aratos pulu bast\u0131r\u0131ld\u0131. Gazeteci-yazar U\u011fur Pi\u015fmanl\u0131k&#8217;\u0131n kurucusu oldu\u011fu ve yay\u0131n y\u00f6netmenli\u011fini yapt\u0131\u011f\u0131 Aratos Felsefe dergisi 20. y\u0131l\u0131nda. Evrensellik \u00f6l\u00e7\u00fcleri i\u00e7inde emekten yana, yurtsever, ilerici ve ayd\u0131nlanmac\u0131 ilkeler do\u011frultusunda yay\u0131n yapan Aratos Felsefe dergisinin 20. y\u0131l\u0131 an\u0131s\u0131na bu kez Tarsuslu filozoflar ad\u0131na \u00f6zel PTT posta pulu bas\u0131ld\u0131 bast\u0131r\u0131ld\u0131.<\/p>\n<p>Daha \u00f6nce M\u00d6. 315&#8217;te Tarsus&#8217;ta do\u011fmu\u015f olan \u015fair, matematik\u00e7i ve g\u00f6kbilimci Tarsuslu filozof Aratos ad\u0131na anma pulu bas\u0131lm\u0131\u015ft\u0131. Bu ayn\u0131 zamanda T\u00fcrkiye&#8217;de Anadolulu bir filozof ad\u0131na bas\u0131lm\u0131\u015f ilk posta pulu olma \u00f6zelli\u011fini ta\u015f\u0131yordu.<\/p>\n<p>Bu kez yine Aratos Felsefe Dergisi&#8217;nin Yay\u0131n Y\u00f6netmeni U\u011fur Pi\u015fmanl\u0131k&#8217;\u0131n giri\u015fimiyle, antik \u00e7a\u011fda ya\u015fam\u0131\u015f Tarsuslu filozoflar ad\u0131na \u00f6zel bir anma pulu bas\u0131lm\u0131\u015f oldu.<\/p>\n<p>Edinilin bilgiye g\u00f6re, pul \u00fczerine antik \u00e7a\u011fda ya\u015fam\u0131\u015f 45 Tarsuslu filozoftan sadece \u00f6ne \u00e7\u0131kan alt\u0131s\u0131n\u0131n oldu\u011fu bir resim ve yanlar\u0131nda 11 filozof ismi yer al\u0131yor. Pul \u00fczerinde yer alan Tarsuslu filozoflar\u0131n isimleri \u015funlar; Aratos, Khrisippos, Hermonia, Athenedoros, Zenon, Areios, Hermogenes, Antipater, Herodotos, Krates, Diogenes.<\/p>\n<p>Yap\u0131lan a\u00e7\u0131klamada, pul \u00fczerinde filozoflar\u0131n adlar\u0131 d\u0131\u015f\u0131nda, b\u00fcy\u00fck harflerle &#8220;Tarsuslu Filozoflar&#8221; yaz\u0131s\u0131, &#8220;Felsefenin Kenti Tarsus&#8221; mottosu ile &#8220;Aratos Felsefe Dergisi&#8221; yaz\u0131s\u0131 bulunuyor.<\/p>\n<p>PTT, Tarsuslu Filozoflar ait bir adet de b\u00fcy\u00fck boy posta pulunu poster olarak U\u011fur Pi\u015fmanl\u0131k&#8217;a takdim etti.<\/p>\n<p>Aratos Felsefe Dergisi&#8217;nin Yay\u0131n Y\u00f6netmeni U\u011fur Pi\u015fmanl\u0131k, konuya ili\u015fkin yapt\u0131\u011f\u0131 a\u00e7\u0131klamada, Aratos&#8217;un Tarsus&#8217;un en uzun soluklu ve tek entelekt\u00fcel yay\u0131n\u0131 oldu\u011funu ifade ederek, &#8220;2004 y\u0131l\u0131nda yay\u0131n hayat\u0131na ba\u015flayan dergimizin 20. y\u0131l\u0131 an\u0131s\u0131na Dergiye ad\u0131n\u0131 verdi\u011fimiz Tarsuslu filozof Aratos bir g\u00f6kbilimci (astronom) olmas\u0131 nedeniyle \u00f6zel bir posta pulu bast\u0131rm\u0131\u015ft\u0131k.<\/p>\n<p>\u015eimdi yine, ba\u015fta Aratos olmak \u00fczere Tarsuslu filozoflar temal\u0131 bir pul daha bast\u0131rd\u0131k.<\/p>\n<p>Tarsuslu filozoflar imajl\u0131 bu \u00f6zel pulu yeni y\u0131la kadar hem postalama i\u015fleminde hem de an\u0131 olarak edinmek isteyenler ve ar\u015fiv i\u00e7in de\u011ferlendirilecektir&#8221; dedi.<\/p>\n<p>U\u011fur Pi\u015fmanl\u0131k a\u00e7\u0131klamas\u0131nda felsefenin toplumsalla\u015fmas\u0131 i\u00e7in \u00e7aba g\u00f6sterdiklerini belirterek, &#8220;Aratos Felsefe Dergisi olarak, Tarsus&#8217;un k\u00fclt\u00fcrel geli\u015fmesine katk\u0131da bulunmaya ve uygun olan her ko\u015ful ve arac\u0131 da kullanarak Tarsuslu filozof Aratos ile di\u011fer filozoflar\u0131m\u0131z\u0131 tan\u0131tmaya \u00e7al\u0131\u015f\u0131yoruz. Aratos ve Tarsuslu filozoflar ad\u0131na bast\u0131rd\u0131\u011f\u0131m\u0131z PTT posta \u00f6zel anma pullar\u0131 bir sembold\u00fcr. Felsefe ad\u0131na y\u00fcr\u00fctt\u00fc\u011f\u00fcm\u00fcz \u00e7al\u0131\u015fmalar\u0131 simgeler. G\u00fcn\u00fcm\u00fczden 2 bin y\u0131l \u00f6ncesinde Tarsus&#8217;taki felsefe okullar\u0131nda yeti\u015fmi\u015f 45 kadar filozofumuz var. Bu Tarsus&#8217;un hem k\u00fclt\u00fcrel geli\u015fimi hem de kimli\u011fi a\u00e7\u0131s\u0131ndan \u00e7ok \u00f6nemli. Felsefe olmadan ayd\u0131nlanma olmaz ilkesiyle yay\u0131nc\u0131l\u0131k ve k\u00fclt\u00fcrel faaliyet y\u00fcr\u00fct\u00fcyoruz. Bu nedenle Tarsus&#8217;un felsefe kenti olmas\u0131 i\u00e7in u\u011fra\u015f\u0131yoruz.&#8221; diye konu\u015ftu. (02.07.2024)<\/p>\n","protected":false},"excerpt":{"rendered":"<p>Daha \u00f6nce g\u00f6kbilimci Tarsuslu filozof Aratos ad\u0131na anma pulu bas\u0131lm\u0131\u015ft\u0131. Bu ayn\u0131 zamanda T\u00fcrkiye&#8217;de Anadolulu bir filozof ad\u0131na bas\u0131lm\u0131\u015f ilk posta pulu olma \u00f6zelli\u011fini ta\u015f\u0131yordu. Bu kez antik \u00e7a\u011fda ya\u015fam\u0131\u015f Tarsuslu filozoflar ad\u0131na \u00f6zel bir anma pulu bas\u0131lm\u0131\u015f oldu. Tarsus&#8217;ta 2004 y\u0131l\u0131ndan bu yana yay\u0131n yapan Aratos dergisinin 20. y\u0131l an\u0131s\u0131na Aratos pulu bast\u0131r\u0131ld\u0131. Gazeteci-yazar [&hellip;]<\/p>\n","protected":false},"author":2,"featured_media":33570,"comment_status":"open","ping_status":"open","sticky":false,"template":"","format":"standard","meta":{"footnotes":""},"categories":[2,3],"tags":[],"class_list":["post-33569","post","type-post","status-publish","format-standard","has-post-thumbnail","hentry","category-gundem","category-manset"],"views":2,"_links":{"self":[{"href":"https:\/\/mersinkadingazetesi.com\/index.php?rest_route=\/wp\/v2\/posts\/33569"}],"collection":[{"href":"https:\/\/mersinkadingazetesi.com\/index.php?rest_route=\/wp\/v2\/posts"}],"about":[{"href":"https:\/\/mersinkadingazetesi.com\/index.php?rest_route=\/wp\/v2\/types\/post"}],"author":[{"embeddable":true,"href":"https:\/\/mersinkadingazetesi.com\/index.php?rest_route=\/wp\/v2\/users\/2"}],"replies":[{"embeddable":true,"href":"https:\/\/mersinkadingazetesi.com\/index.php?rest_route=%2Fwp%2Fv2%2Fcomments&post=33569"}],"version-history":[{"count":0,"href":"https:\/\/mersinkadingazetesi.com\/index.php?rest_route=\/wp\/v2\/posts\/33569\/revisions"}],"wp:featuredmedia":[{"embeddable":true,"href":"https:\/\/mersinkadingazetesi.com\/index.php?rest_route=\/wp\/v2\/media\/33570"}],"wp:attachment":[{"href":"https:\/\/mersinkadingazetesi.com\/index.php?rest_route=%2Fwp%2Fv2%2Fmedia&parent=33569"}],"wp:term":[{"taxonomy":"category","embeddable":true,"href":"https:\/\/mersinkadingazetesi.com\/index.php?rest_route=%2Fwp%2Fv2%2Fcategories&post=33569"},{"taxonomy":"post_tag","embeddable":true,"href":"https:\/\/mersinkadingazetesi.com\/index.php?rest_route=%2Fwp%2Fv2%2Ftags&post=33569"}],"curies":[{"name":"wp","href":"https:\/\/api.w.org\/{rel}","templated":true}]}}