{"id":33581,"date":"2024-07-03T12:02:32","date_gmt":"2024-07-03T09:02:32","guid":{"rendered":"http:\/\/mersinkadingazetesi.com\/?p=33581"},"modified":"2024-07-03T12:02:32","modified_gmt":"2024-07-03T09:02:32","slug":"chpli-dincerden-mersinde-yikilan-okullar-hakkinda-soru-onergesi","status":"publish","type":"post","link":"https:\/\/mersinkadingazetesi.com\/?p=33581","title":{"rendered":"CHP&#8217;li Din\u00e7er&#8217;den Mersin\u2019de Y\u0131k\u0131lan Okullar Hakk\u0131nda Soru \u00d6nergesi"},"content":{"rendered":"<p>Mersin Milletvekili Talat Din\u00e7er, 6 \u015eubat depremi nedeniyle Mersin&#8217;de 1108 derslikten olu\u015fan 63 okul hakk\u0131nda y\u0131k\u0131lma karar\u0131 al\u0131nd\u0131\u011f\u0131n\u0131 vurgulayarak 2024-2025 \u00f6\u011fretim y\u0131l\u0131nda ka\u00e7 okulun e\u011fitime a\u00e7\u0131laca\u011f\u0131 ile ilgili Milli E\u011fitim Bakan\u0131 Yusuf Tekin\u2019e soru \u00f6nergesi sundu.<br \/>\n\u00d6nergede Din\u00e7er, Mersin\u2019in 15 bin 611 nakil say\u0131s\u0131yla T\u00fcrkiye\u2019de en \u00e7ok nakil alan 3. il oldu\u011funu ve y\u0131k\u0131lan okullarda toplamda 50 bin \u00f6\u011frencinin ba\u015fka okullara nakledildi\u011fini vurgulad\u0131.<\/p>\n<p>Soru \u00f6nergesinde Din\u00e7er, \u201cT\u00fcrkiye deprem ku\u015fa\u011f\u0131nda olup unutmamam\u0131z ve unutturmamam\u0131z gereken bir ger\u00e7e\u011fimizdir.6 \u015eubat Kahramanmara\u015f depreminde ya\u015fad\u0131\u011f\u0131m\u0131z felakette can ve mal kay\u0131plar\u0131m\u0131z\u0131n halen yaralar\u0131 sar\u0131lm\u0131\u015f de\u011fildir. Her zaman savundu\u011fumuz gibi deprem de\u011fil denetimsiz binalar \u00f6ld\u00fcr\u00fcr. Mersin genelinde 1.110 devlet 284 \u00f6zel olmak \u00fczere toplam 1.394 Okul bulunmaktad\u0131r. Kahramanmara\u015f 6 \u015eubat depreminden sonra 588 Okulda analiz \u00e7al\u0131\u015fmalar\u0131ndan sonra 76 Okulumuz hasar nedeniyle bo\u015falt\u0131lm\u0131\u015f olup, 1108 derslikten olu\u015fan 63 okul hakk\u0131nda y\u0131k\u0131lma karar\u0131 al\u0131nd\u0131. Depremden etkilenen illerden toplam 166 bin 238 \u00f6\u011frencinin di\u011fer illerdeki okullara nakil yap\u0131l\u0131rken, Mersin\u2019e 15 bin 611 nakil say\u0131s\u0131yla T\u00fcrkiye\u2019de en \u00e7ok nakil alan 3\u2019\u00fcnc\u00fc il oldu. Y\u0131k\u0131lan okullar\u0131m\u0131zdan toplamda 50 bin \u00f6\u011frenci ba\u015fka Okullara nakil edildi. Bu zor zamanlarda, e\u011fitim kurumlar\u0131m\u0131z\u0131n kar\u015f\u0131la\u015ft\u0131\u011f\u0131 bu talihsiz durum kar\u015f\u0131s\u0131nda birlik ve beraberlik i\u00e7inde hareket etmenin \u00f6nemi bir kez daha ortaya \u00e7\u0131km\u0131\u015ft\u0131r.<\/p>\n<p>\u00d6\u011frencilerimizin g\u00fcvenli\u011fi ve e\u011fitim kalitesinin korunmas\u0131 her zaman \u00f6nceli\u011fimizdir. Bu nedenle hasar g\u00f6ren ve y\u0131k\u0131lan okullar\u0131m\u0131z\u0131n en k\u0131sa s\u00fcrede onar\u0131lmas\u0131 ve yap\u0131lmas\u0131 gerekmektedir. Unutmayal\u0131m ki, e\u011fitim gelece\u011fimizin temelidir ve bu temeli sa\u011flam tutmak hepimizin sorumlulu\u011fudur.\u201d dedi.<\/p>\n<p>Din\u00e7er, Milli E\u011fitim Bakan\u0131 Tekin\u2019den \u015fu sorular\u0131n yan\u0131tlanmas\u0131n\u0131 istedi:<\/p>\n<p>1.\tHasar tespiti yap\u0131lan Okullar\u0131n g\u00fc\u00e7lendirme ile tam sa\u011fl\u0131kl\u0131 olaca\u011f\u0131n\u0131 d\u00fc\u015f\u00fcn\u00fcyor musunuz?<br \/>\n2.\tY\u0131k\u0131lan devlet Okullar\u0131n\u0131n ayn\u0131 say\u0131da yerine tekrar Devlet Okullar\u0131 yap\u0131lacak m\u0131?<br \/>\n3.\tMersin \u00e7ok fazla g\u00f6\u00e7 almakta, yap\u0131lacak Okullar\u0131n derslik say\u0131s\u0131n\u0131 art\u0131rmay\u0131 d\u00fc\u015f\u00fcn\u00fcyor musunuz?<br \/>\n4.\t2024-2025 \u00d6\u011fretim y\u0131l\u0131nda ka\u00e7 tane Okulu e\u011fitime a\u00e7may\u0131 d\u00fc\u015f\u00fcn\u00fcyorsunuz?<br \/>\n5.\tK\u00f6y Okullar\u0131n\u0131 tekrar e\u011fitime a\u00e7arak merkezlerde olu\u015fan \u00f6\u011frenci y\u0131\u011f\u0131lmalar\u0131n\u0131 azaltmay\u0131 d\u00fc\u015f\u00fcn\u00fcyor musunuz?<br \/>\n6.\tY\u0131k\u0131lan Okullar\u0131m\u0131z\u0131n hepsi ka\u00e7 y\u0131lda e\u011fitime ba\u015flam\u0131\u015f olacakt\u0131r?<\/p>\n","protected":false},"excerpt":{"rendered":"<p>Mersin Milletvekili Talat Din\u00e7er, 6 \u015eubat depremi nedeniyle Mersin&#8217;de 1108 derslikten olu\u015fan 63 okul hakk\u0131nda y\u0131k\u0131lma karar\u0131 al\u0131nd\u0131\u011f\u0131n\u0131 vurgulayarak 2024-2025 \u00f6\u011fretim y\u0131l\u0131nda ka\u00e7 okulun e\u011fitime a\u00e7\u0131laca\u011f\u0131 ile ilgili Milli E\u011fitim Bakan\u0131 Yusuf Tekin\u2019e soru \u00f6nergesi sundu. \u00d6nergede Din\u00e7er, Mersin\u2019in 15 bin 611 nakil say\u0131s\u0131yla T\u00fcrkiye\u2019de en \u00e7ok nakil alan 3. il oldu\u011funu ve y\u0131k\u0131lan okullarda [&hellip;]<\/p>\n","protected":false},"author":2,"featured_media":33582,"comment_status":"open","ping_status":"open","sticky":false,"template":"","format":"standard","meta":{"footnotes":""},"categories":[1,2,3,5],"tags":[],"class_list":["post-33581","post","type-post","status-publish","format-standard","has-post-thumbnail","hentry","category-genel","category-gundem","category-manset","category-mersin"],"views":18,"_links":{"self":[{"href":"https:\/\/mersinkadingazetesi.com\/index.php?rest_route=\/wp\/v2\/posts\/33581"}],"collection":[{"href":"https:\/\/mersinkadingazetesi.com\/index.php?rest_route=\/wp\/v2\/posts"}],"about":[{"href":"https:\/\/mersinkadingazetesi.com\/index.php?rest_route=\/wp\/v2\/types\/post"}],"author":[{"embeddable":true,"href":"https:\/\/mersinkadingazetesi.com\/index.php?rest_route=\/wp\/v2\/users\/2"}],"replies":[{"embeddable":true,"href":"https:\/\/mersinkadingazetesi.com\/index.php?rest_route=%2Fwp%2Fv2%2Fcomments&post=33581"}],"version-history":[{"count":0,"href":"https:\/\/mersinkadingazetesi.com\/index.php?rest_route=\/wp\/v2\/posts\/33581\/revisions"}],"wp:featuredmedia":[{"embeddable":true,"href":"https:\/\/mersinkadingazetesi.com\/index.php?rest_route=\/wp\/v2\/media\/33582"}],"wp:attachment":[{"href":"https:\/\/mersinkadingazetesi.com\/index.php?rest_route=%2Fwp%2Fv2%2Fmedia&parent=33581"}],"wp:term":[{"taxonomy":"category","embeddable":true,"href":"https:\/\/mersinkadingazetesi.com\/index.php?rest_route=%2Fwp%2Fv2%2Fcategories&post=33581"},{"taxonomy":"post_tag","embeddable":true,"href":"https:\/\/mersinkadingazetesi.com\/index.php?rest_route=%2Fwp%2Fv2%2Ftags&post=33581"}],"curies":[{"name":"wp","href":"https:\/\/api.w.org\/{rel}","templated":true}]}}