{"id":33590,"date":"2024-07-04T12:44:19","date_gmt":"2024-07-04T09:44:19","guid":{"rendered":"http:\/\/mersinkadingazetesi.com\/?p=33590"},"modified":"2024-07-04T12:44:19","modified_gmt":"2024-07-04T09:44:19","slug":"aydincik-yat-limani-projesi-durdurululmali","status":"publish","type":"post","link":"https:\/\/mersinkadingazetesi.com\/?p=33590","title":{"rendered":"Ayd\u0131nc\u0131k yat liman\u0131 projesi durdurululmal\u0131"},"content":{"rendered":"<p>\u201cCHP Mersin Milletvekili G\u00fclcan K\u0131\u015f, Ayd\u0131nc\u0131k yat liman\u0131 projesinin deniz canl\u0131lar\u0131na ve baz\u0131 plajlara zarar verdi\u011fini belirterek; \u201cTurizmi geli\u015ftirece\u011fiz diyen AKP h\u00fck\u00fcmeti de bir taraftan bu y\u0131k\u0131m projeleri ile turizmimizi yok etmektedir.  Tamamen ranta d\u00f6n\u00fck bir ama\u00e7 ta\u015f\u0131yan bu projenin bir an evvel iptal edilmesini talep ediyoruz\u201d dedi.<\/p>\n<p>Cumhuriyet Halk Partisi (CHP) Mersin Milletvekili G\u00fclcan K\u0131\u015f, TBMM Genel Kurulunda s\u00f6z alarak Ayd\u0131nc\u0131k yat liman\u0131 projesinin durdurulmas\u0131n\u0131 istedi.<\/p>\n<p>G\u00fclcan K\u0131\u015f,  \u201cMersin\u2019in Ayd\u0131nc\u0131k \u0130l\u00e7esi\u2019nde, Ula\u015ft\u0131rma Bakanl\u0131\u011f\u0131\u2019nca 2012 y\u0131l\u0131nda 400 yat kapasiteli olarak yat\u0131r\u0131m karar\u0131 al\u0131nan  yat liman\u0131 projesi, Mersinlilerin t\u00fcm kar\u015f\u0131 duru\u015flar\u0131na ra\u011fmen yap\u0131lmaya devam edilmektedir. Sit alan\u0131 ve nesli t\u00fckenme tehlikesi alt\u0131nda olan Akdeniz foklar\u0131n\u0131n ve Caretta-Carettalar\u0131n ya\u015fam alan\u0131na yap\u0131lan Limana, \u00c7ED gerekli de\u011fildir karar\u0131 verilmi\u015ftir.   Ayd\u0131nc\u0131k Yat Liman\u0131 Projesinin, b\u00fct\u00fcn deniz canl\u0131lar\u0131 \u00fczerinde olumsuz bir etki olu\u015fturaca\u011f\u0131 tespit edilmi\u015f, Mersinimizin en temiz sahillerinden B\u00fcy\u00fckalan plaj\u0131n\u0131 ise y\u0131k\u0131ma u\u011fratm\u0131\u015ft\u0131r. Turizmi geli\u015ftirece\u011fiz diyen AKP h\u00fck\u00fcmeti de bir taraftan bu y\u0131k\u0131m projeleri ile turizmimizi yok etmektedir.  Tamamen ranta d\u00f6n\u00fck bir ama\u00e7 ta\u015f\u0131yan ve  Mersinimizin turizmine zarar veren bu projeye kar\u015f\u0131 oldu\u011fumuzu bildiriyor, bir an evvel iptal edilmesini talep ediyoruz\u201d ifadelerini kulland\u0131.<\/p>\n","protected":false},"excerpt":{"rendered":"<p>\u201cCHP Mersin Milletvekili G\u00fclcan K\u0131\u015f, Ayd\u0131nc\u0131k yat liman\u0131 projesinin deniz canl\u0131lar\u0131na ve baz\u0131 plajlara zarar verdi\u011fini belirterek; \u201cTurizmi geli\u015ftirece\u011fiz diyen AKP h\u00fck\u00fcmeti de bir taraftan bu y\u0131k\u0131m projeleri ile turizmimizi yok etmektedir. Tamamen ranta d\u00f6n\u00fck bir ama\u00e7 ta\u015f\u0131yan bu projenin bir an evvel iptal edilmesini talep ediyoruz\u201d dedi. Cumhuriyet Halk Partisi (CHP) Mersin Milletvekili G\u00fclcan [&hellip;]<\/p>\n","protected":false},"author":2,"featured_media":33303,"comment_status":"open","ping_status":"open","sticky":false,"template":"","format":"standard","meta":{"footnotes":""},"categories":[2,3,5,6],"tags":[],"class_list":["post-33590","post","type-post","status-publish","format-standard","has-post-thumbnail","hentry","category-gundem","category-manset","category-mersin","category-siyaset-2"],"views":16,"_links":{"self":[{"href":"https:\/\/mersinkadingazetesi.com\/index.php?rest_route=\/wp\/v2\/posts\/33590"}],"collection":[{"href":"https:\/\/mersinkadingazetesi.com\/index.php?rest_route=\/wp\/v2\/posts"}],"about":[{"href":"https:\/\/mersinkadingazetesi.com\/index.php?rest_route=\/wp\/v2\/types\/post"}],"author":[{"embeddable":true,"href":"https:\/\/mersinkadingazetesi.com\/index.php?rest_route=\/wp\/v2\/users\/2"}],"replies":[{"embeddable":true,"href":"https:\/\/mersinkadingazetesi.com\/index.php?rest_route=%2Fwp%2Fv2%2Fcomments&post=33590"}],"version-history":[{"count":0,"href":"https:\/\/mersinkadingazetesi.com\/index.php?rest_route=\/wp\/v2\/posts\/33590\/revisions"}],"wp:featuredmedia":[{"embeddable":true,"href":"https:\/\/mersinkadingazetesi.com\/index.php?rest_route=\/wp\/v2\/media\/33303"}],"wp:attachment":[{"href":"https:\/\/mersinkadingazetesi.com\/index.php?rest_route=%2Fwp%2Fv2%2Fmedia&parent=33590"}],"wp:term":[{"taxonomy":"category","embeddable":true,"href":"https:\/\/mersinkadingazetesi.com\/index.php?rest_route=%2Fwp%2Fv2%2Fcategories&post=33590"},{"taxonomy":"post_tag","embeddable":true,"href":"https:\/\/mersinkadingazetesi.com\/index.php?rest_route=%2Fwp%2Fv2%2Ftags&post=33590"}],"curies":[{"name":"wp","href":"https:\/\/api.w.org\/{rel}","templated":true}]}}