{"id":33784,"date":"2024-07-09T12:30:45","date_gmt":"2024-07-09T09:30:45","guid":{"rendered":"https:\/\/mersinkadingazetesi.com\/?p=33784"},"modified":"2024-07-09T12:30:45","modified_gmt":"2024-07-09T09:30:45","slug":"chpli-yilmazdan-muharrem-ayi-mesaji","status":"publish","type":"post","link":"https:\/\/mersinkadingazetesi.com\/?p=33784","title":{"rendered":"CHP&#8217;li Y\u0131lmaz&#8217;dan Muharrem ay\u0131 mesaj\u0131"},"content":{"rendered":"\n<p>Cumhuriyet Halk Partisi Mezitli \u0130l\u00e7e Ba\u015fkan\u0131 Av. Ula\u015f Y\u0131lmaz, b\u00fcy\u00fck ac\u0131lar\u0131n bir daha ya\u015fanmamas\u0131 i\u00e7in ibadetlerin edildi\u011fi Muharrem ay\u0131n\u0131n t\u00fcm d\u00fcnyada bar\u0131\u015f i\u00e7inde ya\u015fanmas\u0131 temennisinde bulundu.<\/p>\n\n\n\n<p>Cumhuriyet Halk Partisi Mezitli \u0130l\u00e7e Ba\u015fkan\u0131 Av. Ula\u015f Y\u0131lmaz, Muharrem ay\u0131 ve matem orucunun ba\u015flamas\u0131 dolay\u0131s\u0131yla bir mesaj yay\u0131nlad\u0131.<br>Muharrem ay\u0131n\u0131n b\u00fcy\u00fck bir ac\u0131n\u0131n tarihi oldu\u011funu ifade eden Ba\u015fkan Y\u0131lmaz, &#8220;\u00dclkemizde milyonlarca Alevi yurtta\u015f\u0131m\u0131z i\u00e7in b\u00fcy\u00fck \u00f6nem ta\u015f\u0131yan Muharrem ay\u0131 ba\u015flad\u0131. \u0130ncinsen de incitme anlay\u0131\u015f\u0131yla Kerbela&#8217;da ya\u015fanan ac\u0131 olay\u0131 anmak i\u00e7in 12 g\u00fcn tutulan matem orucunun bitmesinin ard\u0131ndan, pi\u015firilen a\u015fureler pay edilir. Birlik, beraberlik, karde\u015flik mesajlar\u0131n\u0131n verildi\u011fi Muharrem ay\u0131n\u0131n t\u00fcm insanl\u0131\u011fa bar\u0131\u015f ve huzur getirmesini diliyorum. Matem orucu tutan t\u00fcm canlar\u0131m\u0131z\u0131n tuttuklar\u0131 oru\u00e7lar\u0131n, payla\u015ft\u0131klar\u0131 lokmalar\u0131n, ettikleri dualar\u0131n hak kat\u0131nda kabul olsun&#8221; dedi.<\/p>\n","protected":false},"excerpt":{"rendered":"<p>Cumhuriyet Halk Partisi Mezitli \u0130l\u00e7e Ba\u015fkan\u0131 Av. Ula\u015f Y\u0131lmaz, b\u00fcy\u00fck ac\u0131lar\u0131n bir daha ya\u015fanmamas\u0131 i\u00e7in ibadetlerin edildi\u011fi Muharrem ay\u0131n\u0131n t\u00fcm d\u00fcnyada bar\u0131\u015f i\u00e7inde ya\u015fanmas\u0131 temennisinde bulundu. Cumhuriyet Halk Partisi Mezitli \u0130l\u00e7e Ba\u015fkan\u0131 Av. Ula\u015f Y\u0131lmaz, Muharrem ay\u0131 ve matem orucunun ba\u015flamas\u0131 dolay\u0131s\u0131yla bir mesaj yay\u0131nlad\u0131.Muharrem ay\u0131n\u0131n b\u00fcy\u00fck bir ac\u0131n\u0131n tarihi oldu\u011funu ifade eden Ba\u015fkan Y\u0131lmaz, [&hellip;]<\/p>\n","protected":false},"author":2,"featured_media":33785,"comment_status":"closed","ping_status":"closed","sticky":false,"template":"","format":"standard","meta":{"footnotes":""},"categories":[1],"tags":[],"class_list":["post-33784","post","type-post","status-publish","format-standard","has-post-thumbnail","hentry","category-genel"],"views":8,"_links":{"self":[{"href":"https:\/\/mersinkadingazetesi.com\/index.php?rest_route=\/wp\/v2\/posts\/33784"}],"collection":[{"href":"https:\/\/mersinkadingazetesi.com\/index.php?rest_route=\/wp\/v2\/posts"}],"about":[{"href":"https:\/\/mersinkadingazetesi.com\/index.php?rest_route=\/wp\/v2\/types\/post"}],"author":[{"embeddable":true,"href":"https:\/\/mersinkadingazetesi.com\/index.php?rest_route=\/wp\/v2\/users\/2"}],"replies":[{"embeddable":true,"href":"https:\/\/mersinkadingazetesi.com\/index.php?rest_route=%2Fwp%2Fv2%2Fcomments&post=33784"}],"version-history":[{"count":1,"href":"https:\/\/mersinkadingazetesi.com\/index.php?rest_route=\/wp\/v2\/posts\/33784\/revisions"}],"predecessor-version":[{"id":33786,"href":"https:\/\/mersinkadingazetesi.com\/index.php?rest_route=\/wp\/v2\/posts\/33784\/revisions\/33786"}],"wp:featuredmedia":[{"embeddable":true,"href":"https:\/\/mersinkadingazetesi.com\/index.php?rest_route=\/wp\/v2\/media\/33785"}],"wp:attachment":[{"href":"https:\/\/mersinkadingazetesi.com\/index.php?rest_route=%2Fwp%2Fv2%2Fmedia&parent=33784"}],"wp:term":[{"taxonomy":"category","embeddable":true,"href":"https:\/\/mersinkadingazetesi.com\/index.php?rest_route=%2Fwp%2Fv2%2Fcategories&post=33784"},{"taxonomy":"post_tag","embeddable":true,"href":"https:\/\/mersinkadingazetesi.com\/index.php?rest_route=%2Fwp%2Fv2%2Ftags&post=33784"}],"curies":[{"name":"wp","href":"https:\/\/api.w.org\/{rel}","templated":true}]}}