{"id":33790,"date":"2024-07-10T12:29:44","date_gmt":"2024-07-10T09:29:44","guid":{"rendered":"https:\/\/mersinkadingazetesi.com\/?p=33790"},"modified":"2024-07-10T12:29:44","modified_gmt":"2024-07-10T09:29:44","slug":"buyuksehirin-yuzme-kurslari-ile-yuzme-bilmeyen-kalmayacak","status":"publish","type":"post","link":"https:\/\/mersinkadingazetesi.com\/?p=33790","title":{"rendered":"B\u00dcY\u00dcK\u015eEH\u0130R&#8217;\u0130N Y\u00dcZME KURSLARI \u0130LE Y\u00dcZME B\u0130LMEYEN KALMAYACAK"},"content":{"rendered":"\n<p>Mersin B\u00fcy\u00fck\u015fehir Belediyesi Gen\u00e7lik ve Spor Hizmetleri Dairesi b\u00fcnyesinde her yaz a\u00e7\u0131lan y\u00fczme kurslar\u0131 hem kursiyerlerden, hem de velilerden tam not al\u0131yor. 6 ya\u015f ve \u00fczeri her vatanda\u015f\u0131n kat\u0131l\u0131m sa\u011flad\u0131\u011f\u0131 y\u00fczme kurslar\u0131 sayesinde, deniz kenti Mersin&#8217;de y\u00fczme bilmeyen kalmayacak.<\/p>\n\n\n\n<p>B\u00fcy\u00fck\u015fehir Belediyesi&#8217;ne ba\u011fl\u0131 Macit \u00d6zcan Spor Tesisleri&#8217;nde ger\u00e7ekle\u015fen y\u00fczme derslerine kat\u0131lan kursiyerler, 2 hafta boyunca ders al\u0131yor. Her g\u00fcn \u00e7ocuk, gen\u00e7 ve yeti\u015fkinler olmak \u00fczere yakla\u015f\u0131k 500 kursiyerin e\u011fitim g\u00f6rd\u00fc\u011f\u00fc kursta, 2 cankurtaran da g\u00fcvenli\u011fi sa\u011fl\u0131yor. Olimpik havuzda verilen kurs ile y\u00fczmeyi \u00f6\u011frenen y\u00fczlerce kursiyer s\u0131cak yaz g\u00fcnlerinde hem serinliyor, hem de y\u00fczme \u00f6\u011freniyor.&nbsp;24 Haziran&#8217;da ba\u015flayan Pazartesi, Sal\u0131, \u00c7ar\u015famba ve Per\u015fembe g\u00fcnleri verilen y\u00fczme kurslar\u0131, 29 A\u011fustos&#8217;a kadar s\u00fcrecek.<\/p>\n\n\n\n<p><strong>Erden: &#8220;\u00dccretsiz e\u011fitimlerimizi deneyimli hocalar\u0131m\u0131zla veriyoruz&#8221;<\/strong><\/p>\n\n\n\n<p>Gen\u00e7lik ve Spor Hizmetleri Dairesi&#8217;nde g\u00f6rev yapan Y\u00fczme Antren\u00f6r\u00fc Ekrem Erden, 24 Haziran&#8217;da ilk d\u00f6nemlerine ba\u015flad\u0131klar\u0131n\u0131 belirterek,&nbsp;<strong>&#8220;Kurslar\u0131m\u0131z\u0131 bu y\u0131l 5 d\u00f6nem olarak verece\u011fiz. E\u011fitim s\u00fcrelerimiz ortalama 1 saat s\u00fcr\u00fcyor. G\u00fcnde yakla\u015f\u0131k 500 \u00e7ocuk, gen\u00e7 ve yeti\u015fkine hizmet veriyoruz. Bu y\u0131l en k\u00fc\u00e7\u00fck 6 ya\u015f\u0131nda kursiyer ald\u0131k. Ondan sonra ya\u015f aral\u0131\u011f\u0131m\u0131z yok. 70 ya\u015f\u0131na kadar kursiyerlerimiz mevcut. Her d\u00f6nemimiz 2 hafta oluyor. Gelen kursiyerimiz 8 dersten yararlan\u0131yor. Bu dersler sonucunda da y\u00fczme \u00f6\u011frenmelerini sa\u011fl\u0131yoruz&#8221;<\/strong>&nbsp;dedi.<\/p>\n\n\n\n<p>Deniz kenti Mersin&#8217;de y\u00fczme bilmenin \u00e7ok \u00f6nemli oldu\u011funu vurgulayan Erden,&nbsp;<strong>&#8220;Birinci hedefimiz y\u00fczmeyi \u00f6\u011frenmeleri. Bizim havuzumuz olimpik bir havuz. \u00dccretsiz e\u011fitimlerimizi deneyimli hocalar\u0131m\u0131zla veriyoruz. Gelen kursiyerlerimiz buradan gayet memnun ayr\u0131l\u0131yorlar. 2 cankurtaran\u0131m\u0131z var. Dersler esnas\u0131nda, etrafta gerekli b\u00fct\u00fcn \u00f6nlemleri al\u0131yoruz. Bu hizmetten b\u00fct\u00fcn vatanda\u015flar\u0131m\u0131z yararlans\u0131n istiyoruz. Onun i\u00e7in biz bunu 5 d\u00f6neme yayd\u0131k. \u00c7ok daha fazla insan\u0131m\u0131z\u0131n faydalanabilmesi i\u00e7in de 2 hafta ile s\u0131n\u0131rland\u0131rd\u0131k&#8221;<\/strong>&nbsp;diye konu\u015ftu.<\/p>\n\n\n\n<p><strong>Hem minikler, hem de aileleri B\u00fcy\u00fck\u015fehir&#8217;in y\u00fczme kursundan olduk\u00e7a memnun<\/strong><\/p>\n\n\n\n<p>Y\u00fczme Kursu e\u011fitimine kat\u0131lan Defne Hena K\u00f6ven\u00e7 hem y\u00fczme \u00f6\u011frendi\u011fini, hem de e\u011flendi\u011fini ifade ederek,&nbsp;<strong>&#8220;Bal\u0131klama atlamay\u0131, kula\u00e7 atmay\u0131 ve y\u00fczmenin temelini burada \u00f6\u011frendim. Hocalar\u0131m \u00e7ok iyi. Buraya herkes gelebilir&#8221;<\/strong>&nbsp;dedi.<\/p>\n\n\n\n<p>10 ya\u015f\u0131ndaki \u00d6mer Asaf Keskin,&nbsp;<strong>&#8220;Bize burada \u00e7ok g\u00fczel \u015feyler \u00f6\u011fretiyorlar. Hocalar\u0131m\u0131za te\u015fekk\u00fcr ediyorum. Y\u00fczmeyi burada \u00f6\u011frendim. Y\u00fczme bilmeyenler buraya gelsin. Arkada\u015f ortam\u0131 da \u00e7ok g\u00fczel&#8221;<\/strong>&nbsp;diye konu\u015ftu.<\/p>\n\n\n\n<p>11 ya\u015f\u0131ndaki Azra Aky\u00fcrek ise,&nbsp;<strong>&#8220;Y\u00fczmemi geli\u015ftirmek i\u00e7in bu kursa geldim. Kurs gayet iyi. Y\u00fczmeyi daha da iyi \u00f6\u011frendim&#8221;<\/strong>&nbsp;ifadelerini kulland\u0131.<\/p>\n\n\n\n<p>Aslen Alman olan yeti\u015fkin kursiyerlerden Nossi Krapp, B\u00fcy\u00fck\u015fehir&#8217;in y\u00fczme kursunda y\u00fczme \u00f6\u011frendi\u011fini belirterek,&nbsp;<strong>&#8220;Ben y\u00fczmeyi hi\u00e7 bilmiyordum. \u015eimdi \u00e7ok iyi y\u00fcz\u00fcyorum. \u00c7ok mutluyum. Burada \u00e7ok g\u00fczel insanlar var&#8221;<\/strong>&nbsp;dedi.<\/p>\n\n\n\n<p>K\u0131z\u0131 Elif&#8217;i y\u00fczme kursuna getiren ve \u00e7ok memnun kald\u0131klar\u0131n\u0131 anlatan velilerden G\u00f6n\u00fcl Tav\u015fan,&nbsp;<strong>&#8220;Arkada\u015flardan duymu\u015ftum. 2 hafta yaz\u0131ld\u0131k buraya. Hocam\u0131zdan da \u00e7ok memnunuz, \u00e7ok g\u00fczel \u00f6\u011fretiyor. Sabah erken saat de olsa, severek geliyoruz. Bu ekonomik \u015fartlarda \u00fccretsiz olmas\u0131 da ayr\u0131 bir avantaj&#8221;<\/strong>&nbsp;diye konu\u015ftu.<\/p>\n\n\n\n<p>K\u0131z\u0131n\u0131n, B\u00fcy\u00fck\u015fehir&#8217;in y\u00fczme kursu sayesinde y\u00fczmeyi \u00f6\u011frendi\u011fini anlatan Bar\u0131\u015f \u00c7ift\u00e7i ise,&nbsp;<strong>&#8220;Derslerin faydas\u0131n\u0131 fazlas\u0131yla g\u00f6rd\u00fck. Etraf\u0131m\u0131zdaki dostlar\u0131m\u0131za da tavsiye ettik. Bizim tavsiyemizle gelenler de oldu. Belediye Ba\u015fkan\u0131m\u0131za bu g\u00fczel proje i\u00e7in \u00e7ok te\u015fekk\u00fcr ediyorum&#8221;<\/strong>&nbsp;&nbsp;ifadelerine yer verdi.<\/p>\n","protected":false},"excerpt":{"rendered":"<p>Mersin B\u00fcy\u00fck\u015fehir Belediyesi Gen\u00e7lik ve Spor Hizmetleri Dairesi b\u00fcnyesinde her yaz a\u00e7\u0131lan y\u00fczme kurslar\u0131 hem kursiyerlerden, hem de velilerden tam not al\u0131yor. 6 ya\u015f ve \u00fczeri her vatanda\u015f\u0131n kat\u0131l\u0131m sa\u011flad\u0131\u011f\u0131 y\u00fczme kurslar\u0131 sayesinde, deniz kenti Mersin&#8217;de y\u00fczme bilmeyen kalmayacak. B\u00fcy\u00fck\u015fehir Belediyesi&#8217;ne ba\u011fl\u0131 Macit \u00d6zcan Spor Tesisleri&#8217;nde ger\u00e7ekle\u015fen y\u00fczme derslerine kat\u0131lan kursiyerler, 2 hafta boyunca ders [&hellip;]<\/p>\n","protected":false},"author":2,"featured_media":33791,"comment_status":"closed","ping_status":"closed","sticky":false,"template":"","format":"standard","meta":{"footnotes":""},"categories":[10],"tags":[],"class_list":["post-33790","post","type-post","status-publish","format-standard","has-post-thumbnail","hentry","category-spor"],"views":23,"_links":{"self":[{"href":"https:\/\/mersinkadingazetesi.com\/index.php?rest_route=\/wp\/v2\/posts\/33790"}],"collection":[{"href":"https:\/\/mersinkadingazetesi.com\/index.php?rest_route=\/wp\/v2\/posts"}],"about":[{"href":"https:\/\/mersinkadingazetesi.com\/index.php?rest_route=\/wp\/v2\/types\/post"}],"author":[{"embeddable":true,"href":"https:\/\/mersinkadingazetesi.com\/index.php?rest_route=\/wp\/v2\/users\/2"}],"replies":[{"embeddable":true,"href":"https:\/\/mersinkadingazetesi.com\/index.php?rest_route=%2Fwp%2Fv2%2Fcomments&post=33790"}],"version-history":[{"count":1,"href":"https:\/\/mersinkadingazetesi.com\/index.php?rest_route=\/wp\/v2\/posts\/33790\/revisions"}],"predecessor-version":[{"id":33792,"href":"https:\/\/mersinkadingazetesi.com\/index.php?rest_route=\/wp\/v2\/posts\/33790\/revisions\/33792"}],"wp:featuredmedia":[{"embeddable":true,"href":"https:\/\/mersinkadingazetesi.com\/index.php?rest_route=\/wp\/v2\/media\/33791"}],"wp:attachment":[{"href":"https:\/\/mersinkadingazetesi.com\/index.php?rest_route=%2Fwp%2Fv2%2Fmedia&parent=33790"}],"wp:term":[{"taxonomy":"category","embeddable":true,"href":"https:\/\/mersinkadingazetesi.com\/index.php?rest_route=%2Fwp%2Fv2%2Fcategories&post=33790"},{"taxonomy":"post_tag","embeddable":true,"href":"https:\/\/mersinkadingazetesi.com\/index.php?rest_route=%2Fwp%2Fv2%2Ftags&post=33790"}],"curies":[{"name":"wp","href":"https:\/\/api.w.org\/{rel}","templated":true}]}}