{"id":33796,"date":"2024-07-10T12:32:33","date_gmt":"2024-07-10T09:32:33","guid":{"rendered":"https:\/\/mersinkadingazetesi.com\/?p=33796"},"modified":"2024-07-10T12:32:33","modified_gmt":"2024-07-10T09:32:33","slug":"mersin-orman-bolge-muduru-rifat-atas-mutta-vatandaslarla-bir-araya-geldi","status":"publish","type":"post","link":"https:\/\/mersinkadingazetesi.com\/?p=33796","title":{"rendered":"Mersin Orman B\u00f6lge M\u00fcd\u00fcr\u00fc Rifat Ata\u015f Mut&#8217;ta Vatanda\u015flarla Bir Araya Geldi"},"content":{"rendered":"\n<p>Mersin Orman B\u00f6lge M\u00fcd\u00fcrl\u00fc\u011f\u00fcm\u00fcze ba\u011fl\u0131 Mut Orman \u0130\u015fletme M\u00fcd\u00fcrl\u00fc\u011f\u00fc s\u0131n\u0131rlar\u0131 i\u00e7erisinde bulunan K\u00fcrkc\u00fc, Derek\u00f6y, G\u00f6cekler, Narl\u0131, \u00c7\u0131narl\u0131, Haydar, Kurtsuyu, Kayaba\u015f\u0131 ve Karacao\u011flan k\u00f6ylerinde B\u00f6lge M\u00fcd\u00fcr\u00fcm\u00fcz Rifat Ata\u015f, muhtarlar ve vatanda\u015flarla bir araya geldi.<\/p>\n\n\n\n<p>B\u00f6lge M\u00fcd\u00fcr\u00fc Ata\u015f, Mut Orman \u0130\u015fletme M\u00fcd\u00fcr\u00fc Utku Dan\u0131\u015f ve \u0130\u015fletme Personeliyle birlikte vatanda\u015flar\u0131n taleplerini dinleyip, k\u00f6y muhtarlar\u0131m\u0131zla birlikte sorunlar\u0131n en k\u0131sa s\u00fcrede \u00e7\u00f6z\u00fcm i\u00e7in mutabakata var\u0131lm\u0131\u015ft\u0131r.<\/p>\n\n\n\n<p>Ayr\u0131ca orman yang\u0131nlar\u0131yla m\u00fccadele kapsam\u0131nda g\u00f6n\u00fcll\u00fc kay\u0131tlar\u0131n\u0131n yap\u0131lmas\u0131 \u00f6zellikle orman k\u00f6ylerimizde bayanlar\u0131n da kat\u0131l\u0131m sa\u011flanmas\u0131 konusunda bilgilendirme yap\u0131lm\u0131\u015ft\u0131r.<\/p>\n","protected":false},"excerpt":{"rendered":"<p>Mersin Orman B\u00f6lge M\u00fcd\u00fcrl\u00fc\u011f\u00fcm\u00fcze ba\u011fl\u0131 Mut Orman \u0130\u015fletme M\u00fcd\u00fcrl\u00fc\u011f\u00fc s\u0131n\u0131rlar\u0131 i\u00e7erisinde bulunan K\u00fcrkc\u00fc, Derek\u00f6y, G\u00f6cekler, Narl\u0131, \u00c7\u0131narl\u0131, Haydar, Kurtsuyu, Kayaba\u015f\u0131 ve Karacao\u011flan k\u00f6ylerinde B\u00f6lge M\u00fcd\u00fcr\u00fcm\u00fcz Rifat Ata\u015f, muhtarlar ve vatanda\u015flarla bir araya geldi. B\u00f6lge M\u00fcd\u00fcr\u00fc Ata\u015f, Mut Orman \u0130\u015fletme M\u00fcd\u00fcr\u00fc Utku Dan\u0131\u015f ve \u0130\u015fletme Personeliyle birlikte vatanda\u015flar\u0131n taleplerini dinleyip, k\u00f6y muhtarlar\u0131m\u0131zla birlikte sorunlar\u0131n en k\u0131sa [&hellip;]<\/p>\n","protected":false},"author":2,"featured_media":33797,"comment_status":"closed","ping_status":"closed","sticky":false,"template":"","format":"standard","meta":{"footnotes":""},"categories":[1],"tags":[],"class_list":["post-33796","post","type-post","status-publish","format-standard","has-post-thumbnail","hentry","category-genel"],"views":11,"_links":{"self":[{"href":"https:\/\/mersinkadingazetesi.com\/index.php?rest_route=\/wp\/v2\/posts\/33796"}],"collection":[{"href":"https:\/\/mersinkadingazetesi.com\/index.php?rest_route=\/wp\/v2\/posts"}],"about":[{"href":"https:\/\/mersinkadingazetesi.com\/index.php?rest_route=\/wp\/v2\/types\/post"}],"author":[{"embeddable":true,"href":"https:\/\/mersinkadingazetesi.com\/index.php?rest_route=\/wp\/v2\/users\/2"}],"replies":[{"embeddable":true,"href":"https:\/\/mersinkadingazetesi.com\/index.php?rest_route=%2Fwp%2Fv2%2Fcomments&post=33796"}],"version-history":[{"count":1,"href":"https:\/\/mersinkadingazetesi.com\/index.php?rest_route=\/wp\/v2\/posts\/33796\/revisions"}],"predecessor-version":[{"id":33798,"href":"https:\/\/mersinkadingazetesi.com\/index.php?rest_route=\/wp\/v2\/posts\/33796\/revisions\/33798"}],"wp:featuredmedia":[{"embeddable":true,"href":"https:\/\/mersinkadingazetesi.com\/index.php?rest_route=\/wp\/v2\/media\/33797"}],"wp:attachment":[{"href":"https:\/\/mersinkadingazetesi.com\/index.php?rest_route=%2Fwp%2Fv2%2Fmedia&parent=33796"}],"wp:term":[{"taxonomy":"category","embeddable":true,"href":"https:\/\/mersinkadingazetesi.com\/index.php?rest_route=%2Fwp%2Fv2%2Fcategories&post=33796"},{"taxonomy":"post_tag","embeddable":true,"href":"https:\/\/mersinkadingazetesi.com\/index.php?rest_route=%2Fwp%2Fv2%2Ftags&post=33796"}],"curies":[{"name":"wp","href":"https:\/\/api.w.org\/{rel}","templated":true}]}}