{"id":33799,"date":"2024-07-10T12:33:41","date_gmt":"2024-07-10T09:33:41","guid":{"rendered":"https:\/\/mersinkadingazetesi.com\/?p=33799"},"modified":"2024-07-10T12:33:42","modified_gmt":"2024-07-10T09:33:42","slug":"vali-ali-hamza-pehlivan-baskanliginda-ilimizdeki-milli-egitim-yatirimlarini-degerlendirme-toplantisi-gerceklestirildi","status":"publish","type":"post","link":"https:\/\/mersinkadingazetesi.com\/?p=33799","title":{"rendered":"VAL\u0130 AL\u0130 HAMZA PEHL\u0130VAN BA\u015eKANLI\u011eINDA \u0130L\u0130M\u0130ZDEK\u0130 M\u0130LL\u0130 E\u011e\u0130T\u0130M YATIRIMLARINI DE\u011eERLEND\u0130RME TOPLANTISI GER\u00c7EKLE\u015eT\u0130R\u0130LD\u0130"},"content":{"rendered":"\n<p>Valimiz Ali Hamza Pehlivan ba\u015fkanl\u0131\u011f\u0131nda Mersin \u0130limizde, Milli E\u011fitim alan\u0131nda hayata ge\u00e7irilen, devam eden ve planlanan yat\u0131r\u0131mlara ili\u015fkin de\u011ferlendirme toplant\u0131s\u0131 ger\u00e7ekle\u015ftirildi.<\/p>\n\n\n\n<p>Vali Pehlivan toplant\u0131da yapt\u0131\u011f\u0131 konu\u015fmada; \u201c\u0130limiz genelinde, Milli E\u011fitim Bakanl\u0131\u011f\u0131m\u0131z\u0131n sa\u011flad\u0131\u011f\u0131 destekler ile e\u011fitim \u00f6\u011fretim alan\u0131nda her ge\u00e7en g\u00fcn hem donan\u0131m standartlar\u0131m\u0131z hem de fiziki \u015fartlar\u0131m\u0131z \u00e7ok daha iyi seviyelere ula\u015fmaktad\u0131r.<\/p>\n\n\n\n<p>\u0130limiz genelinde ge\u00e7ti\u011fimiz y\u0131l ba\u015flayan, bir k\u0131sm\u0131 tamamlanan bir k\u0131sm\u0131n\u0131n in\u015faat ve ihale s\u00fcre\u00e7leri devam etmekte olan toplam 1.700 derslikli 89 okul in\u015faat\u0131 bulunmaktad\u0131r.<\/p>\n\n\n\n<p>Bu okul in\u015faatlar\u0131m\u0131zdan toplam yat\u0131r\u0131m bedeli 971.256.416 TL olan 548 derslikli 31 okulumuzun in\u015faat\u0131n\u0131 bitirdik. 788 derslikli 45 okulumuzdan in\u015faat\u0131n\u0131 h\u0131zl\u0131 bir \u015fekilde devam ediyor. 11 okulumuzun da in\u015faat\u0131 ihale a\u015famas\u0131na gelmi\u015f durumdad\u0131r. Bir yandan yeniden yap\u0131lacak veya g\u00fc\u00e7lendirilecek okullar\u0131n planlamas\u0131n\u0131 yapmaktay\u0131z.&nbsp;<\/p>\n\n\n\n<p>Devam eden in\u015faatlar\u0131n tamamlanmas\u0131yla toplam 1.700 dersli\u011fi Mersin&#8217;imizdeki e\u011fitim \u00f6\u011fretim hizmetlerine kazand\u0131rm\u0131\u015f olaca\u011f\u0131z. \u015eimdiden tamamlanan ve devam eden projelerin \u0130limize, \u00f6\u011fretmenlerimize ve \u00f6\u011frencilerimize hay\u0131rl\u0131 ve u\u011furlu olmas\u0131n\u0131 diliyorum. Bu \u00f6nemli yat\u0131r\u0131mlar\u0131n hayata ge\u00e7mesi konusunda sa\u011flad\u0131klar\u0131 desteklerden dolay\u0131 ba\u015fta Say\u0131n Cumhurba\u015fkan\u0131m\u0131z olmak \u00fczere, Say\u0131n Milli E\u011fitim Bakan\u0131m\u0131za ve Bakanl\u0131\u011f\u0131m\u0131z\u0131n ilgili b\u00fct\u00fcn birimlerine \u0130limiz ad\u0131na \u015f\u00fckranlar\u0131m\u0131z\u0131 sunuyorum. \u0130limizde bu yat\u0131r\u0131mlarla ilgili i\u015f ve i\u015flemleri, kontrol hizmetlerini ger\u00e7ekle\u015ftiren Yat\u0131r\u0131m \u0130zleme Koordinasyon Ba\u015fkanl\u0131\u011f\u0131m\u0131za (Y\u0130KOB) ve \u0130l Milli E\u011fitim M\u00fcd\u00fcrl\u00fc\u011f\u00fcm\u00fcze te\u015fekk\u00fcr ediyorum.\u201ddedi.<\/p>\n\n\n\n<p>Toplant\u0131ya; Vali Yard\u0131mc\u0131lar\u0131 \u00c2dem Y\u0131lmaz ve \u0130brahim K\u00fc\u00e7\u00fck, \u0130l Milli E\u011fitim M\u00fcd\u00fcr\u00fc Fazilet Durmu\u015f, Y\u0130KOB \u0130dari ve Mali \u0130\u015fler M\u00fcd\u00fcr\u00fc O\u011fuz Kahraman, Milli E\u011fitim M\u00fcd\u00fcrl\u00fc\u011f\u00fc ve Y\u0130KOB\u2019un teknik personeli kat\u0131ld\u0131.<\/p>\n","protected":false},"excerpt":{"rendered":"<p>Valimiz Ali Hamza Pehlivan ba\u015fkanl\u0131\u011f\u0131nda Mersin \u0130limizde, Milli E\u011fitim alan\u0131nda hayata ge\u00e7irilen, devam eden ve planlanan yat\u0131r\u0131mlara ili\u015fkin de\u011ferlendirme toplant\u0131s\u0131 ger\u00e7ekle\u015ftirildi. Vali Pehlivan toplant\u0131da yapt\u0131\u011f\u0131 konu\u015fmada; \u201c\u0130limiz genelinde, Milli E\u011fitim Bakanl\u0131\u011f\u0131m\u0131z\u0131n sa\u011flad\u0131\u011f\u0131 destekler ile e\u011fitim \u00f6\u011fretim alan\u0131nda her ge\u00e7en g\u00fcn hem donan\u0131m standartlar\u0131m\u0131z hem de fiziki \u015fartlar\u0131m\u0131z \u00e7ok daha iyi seviyelere ula\u015fmaktad\u0131r. \u0130limiz genelinde ge\u00e7ti\u011fimiz [&hellip;]<\/p>\n","protected":false},"author":2,"featured_media":33800,"comment_status":"closed","ping_status":"closed","sticky":false,"template":"","format":"standard","meta":{"footnotes":""},"categories":[2],"tags":[],"class_list":["post-33799","post","type-post","status-publish","format-standard","has-post-thumbnail","hentry","category-gundem"],"views":9,"_links":{"self":[{"href":"https:\/\/mersinkadingazetesi.com\/index.php?rest_route=\/wp\/v2\/posts\/33799"}],"collection":[{"href":"https:\/\/mersinkadingazetesi.com\/index.php?rest_route=\/wp\/v2\/posts"}],"about":[{"href":"https:\/\/mersinkadingazetesi.com\/index.php?rest_route=\/wp\/v2\/types\/post"}],"author":[{"embeddable":true,"href":"https:\/\/mersinkadingazetesi.com\/index.php?rest_route=\/wp\/v2\/users\/2"}],"replies":[{"embeddable":true,"href":"https:\/\/mersinkadingazetesi.com\/index.php?rest_route=%2Fwp%2Fv2%2Fcomments&post=33799"}],"version-history":[{"count":1,"href":"https:\/\/mersinkadingazetesi.com\/index.php?rest_route=\/wp\/v2\/posts\/33799\/revisions"}],"predecessor-version":[{"id":33801,"href":"https:\/\/mersinkadingazetesi.com\/index.php?rest_route=\/wp\/v2\/posts\/33799\/revisions\/33801"}],"wp:featuredmedia":[{"embeddable":true,"href":"https:\/\/mersinkadingazetesi.com\/index.php?rest_route=\/wp\/v2\/media\/33800"}],"wp:attachment":[{"href":"https:\/\/mersinkadingazetesi.com\/index.php?rest_route=%2Fwp%2Fv2%2Fmedia&parent=33799"}],"wp:term":[{"taxonomy":"category","embeddable":true,"href":"https:\/\/mersinkadingazetesi.com\/index.php?rest_route=%2Fwp%2Fv2%2Fcategories&post=33799"},{"taxonomy":"post_tag","embeddable":true,"href":"https:\/\/mersinkadingazetesi.com\/index.php?rest_route=%2Fwp%2Fv2%2Ftags&post=33799"}],"curies":[{"name":"wp","href":"https:\/\/api.w.org\/{rel}","templated":true}]}}