{"id":33805,"date":"2024-07-10T12:35:46","date_gmt":"2024-07-10T09:35:46","guid":{"rendered":"https:\/\/mersinkadingazetesi.com\/?p=33805"},"modified":"2024-07-10T12:35:46","modified_gmt":"2024-07-10T09:35:46","slug":"terapiden-hem-cocuklar-hem-aileler-memnun","status":"publish","type":"post","link":"https:\/\/mersinkadingazetesi.com\/?p=33805","title":{"rendered":"TERAP\u0130DEN HEM \u00c7OCUKLAR HEM A\u0130LELER MEMNUN"},"content":{"rendered":"\n<p>Mersin B\u00fcy\u00fck\u015fehir Belediyesi Sa\u011fl\u0131k \u0130\u015fleri Dairesi b\u00fcnyesinde hizmet veren Otizm Aile Dan\u0131\u015fma Merkezi&#8217;nde&nbsp;<strong>&#8216;Duyu B\u00fct\u00fcnleme Terapisi&#8217;<\/strong>&nbsp;veriliyor. Hizmetten t\u00fcm engel gruplar\u0131ndaki 0-72 ay aras\u0131 \u00e7ocuklar faydalan\u0131yor. \u00d6zel gereksinimli bireyler i\u00e7in kritik \u00f6nem ta\u015f\u0131yan, yo\u011fun \u015fekilde e\u011fitim ve terapi almalar\u0131 gereken erken \u00e7ocukluk d\u00f6nemi terapisel anlamda destekleniyor.<\/p>\n\n\n\n<p><strong>\u00c7ocuklar 12 seans terapi g\u00f6r\u00fcyor<\/strong><\/p>\n\n\n\n<p>B\u00fcy\u00fck\u015fehir Belediyesi&#8217;nin 2019 y\u0131l\u0131nda ba\u015flayan Duyu B\u00fct\u00fcnleme Terapisi hizmeti ile 1000&#8217;in \u00fczerinde seans ger\u00e7ekle\u015ftirildi. Otizm Aile Dan\u0131\u015fma Merkezi&#8217;nde \u00e7ocuklar her hafta 1 seans \u015feklinde 12 seans terapi hizmeti al\u0131yor. \u00c7ok maliyetli olan, materyal gerektiren ve uzman say\u0131s\u0131 az olan bu alanda desteklendi\u011fi i\u00e7in aileleri sevindiren duyu b\u00fct\u00fcnleme hizmetine talep her ge\u00e7en g\u00fcn art\u0131yor. Hizmetten faydalanmak isteyen aileler, Otizm Aile Dan\u0131\u015fma Merkezi&#8217;ne gelerek ba\u015fvuruda bulunabilir.<\/p>\n\n\n\n<p><strong>Karakoyun: &#8220;B\u00fct\u00fcn e\u011fitime bireysel olarak karar veriliyor&#8221;<\/strong><\/p>\n\n\n\n<p>Otizm Aile Dan\u0131\u015fma Merkezi&#8217;nde Ergoterapist Kutlay Karakoyun, duyu b\u00fct\u00fcnleme terapisinin Otizm Aile Dan\u0131\u015fma Merkezi&#8217;nde en \u00e7ok ra\u011fbet g\u00f6ren alanlar\u0131ndan biri oldu\u011funu belirterek,&nbsp;<strong>&#8220;\u00c7e\u015fitli geli\u015fim gerili\u011fi olan ya da olmayan \u00e7ocuklar\u0131n bazen duyusal problemleri olur. Bunlar\u0131 daha kolay tolere edebilmesi, hayata adapte olmas\u0131 i\u00e7in ge\u00e7erli olan bir terapi y\u00f6ntemi. Haftal\u0131k 30 \u00e7ocukla \u00e7al\u0131\u015f\u0131yorum. Her biri 12 seans al\u0131yor. \u00d6ncelikli olarak aile ile beraber \u00e7ocu\u011fun hayat\u0131n\u0131 \u00f6\u011freniyoruz. Daha sonra \u00e7ocu\u011fun neye ihtiyac\u0131 oldu\u011funa karar veriyoruz. B\u00fct\u00fcn e\u011fitime bireysel olarak karar veriliyor. \u00c7ocu\u011fun geli\u015fim basamaklar\u0131 de\u011ferlendirip daha ileriye gidebilmesi i\u00e7in destekliyoruz&#8221;<\/strong>&nbsp;dedi.<\/p>\n\n\n\n<p>3 ay boyunca haftada 1 saat e\u011fitim verdi\u011fini belirten Karakoyun, yapt\u0131\u011f\u0131 de\u011ferlendirmede \u00e7ocu\u011fun geli\u015fime a\u00e7\u0131k alanlar\u0131n\u0131 bulup ilerlemesini ya da becerisini kaybetmemesi i\u00e7in \u00e7al\u0131\u015ft\u0131klar\u0131n\u0131 anlatarak,&nbsp;<strong>&#8220;Terapi i\u00e7erisinde \u00e7ocu\u011fa beceriler kazand\u0131r\u0131yoruz, \u00f6\u011fretiyoruz. \u00d6\u011frenme s\u00fcrecinin de devam ettirebilmek i\u00e7in ailelere ev program\u0131 vererek takip ediyoruz. Buradaki s\u00fcre\u00e7 bittikten sonra aileleri yaln\u0131z b\u0131rakm\u0131yoruz. Tekrar gerekli oldu\u011funda uzaktan desteklemeye devam ediyoruz&#8221;&nbsp;<\/strong>diye konu\u015ftu.<\/p>\n\n\n\n<p><strong>&#8220;Bu s\u00fcre\u00e7te ailelerimizle i\u015f birli\u011fi i\u00e7erisindeyiz&#8221;<\/strong><\/p>\n\n\n\n<p>\u00d6zel gereksinimli \u00e7ocuklar\u0131n bir\u00e7ok alanda desteklenmesi gerekti\u011fini duyu b\u00fct\u00fcnlemenin bu desteklerden sadece biri oldu\u011funu anlatan Karakoyun,&nbsp;<strong>&#8220;Biz sadece \u00e7ocu\u011fun belli alanlar\u0131n\u0131 destekleyebiliyoruz. Bu s\u00fcre\u00e7te \u00f6zel e\u011fitim, dil konu\u015fma terapisi ve d\u0131\u015far\u0131da ald\u0131\u011f\u0131 e\u011fitimlerle \u00e7ocuk bir\u00e7ok alanda destekleniyor. Bu s\u00fcre\u00e7te ailelerimizle i\u015f birli\u011fi i\u00e7erisindeyiz. \u00c7ocu\u011fumuzun geli\u015fim basamaklar\u0131n\u0131 takip ediyoruz ve geli\u015fimini her alanda desteklemeye \u00e7al\u0131\u015f\u0131yoruz&#8221;&nbsp;<\/strong>dedi.&nbsp;&nbsp;<\/p>\n\n\n\n<p><strong>Alparslan: &#8220;O\u011flumun burada son dersi, tan\u0131s\u0131 kalkt\u0131&#8221;<\/strong><\/p>\n\n\n\n<p>&#8216;Otizm Aile Dan\u0131\u015fma Merkezi&#8217; ile hayat\u0131n\u0131n de\u011fi\u015fti\u011fini s\u00f6yleyen otizm tan\u0131l\u0131 2 \u00e7ocuk annesi Sultan Alparslan,&nbsp;<strong>&#8220;185 \u00fczerinden ba\u015fvuru yapt\u0131m ve \u00e7ok k\u0131sa bir s\u00fcre i\u00e7inde d\u00f6n\u00fc\u015f yapt\u0131lar. \u0130ki \u00e7ocu\u011fum e\u011fitimini burada ba\u015flatt\u0131k ve bir y\u0131ld\u0131r burada e\u011fitim al\u0131yorlar. Daha \u00f6nceden 3 y\u0131l \u00f6zel bir merkeze gitmi\u015flerdi ve buras\u0131yla desteklenmi\u015f oldular&#8221;&nbsp;<\/strong>dedi. \u00d6zel \u00e7ocuklara olan duyarl\u0131l\u0131\u011f\u0131ndan dolay\u0131 B\u00fcy\u00fck\u015fehir Belediye Ba\u015fkan\u0131 Vahap Se\u00e7er&#8217;e te\u015fekk\u00fcr eden Alparslan,&nbsp;<strong>&#8220;Hocalar\u0131m\u0131zdan koordinat\u00f6rlere kadar herkes \u00e7ok de\u011ferli ve \u00e7ok g\u00fczel e\u011fitim veriyor. \u00c7ok merhametli ve \u015fefkatle yakla\u015f\u0131yorlar \u00e7ocuklar\u0131m\u0131za. Bu sayede \u00e7ok iyi bir yol kat ettik. Bug\u00fcn o\u011flumun burada son dersi, tan\u0131s\u0131 kalkm\u0131\u015f oldu. Ger\u00e7ekten inan\u0131lmaz mutluluk verici bir \u015fey. \u00c7\u00fcnk\u00fc 3 y\u0131l \u00f6nce tan\u0131 ald\u0131\u011f\u0131m\u0131zda \u00e7ok zor s\u00fcre\u00e7ler ya\u015fad\u0131m&#8221;<\/strong>&nbsp;diyerek e\u011fitim veren her merkeze ba\u015fvurdu\u011funu ve y\u0131llarca \u00e7\u00f6z\u00fcm arad\u0131\u011f\u0131n\u0131 kaydetti.<\/p>\n\n\n\n<p>Do\u011fru e\u011fitimin \u00f6nemli oldu\u011funun alt\u0131n\u0131 \u00e7izen Alparslan,&nbsp;<strong>&#8220;E\u011fitimin do\u011frusunu bulursan\u0131z, \u00f6zel \u00e7ocuklar\u0131n hepsinin geli\u015fim g\u00f6sterece\u011fini s\u00f6yleyebilirim. \u00d6zel e\u011fitimcilerle i\u015f birli\u011fi yapt\u0131\u011f\u0131n\u0131z zaman ger\u00e7ekten \u00e7ocu\u011funuzun sosyal hayata kat\u0131l\u0131m sa\u011flayacak kadar geli\u015fti\u011fini g\u00f6receksiniz. Bu y\u00fczden buraday\u0131m, bizim \u00e7ocu\u011fumuz kurtuldu. Umar\u0131m b\u00fct\u00fcn \u00e7ocuklar kurtulur&#8221;<\/strong>&nbsp;s\u00f6zlerine yer verdi.<\/p>\n\n\n\n<p><strong>&#8220;Ba\u015fkan\u0131m\u0131z \u00f6zel \u00e7ocuklar\u0131 hi\u00e7 unutmad\u0131&#8221;<\/strong><\/p>\n\n\n\n<p>Tedavinin tek \u00e7\u00f6z\u00fcm\u00fcn\u00fcn yo\u011fun e\u011fitim oldu\u011funu vurgulayan Alparslan,&nbsp;<strong>&#8220;Ba\u015fkan\u0131m\u0131z Engelliler Haftas\u0131nda olsun, ba\u015fka zamanlarda olsun hi\u00e7bir zaman \u00f6zel \u00e7ocuklar\u0131 unutmad\u0131. Bu duyarl\u0131l\u0131\u011f\u0131ndan dolay\u0131 te\u015fekk\u00fcr ediyorum&#8221;<\/strong>&nbsp;dedi. Yurtta\u015flardan da duyarl\u0131 olmalar\u0131n\u0131 rica eden Alparslan<strong>, &#8220;Erken tan\u0131 alarak, do\u011fru e\u011fitimlerle bu s\u00fcreci atlat\u0131yoruz ama atlatamayanlar var. Belediyemiz bu konuda duyarl\u0131l\u0131\u011f\u0131ndan dolay\u0131 \u00e7ok daha g\u00fczel yerlerde a\u00e7acakt\u0131r&#8221;&nbsp;<\/strong>diyerek \u00e7ok memnun oldu\u011funu vurgulad\u0131.<\/p>\n","protected":false},"excerpt":{"rendered":"<p>Mersin B\u00fcy\u00fck\u015fehir Belediyesi Sa\u011fl\u0131k \u0130\u015fleri Dairesi b\u00fcnyesinde hizmet veren Otizm Aile Dan\u0131\u015fma Merkezi&#8217;nde&nbsp;&#8216;Duyu B\u00fct\u00fcnleme Terapisi&#8217;&nbsp;veriliyor. Hizmetten t\u00fcm engel gruplar\u0131ndaki 0-72 ay aras\u0131 \u00e7ocuklar faydalan\u0131yor. \u00d6zel gereksinimli bireyler i\u00e7in kritik \u00f6nem ta\u015f\u0131yan, yo\u011fun \u015fekilde e\u011fitim ve terapi almalar\u0131 gereken erken \u00e7ocukluk d\u00f6nemi terapisel anlamda destekleniyor. \u00c7ocuklar 12 seans terapi g\u00f6r\u00fcyor B\u00fcy\u00fck\u015fehir Belediyesi&#8217;nin 2019 y\u0131l\u0131nda ba\u015flayan Duyu [&hellip;]<\/p>\n","protected":false},"author":2,"featured_media":33806,"comment_status":"closed","ping_status":"closed","sticky":false,"template":"","format":"standard","meta":{"footnotes":""},"categories":[3,9],"tags":[],"class_list":["post-33805","post","type-post","status-publish","format-standard","has-post-thumbnail","hentry","category-manset","category-saglik"],"views":24,"_links":{"self":[{"href":"https:\/\/mersinkadingazetesi.com\/index.php?rest_route=\/wp\/v2\/posts\/33805"}],"collection":[{"href":"https:\/\/mersinkadingazetesi.com\/index.php?rest_route=\/wp\/v2\/posts"}],"about":[{"href":"https:\/\/mersinkadingazetesi.com\/index.php?rest_route=\/wp\/v2\/types\/post"}],"author":[{"embeddable":true,"href":"https:\/\/mersinkadingazetesi.com\/index.php?rest_route=\/wp\/v2\/users\/2"}],"replies":[{"embeddable":true,"href":"https:\/\/mersinkadingazetesi.com\/index.php?rest_route=%2Fwp%2Fv2%2Fcomments&post=33805"}],"version-history":[{"count":1,"href":"https:\/\/mersinkadingazetesi.com\/index.php?rest_route=\/wp\/v2\/posts\/33805\/revisions"}],"predecessor-version":[{"id":33807,"href":"https:\/\/mersinkadingazetesi.com\/index.php?rest_route=\/wp\/v2\/posts\/33805\/revisions\/33807"}],"wp:featuredmedia":[{"embeddable":true,"href":"https:\/\/mersinkadingazetesi.com\/index.php?rest_route=\/wp\/v2\/media\/33806"}],"wp:attachment":[{"href":"https:\/\/mersinkadingazetesi.com\/index.php?rest_route=%2Fwp%2Fv2%2Fmedia&parent=33805"}],"wp:term":[{"taxonomy":"category","embeddable":true,"href":"https:\/\/mersinkadingazetesi.com\/index.php?rest_route=%2Fwp%2Fv2%2Fcategories&post=33805"},{"taxonomy":"post_tag","embeddable":true,"href":"https:\/\/mersinkadingazetesi.com\/index.php?rest_route=%2Fwp%2Fv2%2Ftags&post=33805"}],"curies":[{"name":"wp","href":"https:\/\/api.w.org\/{rel}","templated":true}]}}