{"id":33816,"date":"2024-07-11T12:20:28","date_gmt":"2024-07-11T09:20:28","guid":{"rendered":"https:\/\/mersinkadingazetesi.com\/?p=33816"},"modified":"2024-07-11T12:20:29","modified_gmt":"2024-07-11T09:20:29","slug":"toroslarda-yayla-yollari-artik-daha-konforlu-ve-guvenli","status":"publish","type":"post","link":"https:\/\/mersinkadingazetesi.com\/?p=33816","title":{"rendered":"TOROSLAR&#8217;DA YAYLA YOLLARI ARTIK DAHA KONFORLU VE G\u00dcVENL\u0130"},"content":{"rendered":"\n<p><strong>Toroslar Belediyesi, k\u0131rsal mahalle ve yollarda ger\u00e7ekle\u015ftirdi\u011fi \u00fcst yap\u0131 \u00e7al\u0131\u015fmalar\u0131na h\u0131z kesmeden devam ediyor.<\/strong><\/p>\n\n\n\n<p>Yap\u0131lan \u00e7al\u0131\u015fmalar, yaylac\u0131lar\u0131 ve \u00fcreticileri memnun ediyor. Yeni yol a\u00e7ma, bah\u00e7e yollar\u0131 d\u00fczenleme ve kilit parke yol tamirat\u0131 \u00e7al\u0131\u015fmalar\u0131 sayesinde hem \u00fcreticiler tarlada yeti\u015fen \u00fcr\u00fcnlerini g\u00fcvenli ve konforlu bir \u015fekilde merkeze ula\u015ft\u0131r\u0131yor hem de daha i\u015flevsel yollar yaylac\u0131lar\u0131n hizmetine sunuluyor.<\/p>\n\n\n\n<p>Fen \u0130\u015fleri M\u00fcd\u00fcrl\u00fc\u011f\u00fc ekipleri bu kapsamda, Kayrakke\u015fli ve Sadiye Mahalleleri&#8217;nde de yeni yol a\u00e7ma, Kavakl\u0131p\u0131nar Mahallesi&#8217;nde bah\u00e7e yolu d\u00fczenleme ve Ayvagedi\u011fi Mahallesi&#8217;nde kilit parke yol yap\u0131m \u00e7al\u0131\u015fmalar\u0131 ger\u00e7ekle\u015ftirdi.<\/p>\n\n\n\n<p><strong>&#8220;ABDURRAHMAN BA\u015eKANIMIZIN SAYES\u0130NDE MAHALLELER\u0130M\u0130Z H\u0130ZMET G\u00d6RD\u00dc&#8221;<\/strong><\/p>\n\n\n\n<p>Kayrakke\u015fli ve Kavakl\u0131p\u0131nar Mahallesi sakinleri, Toroslar Belediye Ba\u015fkan\u0131 Abdurrahman Y\u0131ld\u0131z&#8217;a yollar\u0131n\u0131 d\u00fczenledi\u011fi i\u00e7in te\u015fekk\u00fcr ederek, &#8220;Evimi \u00fc\u00e7 y\u0131l \u00f6nce yapt\u0131rd\u0131m. Resmi yol olmas\u0131na ra\u011fmen yolum yeni a\u00e7\u0131ld\u0131. Bug\u00fcne kadar s\u0131k\u0131nt\u0131 \u00e7ektim. Belediye Ba\u015fkan\u0131m\u0131z Abdurrahman Y\u0131ld\u0131z&#8217;a ve ekibine \u00e7al\u0131\u015fmalar\u0131ndan dolay\u0131 te\u015fekk\u00fcr ederim. Yollar\u0131m\u0131z \u00e7ok g\u00fczel oldu. Allah raz\u0131 olsun&#8221; dedi.<\/p>\n\n\n\n<p>2 y\u0131l \u00f6nce yap\u0131lan alt yap\u0131 \u00e7al\u0131\u015fmalar\u0131n\u0131n ard\u0131ndan kilit parke yollar\u0131n\u0131n yeni d\u00f6nemde tamir edilerek yenilendi\u011fini belirten Ayvagedi\u011fi Mahallesi&#8217;ndeki vatanda\u015flar da Ba\u015fkan Y\u0131ld\u0131z&#8217;a te\u015fekk\u00fcr ederek, hizmetlerinden memnun olduklar\u0131n\u0131 dile getirdiler.<\/p>\n\n\n\n<p><strong>&#8220;VATANDA\u015eLARIMIZIN HAYATINI KOLAYLA\u015eTIRACAK H\u0130ZMETLER DEVAM EDECEK&#8221;<\/strong><\/p>\n\n\n\n<p>Toroslar Belediye Ba\u015fkan\u0131 Abdurrahman Y\u0131ld\u0131z ise &#8220;Y\u00fcz\u00fc g\u00fclen, nefes alan Toroslar&#8221; hedefiyle Mersinlilerin ya\u015fam kalitesini y\u00fckseltecek \u00e7al\u0131\u015fmalar yaparak, il\u00e7enin d\u00f6rt bir yan\u0131na hizmet ula\u015ft\u0131rd\u0131klar\u0131n\u0131 s\u00f6yledi.<\/p>\n\n\n\n<p>Ba\u015fkan Y\u0131ld\u0131z, &#8220;\u00d6zellikle yaz sezonunda Toroslar\u0131m\u0131z\u0131n yaylalar\u0131ndan merkeze gidi\u015f ve geli\u015fler yo\u011fun bir \u015fekilde ger\u00e7ekle\u015fiyor. Vatanda\u015flar\u0131m\u0131z\u0131n yaylalara daha iyi ula\u015f\u0131m sa\u011flayabilmesi amac\u0131yla yayla yollar\u0131n\u0131n standard\u0131n\u0131 y\u00fckseltiyoruz&#8221; dedi.<\/p>\n\n\n\n<p>\u0130l\u00e7ede tar\u0131m faaliyetlerinin \u00f6nemli bir yere sahip oldu\u011funu ifade eden Ba\u015fkan Y\u0131ld\u0131z, &#8220;\u0130l\u00e7emiz, kentin \u00f6nemli \u00fcretim merkezlerinden biri. \u00c7ift\u00e7ilerimizin, \u00fcreticilerimizin faaliyetlerini daha iyi y\u00fcr\u00fctebilmeleri i\u00e7in bah\u00e7e yollar\u0131nda da hummal\u0131 bir \u00e7al\u0131\u015fma ger\u00e7ekle\u015ftiriyoruz. Ekiplerimiz, bah\u00e7e yollar\u0131n\u0131 hasada yeti\u015ftiriyor&#8221; ifadelerini kulland\u0131.<\/p>\n","protected":false},"excerpt":{"rendered":"<p>Toroslar Belediyesi, k\u0131rsal mahalle ve yollarda ger\u00e7ekle\u015ftirdi\u011fi \u00fcst yap\u0131 \u00e7al\u0131\u015fmalar\u0131na h\u0131z kesmeden devam ediyor. Yap\u0131lan \u00e7al\u0131\u015fmalar, yaylac\u0131lar\u0131 ve \u00fcreticileri memnun ediyor. Yeni yol a\u00e7ma, bah\u00e7e yollar\u0131 d\u00fczenleme ve kilit parke yol tamirat\u0131 \u00e7al\u0131\u015fmalar\u0131 sayesinde hem \u00fcreticiler tarlada yeti\u015fen \u00fcr\u00fcnlerini g\u00fcvenli ve konforlu bir \u015fekilde merkeze ula\u015ft\u0131r\u0131yor hem de daha i\u015flevsel yollar yaylac\u0131lar\u0131n hizmetine sunuluyor. Fen [&hellip;]<\/p>\n","protected":false},"author":2,"featured_media":33817,"comment_status":"closed","ping_status":"closed","sticky":false,"template":"","format":"standard","meta":{"footnotes":""},"categories":[1],"tags":[],"class_list":["post-33816","post","type-post","status-publish","format-standard","has-post-thumbnail","hentry","category-genel"],"views":13,"_links":{"self":[{"href":"https:\/\/mersinkadingazetesi.com\/index.php?rest_route=\/wp\/v2\/posts\/33816"}],"collection":[{"href":"https:\/\/mersinkadingazetesi.com\/index.php?rest_route=\/wp\/v2\/posts"}],"about":[{"href":"https:\/\/mersinkadingazetesi.com\/index.php?rest_route=\/wp\/v2\/types\/post"}],"author":[{"embeddable":true,"href":"https:\/\/mersinkadingazetesi.com\/index.php?rest_route=\/wp\/v2\/users\/2"}],"replies":[{"embeddable":true,"href":"https:\/\/mersinkadingazetesi.com\/index.php?rest_route=%2Fwp%2Fv2%2Fcomments&post=33816"}],"version-history":[{"count":1,"href":"https:\/\/mersinkadingazetesi.com\/index.php?rest_route=\/wp\/v2\/posts\/33816\/revisions"}],"predecessor-version":[{"id":33818,"href":"https:\/\/mersinkadingazetesi.com\/index.php?rest_route=\/wp\/v2\/posts\/33816\/revisions\/33818"}],"wp:featuredmedia":[{"embeddable":true,"href":"https:\/\/mersinkadingazetesi.com\/index.php?rest_route=\/wp\/v2\/media\/33817"}],"wp:attachment":[{"href":"https:\/\/mersinkadingazetesi.com\/index.php?rest_route=%2Fwp%2Fv2%2Fmedia&parent=33816"}],"wp:term":[{"taxonomy":"category","embeddable":true,"href":"https:\/\/mersinkadingazetesi.com\/index.php?rest_route=%2Fwp%2Fv2%2Fcategories&post=33816"},{"taxonomy":"post_tag","embeddable":true,"href":"https:\/\/mersinkadingazetesi.com\/index.php?rest_route=%2Fwp%2Fv2%2Ftags&post=33816"}],"curies":[{"name":"wp","href":"https:\/\/api.w.org\/{rel}","templated":true}]}}