{"id":33841,"date":"2024-07-11T12:39:48","date_gmt":"2024-07-11T09:39:48","guid":{"rendered":"https:\/\/mersinkadingazetesi.com\/?p=33841"},"modified":"2024-07-11T12:39:49","modified_gmt":"2024-07-11T09:39:49","slug":"tarsus-belediyesi-100-gun-degerlendirme-toplantisi-yapildi","status":"publish","type":"post","link":"https:\/\/mersinkadingazetesi.com\/?p=33841","title":{"rendered":"TARSUS BELED\u0130YES\u0130 100 G\u00dcN DE\u011eERLEND\u0130RME TOPLANTISI YAPILDI"},"content":{"rendered":"\n<p>Tarsus Belediye Ba\u015fkan\u0131 Ali Bolta\u00e7, Tarsus Belediyesi\u2019nin \u201cHizmette 100 G\u00fcn\u201d de\u011ferlendirme toplant\u0131s\u0131nda Tarsus ve Mersin bas\u0131n\u0131 ile bir araya geldi.<\/p>\n\n\n\n<p>Ba\u015fkan Bolta\u00e7, Tarsus\u2019ta bas\u0131n mensuplar\u0131 ile Tarsus Belediyesi\u2019nin hizmetteki ilk 100 g\u00fcn\u00fcn\u00fc de\u011ferlendirildi. Ba\u015fkan Bolta\u00e7 yap\u0131lan hizmetlerden ve projelerden bahsetti. Gazetecilerin sorular\u0131n\u0131 da yan\u0131tlayan Ba\u015fkan Bolta\u00e7, Tarsus\u2019un y\u00fcz\u00fcn\u00fc g\u00fcld\u00fcren \u00f6nemli a\u00e7\u0131klamalarda bulundu.&nbsp;<\/p>\n\n\n\n<p><strong>\u201cTARSUS\u2019TA GELECEK VAR\u201d<\/strong><\/p>\n\n\n\n<p>Toplant\u0131da Tarsus ve Tarsus\u2019un gelece\u011fi ile ilgili konu\u015fan Ba\u015fkan Bolta\u00e7; \u201cBug\u00fcn burada, &#8220;Tarsus&#8217;ta Gelecek Var&#8221; mottosuyla, bu kadim \u015fehrin son 100 g\u00fcn\u00fcnde ger\u00e7ekle\u015ftirdi\u011fimiz \u00e7al\u0131\u015fmalar\u0131n detaylar\u0131n\u0131 payla\u015fmak i\u00e7in bir araya geldik. Kat\u0131l\u0131mlar\u0131n\u0131zdan dolay\u0131 hepinize te\u015fekk\u00fcr ediyorum. Tarsus, k\u00fclt\u00fcr\u00fc, do\u011fas\u0131 ve \u00fcretkenli\u011fi ile tarih boyunca parlayan bir y\u0131ld\u0131z olmu\u015ftur. Bu kadim topraklarda ya\u015fayan herkes gibi bizler de Tarsus\u2019un sahip oldu\u011fu potansiyelin fark\u0131nday\u0131z ve bu potansiyeli en iyi \u015fekilde de\u011ferlendirmek i\u00e7in var g\u00fcc\u00fcm\u00fczle \u00e7al\u0131\u015f\u0131yoruz. 1 Nisan\u2019da g\u00f6reve geldi\u011fimiz g\u00fcnden itibaren, Tarsus\u2019un hak etti\u011fi geli\u015fimi sa\u011flamak i\u00e7in b\u00fcy\u00fck bir kararl\u0131l\u0131kla ve azimle \u00e7al\u0131\u015f\u0131yoruz. \u015eeffaf, kat\u0131l\u0131mc\u0131 ve halk odakl\u0131 bir y\u00f6netim anlay\u0131\u015f\u0131yla Tarsus\u2019un her bir k\u00f6\u015fesinde b\u00fcy\u00fck bir heyecan ve titizlikle \u00e7al\u0131\u015fmalar\u0131m\u0131z\u0131 s\u00fcrd\u00fcr\u00fcyoruz.\u201d dedi.<\/p>\n\n\n\n<p><strong>\u201cB\u00dcY\u00dcK\u015eEH\u0130R BELED\u0130YES\u0130 \u0130LE UYUMLA \u00c7ALI\u015eIYORUZ\u201d<\/strong><\/p>\n\n\n\n<p>Tarsus\u2019un tarihine, k\u00fclt\u00fcr\u00fcne ve insan\u0131na yak\u0131\u015f\u0131r bir belediyecilik anlay\u0131\u015f\u0131 ile hareket ettiklerini ifade eden Ba\u015fkan Bolta\u00e7; \u201cHalk\u0131m\u0131z\u0131n ihtiya\u00e7lar\u0131n\u0131 kar\u015f\u0131lamak ve ya\u015fam kalitesini art\u0131rmak i\u00e7in \u00f6nemli ad\u0131mlar att\u0131k. T\u00fcm bu \u00e7al\u0131\u015fmalar\u0131n ard\u0131nda yatan en b\u00fcy\u00fck g\u00fc\u00e7, Tarsus halk\u0131n\u0131n bize olan inanc\u0131 ve deste\u011fidir. Bu g\u00fcveni asla bo\u015fa \u00e7\u0131karmayaca\u011f\u0131z. Tarsus\u2019ta ger\u00e7ekle\u015ftirdi\u011fimiz projeler, sadece yerel halk\u0131m\u0131z\u0131n de\u011fil, t\u00fcm Mersin\u2019in gelece\u011fine de \u0131\u015f\u0131k tutmaktad\u0131r. Bu do\u011frultuda Mersin B\u00fcy\u00fck\u015fehir Belediyesi ile koordineli ve uyumlu bir anlay\u0131\u015fla \u00e7al\u0131\u015fmaktay\u0131z. Bu konuda halk\u0131m\u0131z\u0131n bir kayg\u0131s\u0131 olmas\u0131n hizmette ayr\u0131\u015fmadan bir&nbsp; b\u00fct\u00fcn olarak tam kadro \u00e7al\u0131\u015f\u0131yoruz.\u201d dedi.<\/p>\n\n\n\n<p><strong>\u201cMESELEM\u0130Z TARSUS\u2019UN GELECE\u011e\u0130\u201d<\/strong><\/p>\n\n\n\n<p>Bizim meselemiz Tarsus, bizim meselemiz Tarsus\u2019un gelece\u011fi diyen Ba\u015fkan Bolta\u00e7;\u201d Bu yolda kim olursa olsun, yolumuza ta\u015f koyan ve Tarsus\u2019un gelece\u011fini yok sayan herkes kar\u015f\u0131s\u0131nda bizi bulacakt\u0131r. \u0130\u015fimizi ciddiyetle yap\u0131yoruz. Ge\u00e7mi\u015ften bu yana \u00e7al\u0131\u015fkanl\u0131\u011f\u0131m ve koordinasyon yetene\u011fimle tan\u0131nd\u0131m. \u00c7\u00fcnk\u00fc meselemiz Tarsus. Kimse, Tarsus\u2019un geli\u015fimini ve kalk\u0131nmas\u0131n\u0131 engelleyemez. Bu kentin yarar\u0131na olmayan hi\u00e7bir giri\u015fime izin vermedik ve vermeyece\u011fiz.\u201d dedi.<\/p>\n\n\n\n<p><strong>\u201c\u015eEFFAF VE HESAP VEREB\u0130LEN B\u0130R Y\u00d6NET\u0130M ANLAYI\u015eI \u0130LE Y\u00d6NETECE\u011e\u0130Z\u201d<\/strong><\/p>\n\n\n\n<p>Y\u00f6netim anlay\u0131\u015f\u0131ndaki \u015feffafl\u0131ktan da bahseden Ba\u015fkan Bolta\u00e7; \u201c\u00c7al\u0131\u015fmalar\u0131m\u0131zda \u015feffafl\u0131k ve hesap verebilirlik ilkelerimizin ba\u015f\u0131nda gelmektedir ve bu ilkelerden asla taviz vermedik. Halk\u0131m\u0131za en iyi hizmeti sunmak i\u00e7in var g\u00fcc\u00fcm\u00fczle \u00e7al\u0131\u015ft\u0131k. Bu kente zarar vermek isteyen, geli\u015fimini engellemeye \u00e7al\u0131\u015fan kim olursa olsun, kar\u015f\u0131s\u0131nda dimdik duraca\u011f\u0131z. Tarsus halk\u0131n\u0131n hakk\u0131n\u0131, hukukunu korumak i\u00e7in gereken her t\u00fcrl\u00fc m\u00fccadeleyi vermekten \u00e7ekinmeyece\u011fiz.\u201d dedi.<\/p>\n\n\n\n<p><strong>\u201c7\/24 CANLI B\u0130R KENT OLACA\u011eIZ\u201d<\/strong><\/p>\n\n\n\n<p>\u00d6zellikle milli ma\u00e7larda Tarsus halk\u0131n\u0131n alanlar\u0131 doldurdu\u011fu dev ekranda ma\u00e7 izleme etkinli\u011fine de de\u011finen Ba\u015fkan Bolta\u00e7; \u201c7\/24 canl\u0131 bir kent olu\u015fturaca\u011f\u0131z. Hep birlikte daha g\u00fczel, daha ya\u015fanabilir bir Tarsus in\u015fa edece\u011fiz. Bu kent hi\u00e7 durmayacak. K\u00fclt\u00fcrden sanata her alanda \u00e7al\u0131\u015fmalar yap\u0131lacak, etkinlikler hep olacak.\u201d dedi.<\/p>\n\n\n\n<p><strong>\u201cKATILIMCI ORTAK AKILLA Y\u00d6NETECE\u011e\u0130Z\u201d<\/strong><\/p>\n\n\n\n<p>G\u00f6reve geldi\u011fi g\u00fcnden bu yana \u00e7al\u0131\u015fmalar\u0131 aksatmadan s\u00fcrd\u00fcrd\u00fcklerini ifade eden Ba\u015fkan Bolta\u00e7; \u201cSizlerde takip ediyorsunuz. \u015eu ana kadar 3 tane \u00e7al\u0131\u015ftay\u0131m\u0131z\u0131 ger\u00e7ekle\u015ftirdik. 1. Sokak Hayvanlar\u0131 \u00c7al\u0131\u015ftay\u0131, Tarsus\u2019ta G\u00fc\u00e7 Kad\u0131nda \u00c7al\u0131\u015ftay\u0131 ve 2025-2029 Stratejik Plan \u00c7al\u0131\u015ftay\u0131\u2019n\u0131 yapt\u0131k. Bu \u00e7al\u0131\u015ftaylar\u0131n \u00f6nemi \u00e7ok b\u00fcy\u00fck. Bundan sonraki d\u00f6nemde yapaca\u011f\u0131m\u0131z \u00e7al\u0131\u015fmalar\u0131 en iyi \u015fekilde yapabilmek i\u00e7in kat\u0131l\u0131mc\u0131 ortak ak\u0131l \u00e7er\u00e7evesinde bu \u00e7al\u0131\u015ftaylar\u0131 tamamlad\u0131k. Raporlar haline getirdik. Yapaca\u011f\u0131m\u0131z t\u00fcm i\u015flerde ortak ak\u0131lla karar al\u0131p ortak ak\u0131lla y\u00f6netece\u011fiz. Kat\u0131l\u0131mc\u0131 y\u00f6netim anlay\u0131\u015f\u0131 ile \u00e7al\u0131\u015f\u0131p hizmetlerimizi bu anlay\u0131\u015fa g\u00f6re yapaca\u011f\u0131z. Halk\u0131m\u0131z\u0131n fikirleri ve kat\u0131l\u0131mlar\u0131 bizler i\u00e7in \u00e7ok k\u0131ymetlidir.\u201d dedi.<\/p>\n\n\n\n<p>Toplant\u0131n\u0131n devam\u0131nda Tarsus\u2019a yap\u0131lacak \u00f6nemli projelerden de bahseden Ba\u015fkan Bolta\u00e7, kad\u0131nlara istihdam imkan\u0131, halk et market a\u00e7\u0131l\u0131\u015f\u0131, gastronomi merkezi a\u00e7\u0131l\u0131\u015f\u0131 gibi konulara da de\u011findi.<\/p>\n\n\n\n<p><strong>KADINLARIMIZA \u0130ST\u0130HDAM \u0130MKANI SA\u011eLAYACA\u011eIZ<\/strong><\/p>\n\n\n\n<p>G\u00f6reve geldiklerinde zarar eden Halk Market\u2019leri kapatt\u0131klar\u0131n\u0131 ifade eden Ba\u015fkan Bolta\u00e7;\u201d zarar eden Halk marketler yerine her mahalleye bir ekmek sat\u0131\u015f noktas\u0131 kurmay\u0131 planl\u0131yoruz. Bu ekmek sat\u0131\u015f noktalar\u0131nda ise sat\u0131\u015f\u0131 ve sorumlulu\u011fu o mahallede ihtiya\u00e7 sahibi bir kad\u0131n vatanda\u015f\u0131m\u0131za vermeyi d\u00fc\u015f\u00fcn\u00fcyoruz. Bu ihtiya\u00e7 sahibi vatanda\u015f\u0131m\u0131z buradan elde etti\u011fi gelirle ge\u00e7imini sa\u011flayacak ve bu vesileyle kendi i\u015fletti\u011fi bir i\u015fe sahip olmu\u015f olacak. Bu projeyi en yak\u0131n zamanda dezavantajl\u0131 mahallelerimizden ba\u015flayarak hayata ge\u00e7irmeyi planl\u0131yoruz.\u201d dedi.<\/p>\n\n\n\n<p><strong>GASTRONOM\u0130N\u0130N MERKEZ\u0130 TARSUS OLACAK<\/strong><\/p>\n\n\n\n<p>Tarsus\u2019un geleneksel lezzetlerini tan\u0131tmak geni\u015f \u00e7apl\u0131 \u00e7al\u0131\u015fmalar yapt\u0131klar\u0131n\u0131 ifade eden Ba\u015fkan Bolta\u00e7; \u201cSiptilli \u00c7ar\u015f\u0131s\u0131&#8217;nda \u00e7al\u0131\u015fmalar\u0131n\u0131 yapt\u0131\u011f\u0131m\u0131z Gastronomi merkezimiz Tarsus&#8217;un geleneksel lezzetlerini T\u00fcrkiye \u00e7ap\u0131nda tan\u0131tarak \u015fehre yeni bir simge kazand\u0131rma yolunda \u00f6nemli bir rol oynuyor. Bizim i\u00e7in bu yeterli de\u011fil. Buray\u0131 trafi\u011fe kapat\u0131p Gastronomi soka\u011f\u0131na d\u00f6n\u00fc\u015ft\u00fcrece\u011fiz. Buras\u0131 \u015fehrin cazibe merkezi haline gelecek. Tarsus\u2019un yemek k\u00fclt\u00fcr\u00fcn\u00fc d\u00fcnyaya tan\u0131tacak. Tarsus\u2019un biraz daha markala\u015faca\u011f\u0131, Tarsus gastronomisinin gittik\u00e7e T\u00fcrkiye\u2019de ve d\u00fcnyada \u00e7ok g\u00fczel bir yere sahip olaca\u011f\u0131 bir alan olacak.\u201d diye ifade etti.<\/p>\n\n\n\n<p><strong>HALK ET MARKET A\u00c7ILIYOR<\/strong><\/p>\n\n\n\n<p>Halk Et Market\u2019in kapat\u0131lma konusuna da a\u00e7\u0131kl\u0131k getiren Ba\u015fkan Bolta\u00e7;\u201d Halk Et Market\u2019i kapatma sebebimiz, ruhsata uygun olmadan a\u00e7\u0131lm\u0131\u015f olmas\u0131d\u0131r. Y\u00f6netim anlay\u0131\u015f\u0131m\u0131zda herkese e\u015fit ve adil olmak var. Biz belediye olarak ruhsat veren bir konumday\u0131z dolay\u0131s\u0131yla ruhsata uygun olmayan yer bizim de olsa kapat\u0131r\u0131z. Kural, yasa neyi gerektiriyorsa onu uygular\u0131z onu yapar\u0131z. Burada halk\u0131n ma\u011fduriyetini gidermek ve bu ihtiya\u00e7lar\u0131na cevap olabilmek i\u00e7in daha g\u00fczel ve yasal zemini uygun bir yer se\u00e7erek tekrardan Halk Et Market projesini hayata ge\u00e7irece\u011fiz.\u201d ifadelerini kulland\u0131.<\/p>\n\n\n\n<p><strong>\u0130SMETPA\u015eA KENTSEL D\u00d6N\u00dc\u015e\u00dcM \u00c7\u00d6Z\u00dcME KAVU\u015eUYOR<\/strong><\/p>\n\n\n\n<p>Ayr\u0131ca kamuoyunu ilgilendiren \u00f6nemli konular ve gazetecilerin sorular\u0131n\u0131 da yan\u0131tlayan Ba\u015fkan Bolta\u00e7; \u0130smetpa\u015fa mahallesi kentsel d\u00f6n\u00fc\u015f\u00fcm ma\u011fdurlar\u0131 konusunda mahalle halk\u0131yla toplant\u0131 yapaca\u011f\u0131n\u0131 ve konuyu \u00e7\u00f6z\u00fcme kavu\u015fturaca\u011f\u0131n\u0131 ifade etti<\/p>\n\n\n\n<p><strong>T\u0130YATRO M\u00dcD\u00dcRL\u00dc\u011e\u00dc KAPANMADI&nbsp;<\/strong><\/p>\n\n\n\n<p>Tiyatro M\u00fcd\u00fcrl\u00fc\u011f\u00fc\u2019n\u00fcn kapat\u0131lmas\u0131n\u0131n s\u00f6z konusu olmad\u0131\u011f\u0131na a\u00e7\u0131kl\u0131k getiren Ba\u015fkan Bolta\u00e7 \u201cG\u00fcndemde olan bir konuda Tiyatro konusu. Tiyatro M\u00fcd\u00fcrl\u00fc\u011f\u00fc\u2019n\u00fcn kapat\u0131lmad\u0131\u011f\u0131n\u0131 biliyorsunuz. Bu kapatma durumu ancak meclis karar\u0131yla olur. Ben bir belediye ba\u015fkan\u0131 olarak sanata ve sanat\u00e7\u0131ya asla kar\u015f\u0131 de\u011filim, hatta tam tersine \u00e7ok daha fazla destek vermesi taraftar\u0131y\u0131m. Bu s\u00fcre zarf\u0131nda alg\u0131 olu\u015fturulmak istendi. Bu m\u00fcd\u00fcrl\u00fc\u011f\u00fcn i\u00e7inde yap\u0131lan baz\u0131 s\u0131k\u0131nt\u0131l\u0131 durumlarla ilgili tasarrufta bulunduk. Oradaki arkada\u015flar\u0131m\u0131z\u0131n i\u015fe giri\u015fi de b\u00fcro personeliydi.&nbsp; Ve onlar\u0131 ge\u00e7ici olarak ba\u015fka birimlere g\u00f6revlendirdik. Sonras\u0131nda geri g\u00f6rev yerlerine geri geldiler. Biliyorsunuz \u201cK\u00f6yde Hayat Var\u201d \u015eenli\u011fimiz ba\u015flad\u0131. Kendilerinden de burada \u00e7al\u0131\u015fma yapmalar\u0131n\u0131 talep etik. Fakat yapamayacaklar\u0131n\u0131 s\u00f6ylediler ve sonras\u0131nda kendi istekleriyle istifalar\u0131n\u0131 verdiler.\u201d diye ifade etti.<\/p>\n\n\n\n<p><strong>\u201c20 K\u0130\u015e\u0130L\u0130K B\u0130R&nbsp; T\u0130YATRO EK\u0130B\u0130 KURULACAK\u201d<\/strong><\/p>\n\n\n\n<p>Konu\u015fmalar\u0131na devam eden Ba\u015fkan Bolta\u00e7 \u201cBiz yanl\u0131\u015f giden durumlara son verdik. Bu durumu payla\u015fmamam\u0131z\u0131n nedeni enkaz edebiyat\u0131 yapmak istemememizdi.&nbsp; Bizler kurumsal ciddiyete g\u00f6re hareket ettik. Kurumsal ciddiyetimden \u00f6d\u00fcn vermeden sonu\u00e7land\u0131rd\u0131k. \u00d6n\u00fcm\u00fczdeki g\u00fcnlerde tespit edece\u011fimiz heyet ile m\u00fcd\u00fcrl\u00fc\u011f\u00fcm\u00fczce bu mesle\u011fe sahip olan veya g\u00f6n\u00fcl vermi\u015f ki\u015filere yer verece\u011fiz. \u015eu anda 20 ki\u015filik bir&nbsp; tiyatro ekibi kurulacak. Tarsus\u2019un tiyatrosu olaca\u011f\u0131z. G\u00fcncellenmi\u015f bir \u015fekilde ba\u015flayarak tiyatro hizmetlerimizi s\u00fcrd\u00fcrece\u011fiz.\u201d \u015feklinde konu\u015ftu.<\/p>\n","protected":false},"excerpt":{"rendered":"<p>Tarsus Belediye Ba\u015fkan\u0131 Ali Bolta\u00e7, Tarsus Belediyesi\u2019nin \u201cHizmette 100 G\u00fcn\u201d de\u011ferlendirme toplant\u0131s\u0131nda Tarsus ve Mersin bas\u0131n\u0131 ile bir araya geldi. Ba\u015fkan Bolta\u00e7, Tarsus\u2019ta bas\u0131n mensuplar\u0131 ile Tarsus Belediyesi\u2019nin hizmetteki ilk 100 g\u00fcn\u00fcn\u00fc de\u011ferlendirildi. Ba\u015fkan Bolta\u00e7 yap\u0131lan hizmetlerden ve projelerden bahsetti. Gazetecilerin sorular\u0131n\u0131 da yan\u0131tlayan Ba\u015fkan Bolta\u00e7, Tarsus\u2019un y\u00fcz\u00fcn\u00fc g\u00fcld\u00fcren \u00f6nemli a\u00e7\u0131klamalarda bulundu.&nbsp; \u201cTARSUS\u2019TA GELECEK VAR\u201d [&hellip;]<\/p>\n","protected":false},"author":2,"featured_media":33842,"comment_status":"closed","ping_status":"closed","sticky":false,"template":"","format":"standard","meta":{"footnotes":""},"categories":[8,2,3,6],"tags":[],"class_list":["post-33841","post","type-post","status-publish","format-standard","has-post-thumbnail","hentry","category-ekonomi","category-gundem","category-manset","category-siyaset-2"],"views":18,"_links":{"self":[{"href":"https:\/\/mersinkadingazetesi.com\/index.php?rest_route=\/wp\/v2\/posts\/33841"}],"collection":[{"href":"https:\/\/mersinkadingazetesi.com\/index.php?rest_route=\/wp\/v2\/posts"}],"about":[{"href":"https:\/\/mersinkadingazetesi.com\/index.php?rest_route=\/wp\/v2\/types\/post"}],"author":[{"embeddable":true,"href":"https:\/\/mersinkadingazetesi.com\/index.php?rest_route=\/wp\/v2\/users\/2"}],"replies":[{"embeddable":true,"href":"https:\/\/mersinkadingazetesi.com\/index.php?rest_route=%2Fwp%2Fv2%2Fcomments&post=33841"}],"version-history":[{"count":1,"href":"https:\/\/mersinkadingazetesi.com\/index.php?rest_route=\/wp\/v2\/posts\/33841\/revisions"}],"predecessor-version":[{"id":33843,"href":"https:\/\/mersinkadingazetesi.com\/index.php?rest_route=\/wp\/v2\/posts\/33841\/revisions\/33843"}],"wp:featuredmedia":[{"embeddable":true,"href":"https:\/\/mersinkadingazetesi.com\/index.php?rest_route=\/wp\/v2\/media\/33842"}],"wp:attachment":[{"href":"https:\/\/mersinkadingazetesi.com\/index.php?rest_route=%2Fwp%2Fv2%2Fmedia&parent=33841"}],"wp:term":[{"taxonomy":"category","embeddable":true,"href":"https:\/\/mersinkadingazetesi.com\/index.php?rest_route=%2Fwp%2Fv2%2Fcategories&post=33841"},{"taxonomy":"post_tag","embeddable":true,"href":"https:\/\/mersinkadingazetesi.com\/index.php?rest_route=%2Fwp%2Fv2%2Ftags&post=33841"}],"curies":[{"name":"wp","href":"https:\/\/api.w.org\/{rel}","templated":true}]}}