{"id":33877,"date":"2024-07-13T22:41:42","date_gmt":"2024-07-13T19:41:42","guid":{"rendered":"https:\/\/mersinkadingazetesi.com\/?p=33877"},"modified":"2024-07-13T22:41:43","modified_gmt":"2024-07-13T19:41:43","slug":"buyuksehir-kent-genelinde-budama-calismalarini-araliksiz-surduruyor","status":"publish","type":"post","link":"https:\/\/mersinkadingazetesi.com\/?p=33877","title":{"rendered":"B\u00dcY\u00dcK\u015eEH\u0130R, KENT GENEL\u0130NDE BUDAMA \u00c7ALI\u015eMALARINI ARALIKSIZ S\u00dcRD\u00dcR\u00dcYOR"},"content":{"rendered":"\n<p>Daha temiz ve daha ye\u015fil bir Mersin misyonu ile \u00e7al\u0131\u015fmalar\u0131n\u0131 aral\u0131ks\u0131z s\u00fcrd\u00fcren Mersin B\u00fcy\u00fck\u015fehir Belediyesi, kent esteti\u011fi ve \u015fehir peyzaj\u0131 kapsam\u0131nda budama \u00e7al\u0131\u015fmalar\u0131na devam ediyor. Park ve Bah\u00e7eler Dairesi Ba\u015fkanl\u0131\u011f\u0131&#8217;na ba\u011fl\u0131 ekipler rutin budamalar\u0131ndan biri olan palmiye a\u011fa\u00e7lar\u0131nda budama yapt\u0131.<\/p>\n\n\n\n<p>Ekipler, Mersin&#8217;in simgesi haline gelen palmiye a\u011fa\u00e7lar\u0131n\u0131n daha sa\u011fl\u0131kl\u0131 b\u00fcy\u00fcmesi, gen\u00e7le\u015ftirilmesi ve herhangi bir hastal\u0131k riski olu\u015fturmamas\u0131 ad\u0131na budama \u00e7al\u0131\u015fmalar\u0131n\u0131 yaz ve k\u0131\u015f olmak \u00fczere 2 kere ger\u00e7ekle\u015ftiriyor.<\/p>\n\n\n\n<p>Hem trafi\u011fi aksatmamak hem de olu\u015fabilecek bir kaza riskinin \u00f6n\u00fcne ge\u00e7mek i\u00e7in trafi\u011fin ve kalabal\u0131\u011f\u0131n yo\u011fun olmad\u0131\u011f\u0131 saatlerde \u00e7al\u0131\u015fmalar\u0131n\u0131 s\u00fcrd\u00fcren ekipler, son olarak merkez sahil band\u0131nda yer alan \u0130n\u00f6n\u00fc Bulvar\u0131&#8217;nda budama i\u015flemlerini tamamlad\u0131.<\/p>\n\n\n\n<p><strong>Mecit: &#8220;Yaz mevsiminin gelmesi ile birlikte budama \u00e7al\u0131\u015fmalar\u0131na h\u0131z verdik&#8221;<\/strong><\/p>\n\n\n\n<p>B\u00fcy\u00fck\u015fehir Belediyesi Park ve Bah\u00e7eler Dairesi Ba\u015fkanl\u0131\u011f\u0131&#8217;nda Budamadan Sorumlu Saha Kontrol M\u00fchendisi Zeliha Mecit, budama i\u015flemlerinin palmiye a\u011fa\u00e7lar\u0131n\u0131n geli\u015fimini desteklemek ve formuna uygun \u00e7i\u00e7eklenmesinin sa\u011flamak amac\u0131yla tekni\u011fine uygun bir \u015fekilde y\u00fcr\u00fct\u00fcld\u00fc\u011f\u00fcn\u00fc ifade etti. Yaz mevsiminin gelmesi ile birlikte budama \u00e7al\u0131\u015fmalar\u0131na h\u0131z verdiklerini belirten Mecit,&nbsp;<strong>&#8220;Son olarak \u0130n\u00f6n\u00fc Bulvar\u0131&#8217;nda palmiye budamas\u0131na devam ediyoruz. Budama yaparken trafi\u011fin yo\u011fun olmad\u0131\u011f\u0131 ve insanlar\u0131n alan\u0131 \u00e7ok fazla kullanmad\u0131\u011f\u0131 g\u00fcnleri tercih ediyoruz&#8221;&nbsp;<\/strong>dedi.<\/p>\n\n\n\n<p><strong>&#8220;Palmiye a\u011fa\u00e7lar\u0131nda yaz ve k\u0131\u015f olmak \u00fczere 2 kez budama i\u015flemi yap\u0131yoruz&#8221;<\/strong><\/p>\n\n\n\n<p>Palmiye a\u011fa\u00e7lar\u0131nda budaman\u0131n en elzem bak\u0131m tedbiri oldu\u011funu kaydeden Mecit,&nbsp;<strong>&#8220;Senede 2 defa palmiyelerde budama yapar\u0131z. Yaz aylar\u0131nda tohumlar\u0131n\u0131n \u00e7i\u00e7ek kurular\u0131n\u0131n toplanmas\u0131 ile beraber etrafa bir polen sa\u00e7mas\u0131 ve bir rahats\u0131zl\u0131k olu\u015fturmas\u0131 s\u00f6z konusu olur. Bunu gidermek i\u00e7in \u00f6zellikle yaz aylar\u0131nda palmiye budamay\u0131 tercih ediyoruz. Bundan sonraki periyotta bir de k\u0131\u015f \u00f6ncesi budama yap\u0131yor olaca\u011f\u0131z. Bahsi ge\u00e7en sorunlar\u0131 gidermek ad\u0131na yo\u011fun bir palmiye \u00e7al\u0131\u015fmas\u0131na ba\u015flam\u0131\u015f bulunmaktay\u0131z&#8221;<\/strong>&nbsp;ifadelerini kulland\u0131.<\/p>\n","protected":false},"excerpt":{"rendered":"<p>Daha temiz ve daha ye\u015fil bir Mersin misyonu ile \u00e7al\u0131\u015fmalar\u0131n\u0131 aral\u0131ks\u0131z s\u00fcrd\u00fcren Mersin B\u00fcy\u00fck\u015fehir Belediyesi, kent esteti\u011fi ve \u015fehir peyzaj\u0131 kapsam\u0131nda budama \u00e7al\u0131\u015fmalar\u0131na devam ediyor. Park ve Bah\u00e7eler Dairesi Ba\u015fkanl\u0131\u011f\u0131&#8217;na ba\u011fl\u0131 ekipler rutin budamalar\u0131ndan biri olan palmiye a\u011fa\u00e7lar\u0131nda budama yapt\u0131. Ekipler, Mersin&#8217;in simgesi haline gelen palmiye a\u011fa\u00e7lar\u0131n\u0131n daha sa\u011fl\u0131kl\u0131 b\u00fcy\u00fcmesi, gen\u00e7le\u015ftirilmesi ve herhangi bir hastal\u0131k [&hellip;]<\/p>\n","protected":false},"author":2,"featured_media":33878,"comment_status":"closed","ping_status":"closed","sticky":false,"template":"","format":"standard","meta":{"footnotes":""},"categories":[1],"tags":[],"class_list":["post-33877","post","type-post","status-publish","format-standard","has-post-thumbnail","hentry","category-genel"],"views":11,"_links":{"self":[{"href":"https:\/\/mersinkadingazetesi.com\/index.php?rest_route=\/wp\/v2\/posts\/33877"}],"collection":[{"href":"https:\/\/mersinkadingazetesi.com\/index.php?rest_route=\/wp\/v2\/posts"}],"about":[{"href":"https:\/\/mersinkadingazetesi.com\/index.php?rest_route=\/wp\/v2\/types\/post"}],"author":[{"embeddable":true,"href":"https:\/\/mersinkadingazetesi.com\/index.php?rest_route=\/wp\/v2\/users\/2"}],"replies":[{"embeddable":true,"href":"https:\/\/mersinkadingazetesi.com\/index.php?rest_route=%2Fwp%2Fv2%2Fcomments&post=33877"}],"version-history":[{"count":1,"href":"https:\/\/mersinkadingazetesi.com\/index.php?rest_route=\/wp\/v2\/posts\/33877\/revisions"}],"predecessor-version":[{"id":33879,"href":"https:\/\/mersinkadingazetesi.com\/index.php?rest_route=\/wp\/v2\/posts\/33877\/revisions\/33879"}],"wp:featuredmedia":[{"embeddable":true,"href":"https:\/\/mersinkadingazetesi.com\/index.php?rest_route=\/wp\/v2\/media\/33878"}],"wp:attachment":[{"href":"https:\/\/mersinkadingazetesi.com\/index.php?rest_route=%2Fwp%2Fv2%2Fmedia&parent=33877"}],"wp:term":[{"taxonomy":"category","embeddable":true,"href":"https:\/\/mersinkadingazetesi.com\/index.php?rest_route=%2Fwp%2Fv2%2Fcategories&post=33877"},{"taxonomy":"post_tag","embeddable":true,"href":"https:\/\/mersinkadingazetesi.com\/index.php?rest_route=%2Fwp%2Fv2%2Ftags&post=33877"}],"curies":[{"name":"wp","href":"https:\/\/api.w.org\/{rel}","templated":true}]}}