{"id":33880,"date":"2024-07-13T22:44:17","date_gmt":"2024-07-13T19:44:17","guid":{"rendered":"https:\/\/mersinkadingazetesi.com\/?p=33880"},"modified":"2024-07-13T22:44:17","modified_gmt":"2024-07-13T19:44:17","slug":"mersin-devlet-opera-ve-balesinden-15-temmuz-milli-birlik-ve-demokrasi-konseri","status":"publish","type":"post","link":"https:\/\/mersinkadingazetesi.com\/?p=33880","title":{"rendered":"\u201cMersin Devlet Opera ve Balesi\u2019nden 15 Temmuz Milli Birlik ve Demokrasi Konseri.\u201d"},"content":{"rendered":"\n<p>Mersin Devlet Opera ve Balesi 15 Temmuz Milli Birlik ve Demokrasi G\u00fcn\u00fc\u2019ne \u00f6zel saat 14:00 \u2019da Mersin Deniz M\u00fczesi\u2019nde \u00fccretsiz bir konser ger\u00e7ekle\u015ftirecek.<\/p>\n\n\n\n<p>Kahramanl\u0131k t\u00fcrk\u00fcleri ve mar\u015flar ile Deniz M\u00fczesi\u2019nde ger\u00e7ekle\u015ftirilecek olan konsere t\u00fcm halk\u0131m\u0131z davetlidir. Vatan \u00fczerine yaz\u0131lm\u0131\u015f, milli birlik ve beraberlik duygular\u0131m\u0131z\u0131 peki\u015ftirmek amac\u0131 ile ger\u00e7ekle\u015fecek konserde solist sanat\u00e7\u0131lar soprano Av\u015fin Dilara Kaymak, Tenor Orhan G\u00fcll\u00fcler ve bas Serkan Sevin\u00e7\u2019e piyanoda Artem Reutov e\u015flik edecek.<\/p>\n\n\n\n<p><a><\/a> 15 Temmuz Pazartesi saat 14:00 \u2019da \u00fccretsiz olarak Mersin Deniz M\u00fczesi\u2019nde ger\u00e7ekle\u015fecek olan konser Mersinli sanatsever ile bulu\u015facak.<\/p>\n","protected":false},"excerpt":{"rendered":"<p>Mersin Devlet Opera ve Balesi 15 Temmuz Milli Birlik ve Demokrasi G\u00fcn\u00fc\u2019ne \u00f6zel saat 14:00 \u2019da Mersin Deniz M\u00fczesi\u2019nde \u00fccretsiz bir konser ger\u00e7ekle\u015ftirecek. Kahramanl\u0131k t\u00fcrk\u00fcleri ve mar\u015flar ile Deniz M\u00fczesi\u2019nde ger\u00e7ekle\u015ftirilecek olan konsere t\u00fcm halk\u0131m\u0131z davetlidir. Vatan \u00fczerine yaz\u0131lm\u0131\u015f, milli birlik ve beraberlik duygular\u0131m\u0131z\u0131 peki\u015ftirmek amac\u0131 ile ger\u00e7ekle\u015fecek konserde solist sanat\u00e7\u0131lar soprano Av\u015fin Dilara Kaymak, [&hellip;]<\/p>\n","protected":false},"author":2,"featured_media":33881,"comment_status":"closed","ping_status":"closed","sticky":false,"template":"","format":"standard","meta":{"footnotes":""},"categories":[1],"tags":[],"class_list":["post-33880","post","type-post","status-publish","format-standard","has-post-thumbnail","hentry","category-genel"],"views":16,"_links":{"self":[{"href":"https:\/\/mersinkadingazetesi.com\/index.php?rest_route=\/wp\/v2\/posts\/33880"}],"collection":[{"href":"https:\/\/mersinkadingazetesi.com\/index.php?rest_route=\/wp\/v2\/posts"}],"about":[{"href":"https:\/\/mersinkadingazetesi.com\/index.php?rest_route=\/wp\/v2\/types\/post"}],"author":[{"embeddable":true,"href":"https:\/\/mersinkadingazetesi.com\/index.php?rest_route=\/wp\/v2\/users\/2"}],"replies":[{"embeddable":true,"href":"https:\/\/mersinkadingazetesi.com\/index.php?rest_route=%2Fwp%2Fv2%2Fcomments&post=33880"}],"version-history":[{"count":1,"href":"https:\/\/mersinkadingazetesi.com\/index.php?rest_route=\/wp\/v2\/posts\/33880\/revisions"}],"predecessor-version":[{"id":33882,"href":"https:\/\/mersinkadingazetesi.com\/index.php?rest_route=\/wp\/v2\/posts\/33880\/revisions\/33882"}],"wp:featuredmedia":[{"embeddable":true,"href":"https:\/\/mersinkadingazetesi.com\/index.php?rest_route=\/wp\/v2\/media\/33881"}],"wp:attachment":[{"href":"https:\/\/mersinkadingazetesi.com\/index.php?rest_route=%2Fwp%2Fv2%2Fmedia&parent=33880"}],"wp:term":[{"taxonomy":"category","embeddable":true,"href":"https:\/\/mersinkadingazetesi.com\/index.php?rest_route=%2Fwp%2Fv2%2Fcategories&post=33880"},{"taxonomy":"post_tag","embeddable":true,"href":"https:\/\/mersinkadingazetesi.com\/index.php?rest_route=%2Fwp%2Fv2%2Ftags&post=33880"}],"curies":[{"name":"wp","href":"https:\/\/api.w.org\/{rel}","templated":true}]}}