{"id":33885,"date":"2024-07-13T22:47:38","date_gmt":"2024-07-13T19:47:38","guid":{"rendered":"https:\/\/mersinkadingazetesi.com\/?p=33885"},"modified":"2024-07-13T22:47:39","modified_gmt":"2024-07-13T19:47:39","slug":"buyuksehir-kariyer-merkezi-ile-moder-arasinda-proje-odakli-is-birligi","status":"publish","type":"post","link":"https:\/\/mersinkadingazetesi.com\/?p=33885","title":{"rendered":"B\u00dcY\u00dcK\u015eEH\u0130R KAR\u0130YER MERKEZ\u0130 \u0130LE MODER ARASINDA PROJE ODAKLI \u0130\u015e B\u0130RL\u0130\u011e\u0130"},"content":{"rendered":"\n<p>\u0130\u015f arayanlara, \u00f6\u011frencilere, gen\u00e7lere ve i\u015fverenlere rehberlik, dan\u0131\u015fmanl\u0131k ve y\u00f6nlendirme hizmetleri sunmak amac\u0131yla Mersin B\u00fcy\u00fck\u015fehir Belediyesi taraf\u0131ndan kurulan Kariyer Merkezi, \u00e7al\u0131\u015fmalar\u0131n\u0131 t\u00fcm h\u0131z\u0131yla s\u00fcrd\u00fcr\u00fcyor.<\/p>\n\n\n\n<p>\u0130\u015fg\u00fcc\u00fc piyasas\u0131n\u0131n t\u00fcm taraflar\u0131na y\u00f6nelik bir\u00e7ok projeyi hayata ge\u00e7iren Kariyer Merkezi, i\u015f d\u00fcnyas\u0131n\u0131 gelece\u011fe haz\u0131rlama hedefiyle faaliyetlerine devam ederken, i\u015fg\u00fcc\u00fc piyasas\u0131n\u0131n ihtiya\u00e7lar\u0131na y\u00f6nelik hizmetlerini \u00e7e\u015fitlendirmeye de devam ediyor.<\/p>\n\n\n\n<p>Kariyer Merkezi yetkilileri bu \u00e7er\u00e7evede,&nbsp;&nbsp;k\u0131sa ad\u0131 MODER olan Mersin Yetkili Otomotiv Sat\u0131c\u0131lar\u0131 Derne\u011fi \u00fcyeleri bir araya geldi. MODER Ba\u015fkan\u0131 Ziya \u00c7okg\u00fcnl\u00fc, Y\u00f6netim Kurulu \u00dcyesi Ye\u015fim K\u0131\u015f Akcer ve Dernek Koordinat\u00f6r\u00fc Mine Soner&#8217;in kat\u0131l\u0131m sa\u011flad\u0131\u011f\u0131 toplant\u0131da, kariyer dan\u0131\u015fmanlar\u0131 da haz\u0131r bulundu. Toplant\u0131da; otomotiv sekt\u00f6r\u00fcne y\u00f6nelik ihtiya\u00e7 analizi, sekt\u00f6re y\u00f6nelik personel ihtiya\u00e7lar\u0131, sekt\u00f6r\u00fcn geli\u015fimine katk\u0131 sunacak e\u011fitimler ve otomotiv sekt\u00f6r\u00fc ile gen\u00e7leri bulu\u015fturacak kariyer etkinlikleri gibi konularda isti\u015fareler yap\u0131ld\u0131.<\/p>\n\n\n\n<p><strong>\u00d6zada: &#8220;\u0130\u015fg\u00fcc\u00fc piyasas\u0131n\u0131n t\u00fcm taraflar\u0131 ile yak\u0131n i\u015f birli\u011fi i\u00e7inde \u00e7al\u0131\u015f\u0131yoruz&#8221;<\/strong><\/p>\n\n\n\n<p>Mersin B\u00fcy\u00fck\u015fehir Belediyesi Kariyer Merkezi M\u00fcd\u00fcr\u00fc Serkan \u00d6zada, i\u015fg\u00fcc\u00fc piyasas\u0131n\u0131n t\u00fcm taraflar\u0131 ile yak\u0131n i\u015f birli\u011fi i\u00e7inde \u00e7al\u0131\u015ft\u0131klar\u0131n\u0131 belirtti. Kariyer Merkezi&#8217;nin, i\u015f d\u00fcnyas\u0131na y\u00f6nelik hem b\u00fct\u00fcnc\u00fcl hem de sekt\u00f6rel \u00e7al\u0131\u015fmalar yaparak i\u015f d\u00fcnyas\u0131n\u0131n ihtiya\u00e7lar\u0131n\u0131 tespit etti\u011fini ve hizmet planlamas\u0131n\u0131 bu do\u011frultuda ger\u00e7ekle\u015ftirdi\u011fini vurgulayan \u00d6zada,&nbsp;<strong>&#8220;Bu ba\u011flamda ilgili sivil toplum kurulu\u015flar\u0131yla periyodik olarak isti\u015fare ve planlama toplant\u0131lar\u0131 yap\u0131yoruz. MODER ile yap\u0131lan bu g\u00f6r\u00fc\u015fmenin de, otomotiv sekt\u00f6r\u00fcnde i\u015f birli\u011fini art\u0131racak s\u00fcrd\u00fcr\u00fclebilir projeler i\u00e7in \u00f6nemli bir ad\u0131m oldu\u011funu d\u00fc\u015f\u00fcn\u00fcyorum&#8221;&nbsp;<\/strong>dedi.<\/p>\n\n\n\n<p><strong>\u00c7okg\u00fcnl\u00fc: &#8220;B\u00fcy\u00fck\u015fehir Belediyesi Kariyer Merkezi, \u00f6nemli \u00e7\u00f6z\u00fcm ortaklar\u0131m\u0131zdan&#8221;<\/strong><\/p>\n\n\n\n<p>MODER Y\u00f6netim Kurulu Ba\u015fkan\u0131 Ziya \u00c7okg\u00fcnl\u00fc ise, otomotiv sekt\u00f6r\u00fcn\u00fcn geli\u015fimi i\u00e7in ilgili kurum ve kurulu\u015flarla i\u015f birli\u011fine haz\u0131r olduklar\u0131n\u0131n ve Mersin B\u00fcy\u00fck\u015fehir Belediyesi Kariyer Merkezi&#8217;nin de \u00f6nemli \u00e7\u00f6z\u00fcm ortaklar\u0131ndan biri oldu\u011funun alt\u0131n\u0131 \u00e7izdi. \u00c7okg\u00fcnl\u00fc gelecek d\u00f6nemde; otomotiv sekt\u00f6r\u00fcn\u00fcn ihtiya\u00e7lar\u0131, personel istihdam\u0131, personel e\u011fitimleri, i\u015fveren ve \u00e7al\u0131\u015fanlara y\u00f6nelik ki\u015fisel ve kurumsal e\u011fitimler ile sekt\u00f6r\u00fcn gen\u00e7lerle bulu\u015fmas\u0131 gibi bir\u00e7ok projeyi hayata ge\u00e7irmeyi hedeflediklerini de s\u00f6zlerine ekledi.<\/p>\n","protected":false},"excerpt":{"rendered":"<p>\u0130\u015f arayanlara, \u00f6\u011frencilere, gen\u00e7lere ve i\u015fverenlere rehberlik, dan\u0131\u015fmanl\u0131k ve y\u00f6nlendirme hizmetleri sunmak amac\u0131yla Mersin B\u00fcy\u00fck\u015fehir Belediyesi taraf\u0131ndan kurulan Kariyer Merkezi, \u00e7al\u0131\u015fmalar\u0131n\u0131 t\u00fcm h\u0131z\u0131yla s\u00fcrd\u00fcr\u00fcyor. \u0130\u015fg\u00fcc\u00fc piyasas\u0131n\u0131n t\u00fcm taraflar\u0131na y\u00f6nelik bir\u00e7ok projeyi hayata ge\u00e7iren Kariyer Merkezi, i\u015f d\u00fcnyas\u0131n\u0131 gelece\u011fe haz\u0131rlama hedefiyle faaliyetlerine devam ederken, i\u015fg\u00fcc\u00fc piyasas\u0131n\u0131n ihtiya\u00e7lar\u0131na y\u00f6nelik hizmetlerini \u00e7e\u015fitlendirmeye de devam ediyor. Kariyer Merkezi yetkilileri [&hellip;]<\/p>\n","protected":false},"author":2,"featured_media":33886,"comment_status":"closed","ping_status":"closed","sticky":false,"template":"","format":"standard","meta":{"footnotes":""},"categories":[2,3],"tags":[],"class_list":["post-33885","post","type-post","status-publish","format-standard","has-post-thumbnail","hentry","category-gundem","category-manset"],"views":16,"_links":{"self":[{"href":"https:\/\/mersinkadingazetesi.com\/index.php?rest_route=\/wp\/v2\/posts\/33885"}],"collection":[{"href":"https:\/\/mersinkadingazetesi.com\/index.php?rest_route=\/wp\/v2\/posts"}],"about":[{"href":"https:\/\/mersinkadingazetesi.com\/index.php?rest_route=\/wp\/v2\/types\/post"}],"author":[{"embeddable":true,"href":"https:\/\/mersinkadingazetesi.com\/index.php?rest_route=\/wp\/v2\/users\/2"}],"replies":[{"embeddable":true,"href":"https:\/\/mersinkadingazetesi.com\/index.php?rest_route=%2Fwp%2Fv2%2Fcomments&post=33885"}],"version-history":[{"count":1,"href":"https:\/\/mersinkadingazetesi.com\/index.php?rest_route=\/wp\/v2\/posts\/33885\/revisions"}],"predecessor-version":[{"id":33887,"href":"https:\/\/mersinkadingazetesi.com\/index.php?rest_route=\/wp\/v2\/posts\/33885\/revisions\/33887"}],"wp:featuredmedia":[{"embeddable":true,"href":"https:\/\/mersinkadingazetesi.com\/index.php?rest_route=\/wp\/v2\/media\/33886"}],"wp:attachment":[{"href":"https:\/\/mersinkadingazetesi.com\/index.php?rest_route=%2Fwp%2Fv2%2Fmedia&parent=33885"}],"wp:term":[{"taxonomy":"category","embeddable":true,"href":"https:\/\/mersinkadingazetesi.com\/index.php?rest_route=%2Fwp%2Fv2%2Fcategories&post=33885"},{"taxonomy":"post_tag","embeddable":true,"href":"https:\/\/mersinkadingazetesi.com\/index.php?rest_route=%2Fwp%2Fv2%2Ftags&post=33885"}],"curies":[{"name":"wp","href":"https:\/\/api.w.org\/{rel}","templated":true}]}}