{"id":33888,"date":"2024-07-13T22:48:57","date_gmt":"2024-07-13T19:48:57","guid":{"rendered":"https:\/\/mersinkadingazetesi.com\/?p=33888"},"modified":"2024-07-13T22:48:59","modified_gmt":"2024-07-13T19:48:59","slug":"baskan-secer-tas-bina-restorasyonunu-inceledi","status":"publish","type":"post","link":"https:\/\/mersinkadingazetesi.com\/?p=33888","title":{"rendered":"BA\u015eKAN SE\u00c7ER, TA\u015e B\u0130NA RESTORASYONU&#8217;NU \u0130NCELED\u0130"},"content":{"rendered":"\n<p>Mersin B\u00fcy\u00fck\u015fehir Belediye Ba\u015fkan\u0131 Vahap Se\u00e7er, Mersin B\u00fcy\u00fck\u015fehir Belediyesi taraf\u0131ndan \u00e7al\u0131\u015fmalar\u0131 s\u00fcren ve tamamlan\u0131nca Mersin&#8217;e bir&nbsp;<strong>&#8216;Kent M\u00fczesi&#8217;<\/strong>&nbsp;olarak kazand\u0131r\u0131lacak olan Ta\u015f Bina Restorasyonu&#8217;nu yerinde inceledi ve yetkililerden \u00e7al\u0131\u015fmalarla ilgili bilgi ald\u0131.<\/p>\n\n\n\n<p><strong>&#8220;Ta\u015f Bina; Mersin tarihinde \u00f6nemli bir yere sahip&#8221;<\/strong><\/p>\n\n\n\n<p>Kendisinin de 5 y\u0131l boyunca g\u00f6rev yapt\u0131\u011f\u0131 Ta\u015f Bina&#8217;n\u0131n restorasyon \u00e7al\u0131\u015fmalar\u0131n\u0131n 1 Mart&#8217;ta ba\u015flad\u0131\u011f\u0131n\u0131 aktaran Se\u00e7er, binan\u0131n Mersin tarihinde \u00f6nemli bir yere sahip oldu\u011funa dikkat \u00e7ekti. Ta\u015f Bina&#8217;n\u0131n tarihsel s\u00fcreci ile ilgili bilgi veren Se\u00e7er,&nbsp;<strong>&#8220;1800&#8217;l\u00fc y\u0131llar\u0131n sonuna do\u011fru Ta\u015f Bina&#8217;n\u0131n ana k\u00fctlesi yap\u0131lm\u0131\u015f,&nbsp;&nbsp;1947&#8217;den sonra da ilave baz\u0131 \u00fcniteler in\u015fa edilmi\u015f. Akkahve&#8217;nin uzun s\u00fcre hizmet verdi\u011fi, asl\u0131nda ilk etapta Akotel olarak planlanan ama hi\u00e7bir zaman da otel olarak da kullan\u0131lmayan ve sonra da belediye binas\u0131 olarak kullan\u0131lan tarihi bir bina&#8221;<\/strong>&nbsp;dedi.&nbsp;&nbsp;Binan\u0131n; mevcut \u015fekliyle Mersin&#8217;e \u00e7ok uygun olmad\u0131\u011f\u0131na, tarihi ve otantik \u00f6zelli\u011fini yitirmi\u015f bir halde oldu\u011funa dikkat \u00e7eken Se\u00e7er,&nbsp;<strong>&#8220;D\u0131\u015far\u0131da ve i\u00e7eride ilave yap\u0131lan baz\u0131 \u00fcnitelerle, \u00fczerine konulan baz\u0131 m\u00fc\u015ftemilatla ger\u00e7ekten \u00e7ok \u00e7irkin bir g\u00f6r\u00fcnt\u00fc halindeydi&#8221;<\/strong>&nbsp;diye konu\u015ftu.&nbsp;&nbsp;<\/p>\n\n\n\n<p><strong>&#8220;Mersin&#8217;in haf\u0131zas\u0131n\u0131 ve k\u00fclt\u00fcrel birikimini burada sergileyece\u011fiz&#8221;<\/strong><\/p>\n\n\n\n<p>Ba\u015flatt\u0131klar\u0131 \u00e7al\u0131\u015fmalar neticesinde Ta\u015f Bina&#8217;y\u0131 tarihine ve Mersin&#8217;e yara\u015f\u0131r estetik bir g\u00f6r\u00fcnt\u00fcye kavu\u015fturacaklar\u0131n\u0131 belirten Se\u00e7er, binan\u0131n&nbsp;<strong>&#8216;Kent M\u00fczesi&#8217;<\/strong>&nbsp;olarak kullan\u0131laca\u011f\u0131na vurgu yaparak,&nbsp;<strong>&#8220;Mersin&#8217;in haf\u0131zas\u0131n\u0131 ve k\u00fclt\u00fcrel birikimini burada sergileyece\u011fiz. Yine burada Akkahve&#8217;yi tekrar hayata ge\u00e7irecek, eski Mersinlilere ve gen\u00e7 nesillere o nostaljik havay\u0131 burada vermeye \u00e7al\u0131\u015faca\u011f\u0131z. Di\u011fer taraftan da buraya sanatsal faaliyetler ve sergiler i\u00e7in de bir i\u015flev y\u00fckledik. G\u00fczel bir \u00e7al\u0131\u015fma olacak&#8221;<\/strong>&nbsp;ifadelerine yer verdi. Se\u00e7er,&nbsp;<strong>&#8220;\u00c7al\u0131\u015fmalar\u0131m\u0131z bitti\u011fi zaman Mersinli hem\u015ferilerimizin be\u011fenisini, takdirini kazanan bir bina haline gelece\u011fini umut ediyoruz&#8221;<\/strong>&nbsp;dedi.<\/p>\n\n\n\n<p><strong>Kent merkezi eski cazibesine yeniden kavu\u015facak<\/strong><\/p>\n\n\n\n<p>Ge\u00e7mi\u015f d\u00f6nemlerde tuz deposu, fabrika, lokal ve Akkahve olarak kullan\u0131lan ve daha sonra ise belediye binas\u0131 olarak hizmet vererek g\u00fcn\u00fcm\u00fcze kadar gelen Ta\u015f Bina, yap\u0131lan restorasyon \u00e7al\u0131\u015fmalar\u0131 sonras\u0131 tarihi dokusunu kaybetmeden kent k\u00fclt\u00fcr\u00fcn\u00fc ve belle\u011fini yans\u0131tacak, k\u00fclt\u00fcr-sanat faaliyetleri ve sergilerin yap\u0131laca\u011f\u0131 bir&nbsp;<strong>&#8216;Kent M\u00fczesi&#8217;<\/strong>&nbsp;haline gelecek. B\u00fcy\u00fck\u015fehir ayr\u0131ca; \u00e7ar\u015f\u0131 merkezde&nbsp;<strong>&#8216;Gurme \u00c7ar\u015f\u0131&#8217;<\/strong>,&nbsp;<strong>&#8216;Kent Meydan\u0131&#8217;<\/strong>&nbsp;ve&nbsp;<strong>&#8216;Karamanc\u0131lar Kona\u011f\u0131&#8217;&nbsp;<\/strong>gibi pek \u00e7ok projeyi hayata ge\u00e7irerek tarihi kent merkezini yeniden canland\u0131racak ve bir cazibe merkezi haline getirecek.<\/p>\n","protected":false},"excerpt":{"rendered":"<p>Mersin B\u00fcy\u00fck\u015fehir Belediye Ba\u015fkan\u0131 Vahap Se\u00e7er, Mersin B\u00fcy\u00fck\u015fehir Belediyesi taraf\u0131ndan \u00e7al\u0131\u015fmalar\u0131 s\u00fcren ve tamamlan\u0131nca Mersin&#8217;e bir&nbsp;&#8216;Kent M\u00fczesi&#8217;&nbsp;olarak kazand\u0131r\u0131lacak olan Ta\u015f Bina Restorasyonu&#8217;nu yerinde inceledi ve yetkililerden \u00e7al\u0131\u015fmalarla ilgili bilgi ald\u0131. &#8220;Ta\u015f Bina; Mersin tarihinde \u00f6nemli bir yere sahip&#8221; Kendisinin de 5 y\u0131l boyunca g\u00f6rev yapt\u0131\u011f\u0131 Ta\u015f Bina&#8217;n\u0131n restorasyon \u00e7al\u0131\u015fmalar\u0131n\u0131n 1 Mart&#8217;ta ba\u015flad\u0131\u011f\u0131n\u0131 aktaran Se\u00e7er, binan\u0131n [&hellip;]<\/p>\n","protected":false},"author":2,"featured_media":33889,"comment_status":"closed","ping_status":"closed","sticky":false,"template":"","format":"standard","meta":{"footnotes":""},"categories":[8,34,2,3,5],"tags":[],"class_list":["post-33888","post","type-post","status-publish","format-standard","has-post-thumbnail","hentry","category-ekonomi","category-flas-haber","category-gundem","category-manset","category-mersin"],"views":11,"_links":{"self":[{"href":"https:\/\/mersinkadingazetesi.com\/index.php?rest_route=\/wp\/v2\/posts\/33888"}],"collection":[{"href":"https:\/\/mersinkadingazetesi.com\/index.php?rest_route=\/wp\/v2\/posts"}],"about":[{"href":"https:\/\/mersinkadingazetesi.com\/index.php?rest_route=\/wp\/v2\/types\/post"}],"author":[{"embeddable":true,"href":"https:\/\/mersinkadingazetesi.com\/index.php?rest_route=\/wp\/v2\/users\/2"}],"replies":[{"embeddable":true,"href":"https:\/\/mersinkadingazetesi.com\/index.php?rest_route=%2Fwp%2Fv2%2Fcomments&post=33888"}],"version-history":[{"count":1,"href":"https:\/\/mersinkadingazetesi.com\/index.php?rest_route=\/wp\/v2\/posts\/33888\/revisions"}],"predecessor-version":[{"id":33890,"href":"https:\/\/mersinkadingazetesi.com\/index.php?rest_route=\/wp\/v2\/posts\/33888\/revisions\/33890"}],"wp:featuredmedia":[{"embeddable":true,"href":"https:\/\/mersinkadingazetesi.com\/index.php?rest_route=\/wp\/v2\/media\/33889"}],"wp:attachment":[{"href":"https:\/\/mersinkadingazetesi.com\/index.php?rest_route=%2Fwp%2Fv2%2Fmedia&parent=33888"}],"wp:term":[{"taxonomy":"category","embeddable":true,"href":"https:\/\/mersinkadingazetesi.com\/index.php?rest_route=%2Fwp%2Fv2%2Fcategories&post=33888"},{"taxonomy":"post_tag","embeddable":true,"href":"https:\/\/mersinkadingazetesi.com\/index.php?rest_route=%2Fwp%2Fv2%2Ftags&post=33888"}],"curies":[{"name":"wp","href":"https:\/\/api.w.org\/{rel}","templated":true}]}}