{"id":33891,"date":"2024-07-13T22:51:29","date_gmt":"2024-07-13T19:51:29","guid":{"rendered":"https:\/\/mersinkadingazetesi.com\/?p=33891"},"modified":"2024-07-13T22:51:30","modified_gmt":"2024-07-13T19:51:30","slug":"mhp-mersin-milletvekili-uysal-15-temmuzda-hainler-emellerine-ulasamadi","status":"publish","type":"post","link":"https:\/\/mersinkadingazetesi.com\/?p=33891","title":{"rendered":"MHP MERS\u0130N M\u0130LLETVEK\u0130L\u0130 UYSAL: 15 TEMMUZ\u2019DA HA\u0130NLER EMELLER\u0130NE ULA\u015eAMADI"},"content":{"rendered":"\n<p>Milliyet\u00e7i Hareket Partisi Mersin Milletvekili ve MYK \u00dcyesi Dr. Levent Uysal, 15 Temmuz hain darbe giri\u015fiminde can\u0131n\u0131 feda eden \u015fehitleri anarak Demokrasi ve Milli Birlik G\u00fcn\u00fc ile ilgili yaz\u0131l\u0131 a\u00e7\u0131klamada bulundu.<\/p>\n\n\n\n<p>Milletvekili Uysal a\u00e7\u0131klamas\u0131nda \u015fu ifadelere yer verdi;<\/p>\n\n\n\n<p>\u201c<strong>15 Temmuz gecesi; T\u00fcrk milletinin ve \u00fclkemizin en b\u00fcy\u00fck s\u0131nav\u0131yd\u0131. Hain darbeciler, vatanseverlere yenildi, emellerine ula\u015famad\u0131. Demokrasiyi y\u0131kmak isteyen bir avu\u00e7 kendini bilmezlere T\u00fcrk milletinin iradesi en b\u00fcy\u00fck cevap oldu. Bir olarak, birlikte bayra\u011f\u0131 en yukar\u0131da ta\u015f\u0131yarak, tanklara direnerek d\u00fcnyaya gereken mesaj verildi. T\u00fcrk milletini kimse y\u0131kamaz! Milletimiz gazidir ve vatan\u0131 u\u011fruna \u015fehit olmaya her zaman raz\u0131d\u0131r. Milliyet\u00e7i Hareket Partisi, demokrasimize kasteden herkesin ve tavr\u0131n kar\u015f\u0131s\u0131ndad\u0131r! 15 Temmuz 2016 hain darbe giri\u015fiminin \u00fczerinden tam 8 y\u0131l ge\u00e7ti. Bu 8 y\u0131l i\u00e7erisinde devletimizin i\u00e7erisine s\u0131zmaya \u00e7al\u0131\u015fan d\u0131\u015f g\u00fc\u00e7lere y\u00f6nelik pe\u015f pe\u015fe \u00f6nemli operasyonlar yap\u0131ld\u0131. T\u00fcrkiye Cumhuriyeti Devleti ter\u00f6re ge\u00e7it vermedi, vermeyecek. 15 Temmuz\u2019da \u00fclkemiz ve T\u00fcrk milletimiz bir destan daha yazd\u0131. Cennet vatan\u0131m\u0131za leke s\u00fcrmemek i\u00e7in y\u00fczlerce insan\u0131m\u0131z \u015fehitlik mertebesine eri\u015fti. O gece Gazi Meclisimize bomba atacak kadar g\u00f6z\u00fc d\u00f6nen hainler, istiklal ve istikbal tutkusuyla dolan y\u00fcrekleri ezip ge\u00e7emedi. T\u00fcrklerin tarih boyunca yenilmezli\u011fini unutmu\u015f olacaklar ki bu kalk\u0131\u015fmaya yeltendiler. Vatan\u0131m\u0131za, bayra\u011f\u0131m\u0131za dil uzatmaya kim yeltenirse kar\u015f\u0131s\u0131nda b\u00fcy\u00fck T\u00fcrk milletini bulur ve birli\u011fi kar\u015f\u0131s\u0131nda da nutku tutulur. T\u00fcrkiye Cumhuriyeti var olmaya devam edecek. Bu vesileyle 15 Temmuz \u015fehitlerimizi, kahramanlar\u0131m\u0131z\u0131 rahmetle an\u0131yor gazilerimize \u015f\u00fckranlar\u0131m\u0131 sunuyorum. Devlet ve millet b\u00f6l\u00fcnmez b\u00fct\u00fcnd\u00fcr, k\u0131yamete kadar da \u00f6yle kalacakt\u0131r.\u201d<\/strong><\/p>\n","protected":false},"excerpt":{"rendered":"<p>Milliyet\u00e7i Hareket Partisi Mersin Milletvekili ve MYK \u00dcyesi Dr. Levent Uysal, 15 Temmuz hain darbe giri\u015fiminde can\u0131n\u0131 feda eden \u015fehitleri anarak Demokrasi ve Milli Birlik G\u00fcn\u00fc ile ilgili yaz\u0131l\u0131 a\u00e7\u0131klamada bulundu. Milletvekili Uysal a\u00e7\u0131klamas\u0131nda \u015fu ifadelere yer verdi; \u201c15 Temmuz gecesi; T\u00fcrk milletinin ve \u00fclkemizin en b\u00fcy\u00fck s\u0131nav\u0131yd\u0131. Hain darbeciler, vatanseverlere yenildi, emellerine ula\u015famad\u0131. Demokrasiyi [&hellip;]<\/p>\n","protected":false},"author":2,"featured_media":33892,"comment_status":"closed","ping_status":"closed","sticky":false,"template":"","format":"standard","meta":{"footnotes":""},"categories":[3],"tags":[],"class_list":["post-33891","post","type-post","status-publish","format-standard","has-post-thumbnail","hentry","category-manset"],"views":16,"_links":{"self":[{"href":"https:\/\/mersinkadingazetesi.com\/index.php?rest_route=\/wp\/v2\/posts\/33891"}],"collection":[{"href":"https:\/\/mersinkadingazetesi.com\/index.php?rest_route=\/wp\/v2\/posts"}],"about":[{"href":"https:\/\/mersinkadingazetesi.com\/index.php?rest_route=\/wp\/v2\/types\/post"}],"author":[{"embeddable":true,"href":"https:\/\/mersinkadingazetesi.com\/index.php?rest_route=\/wp\/v2\/users\/2"}],"replies":[{"embeddable":true,"href":"https:\/\/mersinkadingazetesi.com\/index.php?rest_route=%2Fwp%2Fv2%2Fcomments&post=33891"}],"version-history":[{"count":1,"href":"https:\/\/mersinkadingazetesi.com\/index.php?rest_route=\/wp\/v2\/posts\/33891\/revisions"}],"predecessor-version":[{"id":33893,"href":"https:\/\/mersinkadingazetesi.com\/index.php?rest_route=\/wp\/v2\/posts\/33891\/revisions\/33893"}],"wp:featuredmedia":[{"embeddable":true,"href":"https:\/\/mersinkadingazetesi.com\/index.php?rest_route=\/wp\/v2\/media\/33892"}],"wp:attachment":[{"href":"https:\/\/mersinkadingazetesi.com\/index.php?rest_route=%2Fwp%2Fv2%2Fmedia&parent=33891"}],"wp:term":[{"taxonomy":"category","embeddable":true,"href":"https:\/\/mersinkadingazetesi.com\/index.php?rest_route=%2Fwp%2Fv2%2Fcategories&post=33891"},{"taxonomy":"post_tag","embeddable":true,"href":"https:\/\/mersinkadingazetesi.com\/index.php?rest_route=%2Fwp%2Fv2%2Ftags&post=33891"}],"curies":[{"name":"wp","href":"https:\/\/api.w.org\/{rel}","templated":true}]}}