{"id":33894,"date":"2024-07-13T22:53:46","date_gmt":"2024-07-13T19:53:46","guid":{"rendered":"https:\/\/mersinkadingazetesi.com\/?p=33894"},"modified":"2024-07-13T22:53:46","modified_gmt":"2024-07-13T19:53:46","slug":"yerel-yonetimler-iktidarin-kapisini-acacak-en-onemli-anahtardir","status":"publish","type":"post","link":"https:\/\/mersinkadingazetesi.com\/?p=33894","title":{"rendered":"&#8220;YEREL Y\u00d6NET\u0130MLER \u0130KT\u0130DARIN KAPISINI A\u00c7ACAK EN \u00d6NEML\u0130 ANAHTARDIR&#8221;"},"content":{"rendered":"\n<p>Mersin B\u00fcy\u00fck\u015fehir Belediye Ba\u015fkan\u0131 Vahap Se\u00e7er, Cumhuriyet Halk Partisi (CHP) Mersin \u0130l Ba\u015fkanl\u0131\u011f\u0131 taraf\u0131ndan d\u00fczenlenen&nbsp;<strong>&#8216;CHP Mersin \u0130l Dan\u0131\u015fma Kurulu Toplant\u0131s\u0131&#8217;<\/strong>na kat\u0131ld\u0131.<\/p>\n\n\n\n<p>Yeni\u015fehir Belediyesi Atat\u00fcrk K\u00fclt\u00fcr Merkezi&#8217;nde d\u00fczenlenen Dan\u0131\u015fma Kurulu Toplant\u0131s\u0131&#8217;na; Mersin B\u00fcy\u00fck\u015fehir Belediye Ba\u015fkan\u0131 Vahap Se\u00e7er, CHP Grup Ba\u015fkan Vekili Ali Mahir Ba\u015far\u0131r, CHP Mersin \u0130l Ba\u015fkan\u0131 Koral \u00d6m\u00fcr, CHP Mersin Milletvekilleri G\u00fclcan K\u0131\u015f, Talat Din\u00e7er ve Hasan Ufuk \u00c7ak\u0131r, Toroslar Belediye Ba\u015fkan\u0131 Abdurrahman Y\u0131ld\u0131z, Yeni\u015fehir Belediye Ba\u015fkan\u0131 Abdullah \u00d6zyi\u011fit, Anamur Belediye Ba\u015fkan\u0131 Durmu\u015f Deniz, Silifke Belediye Ba\u015fkan\u0131 Mustafa Turgut, il ve il\u00e7e y\u00f6neticileri, Belediye Meclis \u00fcyeleri, ge\u00e7mi\u015f d\u00f6nem milletvekilleri, ge\u00e7mi\u015f d\u00f6nem il ba\u015fkanlar\u0131 ve partililer kat\u0131l\u0131m sa\u011flad\u0131.<\/p>\n\n\n\n<p><strong>Se\u00e7er: &#8220;Yerel y\u00f6netimler iktidar\u0131n kap\u0131s\u0131n\u0131 a\u00e7acak en \u00f6nemli anahtard\u0131r&#8221;<\/strong><\/p>\n\n\n\n<p>Dan\u0131\u015fma Kurulu&#8217;nun parti ve kent i\u00e7in hay\u0131rl\u0131 olmas\u0131n\u0131 dileyerek konu\u015fmas\u0131na ba\u015flayan Ba\u015fkan Se\u00e7er,<\/p>\n\n\n\n<p>2019&#8217;dan bu yana yerel se\u00e7imlerden sonra T\u00fcrkiye siyasetinde yeni bir sayfa a\u00e7\u0131ld\u0131\u011f\u0131na dikkat \u00e7ekti.&nbsp; AK Parti&#8217;nin 2019&#8217;dan sonra siyaseten b\u00fcy\u00fck bir yara ald\u0131\u011f\u0131n\u0131 belirten Se\u00e7er<strong>, &#8220;\u00c7\u00fcnk\u00fc \u0130stanbul, Ankara, Adana, Mersin ve Antalya&#8217;n\u0131n oldu\u011fu 5 b\u00fcy\u00fck\u015fehirde sancaklarda CHP bayra\u011f\u0131 dalgaland\u0131. \u0130\u015fte ba\u015flang\u0131\u00e7 orada ba\u015flad\u0131&#8221;<\/strong>&nbsp;dedi. Yerel y\u00f6netimlerin iktidar\u0131n kap\u0131s\u0131n\u0131 a\u00e7acak en \u00f6nemli anahtar oldu\u011funa vurgu yapan Se\u00e7er, bunun en g\u00fczel \u00f6rne\u011finin de 2019&#8217;dan bu yana g\u00f6rev yapan B\u00fcy\u00fck\u015fehir, il ve il\u00e7e belediyeleri oldu\u011funu hat\u0131rlatt\u0131.<\/p>\n\n\n\n<p><strong>&#8220;Bu zafer hepimizin ortak zaferidir&#8221;<\/strong><\/p>\n\n\n\n<p>Mersin&#8217;in T\u00fcrkiye&#8217;nin B\u00fcy\u00fck\u015fehirlerde en y\u00fcksek oylar\u0131ndan birini alan belediye oldu\u011funu ve al\u0131nan ba\u015far\u0131l\u0131 sonu\u00e7lar\u0131n \u00f6nemle incelenmesi gerekti\u011fini hat\u0131rlatan Se\u00e7er, Mersin&#8217;in yerel se\u00e7imlerde ald\u0131\u011f\u0131 ba\u015far\u0131da her bir partilinin \u00f6nemli eme\u011fi oldu\u011funu belirterek,&nbsp;<strong>&#8220;Bu hepimizin ortak zaferidir. Bu zaferde eme\u011fi ge\u00e7en herkese te\u015fekk\u00fcr ediyoruz. Ki\u015fi yok, \u00f6zne yok, \u00f6zne ar\u0131yorsan\u0131z \u00f6zne belli; Mustafa Kemal&#8217;in izinden giden CHP ve CHP&#8217;lilerdir. \u00d6zne partimizdir, kerameti ba\u015fka yerde aramayal\u0131m. Keramet \u00e7al\u0131\u015fmakta, emekte stratejide ortakla\u015fmadad\u0131r&#8221;<\/strong>&nbsp;ifadelerini kulland\u0131.<\/p>\n\n\n\n<p><strong>&#8220;Merkezde oylar\u0131m\u0131z\u0131 art\u0131rd\u0131k, ikinci b\u00f6lgede ba\u015far\u0131 \u00f6rne\u011fi g\u00f6sterdik&#8221;<\/strong><\/p>\n\n\n\n<p>Yerel se\u00e7imlerde Mersin&#8217;de merkezde oylar\u0131n\u0131 art\u0131rd\u0131klar\u0131n\u0131 ve ikinci b\u00f6lgede de b\u00fcy\u00fck bir ba\u015far\u0131 \u00f6rne\u011fi g\u00f6sterdiklerini s\u00f6yleyen Se\u00e7er,&nbsp;<strong>&#8220;As\u0131l bizim i\u00e7in a\u00e7\u0131lacak kap\u0131 Mersin&#8217;in bat\u0131s\u0131 tabir etti\u011fimiz ikinci b\u00f6lge olarak and\u0131\u011f\u0131m\u0131z Erdemli&#8217;den ba\u015flay\u0131p Anamur, Mut, G\u00fclnar, Bozyaz\u0131, Ayd\u0131nc\u0131k ve Silifke&#8217;de noktalanan 7 il\u00e7emizdir. 2019 se\u00e7imlerinde partimiz b\u00fcy\u00fck\u015fehir se\u00e7imlerinde bu il\u00e7elerden y\u00fczde 30 oy ald\u0131. Bu \u00f6rnek olarak \u00e7ok \u00e7arp\u0131c\u0131d\u0131r \u00e7ok dikkate de\u011ferdir. 5 y\u0131l sonra ise o se\u00e7menin y\u00fczde 52&#8217;si CHP&#8217;li Belediye Ba\u015fkan aday\u0131na y\u00fczde 70&#8217;lik bir art\u0131\u015fla oy verdi&#8221;<\/strong>&nbsp;dedi.<\/p>\n\n\n\n<p><strong>&#8220;Gitmedi\u011finiz k\u00f6y, s\u0131kmad\u0131\u011f\u0131n\u0131z el sizin de\u011fil&#8221;<\/strong><\/p>\n\n\n\n<p>Bu sonucun da insanlara dokunmakla oldu\u011funu vurgulayan Se\u00e7er,&nbsp;<strong>&#8220;Gitmedi\u011finiz k\u00f6y, s\u0131kmad\u0131\u011f\u0131n\u0131z el sizin de\u011fil. \u0130stedi\u011finiz kadar hizmet yap\u0131n, sosyal politikalar uygulay\u0131n, tar\u0131m destekleri, altyap\u0131, \u00fcst yap\u0131 yap\u0131n. Ama siyaset\u00e7i olarak hele hele belediye ba\u015fkan\u0131ysan\u0131z, sevginizi kar\u015f\u0131n\u0131zdakine ge\u00e7iremiyorsan\u0131z ba\u015far\u0131n\u0131z m\u00fcmk\u00fcn olmayabilir. Ama biz tabiat itibariyle insanlar\u0131 seviyoruz. Bizde ayr\u0131m gayr\u0131m olmaz, biz herkesi kucaklayaca\u011f\u0131z. Bizim en b\u00fcy\u00fck g\u00fcc\u00fcm\u00fcz insan sevgimiz ve adalet duygumuzdur&#8221;<\/strong>&nbsp;diye konu\u015ftu.<\/p>\n\n\n\n<p><strong>&#8220;B\u00fcy\u00fck\u015fehir Belediye Ba\u015fkan\u0131 5 y\u0131ld\u0131r Mersin&#8217;de b\u00fct\u00fcn vatanda\u015flar\u0131m\u0131z\u0131n yan\u0131nda&#8221;<\/strong><\/p>\n\n\n\n<p>Y\u00fczde 60&#8217;a yak\u0131n oy almas\u0131n\u0131n nedenlerini sayan Se\u00e7er, vatanda\u015f\u0131n ac\u0131l\u0131 ya da mutlu g\u00fcnlerinde yanlar\u0131nda olduklar\u0131n\u0131n alt\u0131n\u0131 \u00e7izerek,&nbsp;<strong>&#8220;B\u00fcy\u00fck\u015fehir Belediye Ba\u015fkan\u0131 5 y\u0131ld\u0131r Mersin&#8217;de b\u00fct\u00fcn vatanda\u015flar\u0131m\u0131z\u0131n yan\u0131ndad\u0131r. Cenazesinde, d\u00fc\u011f\u00fcn\u00fcnde, \u00e7ocu\u011fu hastayken, o\u011flu askerdeyken yan\u0131ndad\u0131r. Ge\u00e7ti\u011fimiz se\u00e7imde her 10 ki\u015fiden 3&#8217;\u00fcn\u00fcn oyunu zor ald\u0131\u011f\u0131m\u0131z il\u00e7elerde \u015fimdi her 10 ki\u015fiden 5&#8217;inin oyunu almam\u0131z\u0131n form\u00fcl\u00fc budur. Gerisi laf\u0131 g\u00fczaft\u0131r&#8221;<\/strong>&nbsp;dedi. Se\u00e7imlerdeki ba\u015far\u0131lar\u0131n\u0131n en b\u00fcy\u00fck nedenlerinden birisinin de hizmet odakl\u0131 \u00e7al\u0131\u015fma oldu\u011funu s\u00f6yleyen Se\u00e7er,&nbsp;<strong>&#8220;Bu ba\u015far\u0131 ortakt\u0131r. 411 CHP&#8217;li belediye ba\u015fkan\u0131, hepimizin belediye ba\u015fkan\u0131d\u0131r. Onlar\u0131n ba\u015far\u0131s\u0131 i\u00e7in \u00e7al\u0131\u015fmal\u0131y\u0131z, onlara yard\u0131mc\u0131 olmal\u0131y\u0131z ve yan\u0131nda durmal\u0131y\u0131z&#8221;<\/strong>&nbsp;s\u00f6zlerine yer verdi.<\/p>\n\n\n\n<p><strong>&#8220;\u0130ktidara y\u00fcr\u00fcyoruz&#8221;<\/strong><\/p>\n\n\n\n<p>\u0130ktidara y\u00fcr\u00fcd\u00fcklerini ve i\u015flerinin yeni ba\u015flad\u0131\u011f\u0131n\u0131 belirten Se\u00e7er,&nbsp;<strong>&#8220;\u00c7al\u0131\u015farak kazanabiliriz, bizim i\u015fimiz hizmet etmek. \u0130ktidara giderken iyi bir \u00f6rne\u011fiz. T\u00fcrkiye&#8217;nin temel sorunlar\u0131 var; T\u00fcrkiye, Cumhuriyet tarihinin en garabet e\u011fitim sistemiyle y\u00fcr\u00fcyor ve hala daha da garabeti art\u0131rarak i\u00e7inden \u00e7\u0131k\u0131lmaz bir hal ald\u0131racak yasal d\u00fczenlemeler yap\u0131l\u0131yor. Bir \u00fclkede sa\u011fl\u0131k sistemi bozulur, d\u00fczeltirsiniz, ekonomi bozulur, d\u00fczeltirsiniz, tar\u0131m k\u00f6t\u00fcye gider, ilave tedbirler al\u0131rs\u0131n\u0131z, d\u00fczeltirsiniz. Ama bir \u00fclkede e\u011fitim sistemini, iktidar\u0131n siyasi ikbali i\u00e7in onun insaf\u0131na b\u0131rak\u0131r, muhalefet yap\u0131yor gibi yaparsak kaybederiz, toplumu kaybederiz&#8221;<\/strong>&nbsp;diye konu\u015ftu.<\/p>\n\n\n\n<p>E\u011fitimin toplum i\u00e7in \u00f6nemine de\u011finen Se\u00e7er,&nbsp;<strong>&#8220;E\u011fitim demek yar\u0131nlar demek. Bug\u00fcn Mustafa Kemal Atat\u00fcrk&#8217;\u00fcn kurdu\u011fu Cumhuriyet sapasa\u011flam ayaktaysa i\u015fte o g\u00fcn getirdi\u011fi maarif politikalar\u0131ylad\u0131r. Bug\u00fcne kadar s\u00fcrmesinin temel sebebi de odur&#8221;<\/strong>&nbsp;ifadelerine yer verdi.<\/p>\n\n\n\n<p><strong>&#8220;Tasarruf Genelgesi gibi derdimiz yok \u00e7\u00fcnk\u00fc bizde israf yok&#8221;<\/strong><\/p>\n\n\n\n<p>Belediyecilik konusunda yap\u0131lan 2 yasal d\u00fczenlemeye de de\u011finen Se\u00e7er, \u00f6ncelikle Tasarruf Genelgesi hakk\u0131nda konu\u015farak,&nbsp;<strong>&#8220;Tasarruf Genelgesi 2021&#8217;de de \u00e7\u0131kt\u0131. Ekonomi k\u00f6t\u00fc olunca&nbsp;<em>&#8216;Ne yapal\u0131m,<\/em>&nbsp;k<em>emerleri s\u0131kal\u0131m&#8217;<\/em>&nbsp;dediler. S\u0131kal\u0131m da siz ya\u015fant\u0131ya devam ediyorsunuz. Bizim b\u00f6yle bir derdimiz yok \u00e7\u00fcnk\u00fc bizde israf ve yolsuzluk yok. T\u00fcrkiye&#8217;yi bat\u0131ran yolsuzluk ve israft\u0131r. T\u00fcrkiye&#8217;nin kaynaklar\u0131 kendisine yeter. D\u00fczenlemenin temel sebebi 411 CHP&#8217;li belediyeye y\u00f6nelik.&nbsp;<em>&#8216;Bu belediye ba\u015fkanlar\u0131n\u0131 nas\u0131l engelleriz, hizmetlerini nas\u0131l yapamaz hale getiririz? Elini aya\u011f\u0131n\u0131 ba\u011flar\u0131z&#8217;<\/em>. Ba\u015fka hi\u00e7bir niyet aram\u0131yorum, tamamen niyet bu&#8221;<\/strong>&nbsp;s\u00f6zlerine yer verdi.<\/p>\n\n\n\n<p><strong>Se\u00e7er&#8217;den, sokak hayvanlar\u0131n\u0131n uyutulmas\u0131 genelgesine sert tepki: &#8220;Kabul etmemiz m\u00fcmk\u00fcn de\u011fil&#8221;<\/strong><\/p>\n\n\n\n<p>Sokak hayvanlar\u0131n\u0131n \u00f6ld\u00fcr\u00fclmesine yol a\u00e7acak olan genelgeye de tepki g\u00f6steren Se\u00e7er,&nbsp;<strong>&#8220;Biz herkesin belediye ba\u015fkan\u0131y\u0131z, canlar\u0131n da belediye ba\u015fkan\u0131y\u0131z. Bu yasal d\u00fczenlemeyi bir belediye ba\u015fkan\u0131 olarak uygun g\u00f6rm\u00fcyorum&#8221;<\/strong>&nbsp;dedi. Toplumun b\u00fcy\u00fck kesimi taraf\u0131ndan protesto edilen kanun de\u011fi\u015fikli\u011finin belediyeler taraf\u0131ndan uygulanmas\u0131 i\u00e7in yasa koyucular taraf\u0131ndan genelge yollad\u0131\u011f\u0131na de\u011finen Se\u00e7er,&nbsp;<strong>&#8221;&nbsp;<em>&#8216;Hangisini uyutup uyutmayaca\u011f\u0131n\u0131 sen karar ver ve bunu yap, yapmazsan seni hapis cezas\u0131yla cezaland\u0131r\u0131r\u0131m&#8217;<\/em>&nbsp;diyor. Milletvekillerimiz bu konuda meclis k\u00fcrs\u00fcs\u00fcnden gerekeni s\u00f6yleyeceklerdir, bunu kabul etmemiz m\u00fcmk\u00fcn de\u011fildir. Herkes sorumlulu\u011funu yapacak. K\u0131s\u0131rla\u015ft\u0131rma y\u00f6ntemiyle pop\u00fclasyonu s\u0131n\u0131rlama yoluna gidece\u011fiz. Daha medeni \u015fartlarda yapaca\u011f\u0131z. Gereken b\u00fct\u00e7eyi biz ayarlar\u0131z. \u00c7alm\u0131yoruz, \u00e7ald\u0131rm\u0131yoruz, israf etmiyoruz. Biz b\u00fct\u00e7emizi yapar\u0131z. Hayvanseverlerin de bu anlamda rahat olmalar\u0131n\u0131 istiyorum&#8221;<\/strong>&nbsp;s\u00f6zlerine yer verdi.<\/p>\n\n\n\n<p><strong>\u00d6m\u00fcr: &#8220;Partili partisiz herkesin takdirini kazanan Vahap Se\u00e7er&#8217;e rekor oy verildi&#8221;<\/strong><\/p>\n\n\n\n<p>Yap\u0131lan Dan\u0131\u015fma Kurulu&#8217;ndan \u00e7\u0131kan sonu\u00e7larla hep birlikte genel iktidara y\u00fcr\u00fcyeceklerini s\u00f6yleyen CHP Mersin \u0130l Ba\u015fkan\u0131 Koral \u00d6m\u00fcr, kaynaklar\u0131n\u0131 halka ak\u0131tmayanlara art\u0131k yurtta\u015f\u0131n oy vermedi\u011fini vurgulayarak,&nbsp;<strong>&#8220;Belediyelerin kaynaklar\u0131n\u0131 halka de\u011fil, kendilerinin, yanda\u015flar\u0131n\u0131n ve tarikatlar\u0131n \u00e7\u0131karlar\u0131 i\u00e7in kullanan, yat\u0131r\u0131m yapmayan, hizmet \u00fcretmeyen vatanda\u015flar\u0131 d\u00fc\u015f\u00fcnmeyen AKP belediyecili\u011fine art\u0131k halk\u0131m\u0131z &#8216;yeter&#8217; demi\u015ftir&#8221;<\/strong>&nbsp;s\u00f6zlerine yer verdi. Halk\u0131n 2019 yerel se\u00e7imlerde kaynaklar\u0131n\u0131 hizmet i\u00e7in kullanan CHP&#8217;li belediyeleri destekledi\u011fini belirten \u00d6m\u00fcr,&nbsp;<strong>&#8220;Halk\u0131m\u0131z pandemide, depremde, milletin ya\u015fad\u0131\u011f\u0131 her sorunda h\u00fck\u00fcmetin yapamad\u0131\u011f\u0131n\u0131 s\u0131n\u0131rl\u0131 olanaklar\u0131yla yapan, ba\u015far\u0131s\u0131n\u0131 ispatlam\u0131\u015f bir hizmet modeli, bir y\u00f6netim modeli haline gelmi\u015f CHP&#8217;li belediyelere T\u00fcrkiye&#8217;nin b\u00fcy\u00fck \u00e7o\u011funlu\u011funu genelde y\u00f6netme yetkisi vermi\u015ftir. Mersin&#8217;de de halk\u0131m\u0131z CHP&#8217;li Belediyecilik modelini, halk\u00e7\u0131 belediyecili\u011fi, sosyal belediyecili\u011fi en iyi \u015fekilde uygulayan, partili partisiz takdirini kazanan ba\u015fta B\u00fcy\u00fck\u015fehir Belediye Ba\u015fkan\u0131m\u0131z Vahap Se\u00e7er olmak \u00fczere CHP&#8217;li belediyecili\u011fe rekor bir oyla 7 il\u00e7emizde de yetki vermi\u015ftir&#8221;<\/strong>&nbsp;diye konu\u015ftu.&nbsp;<\/p>\n","protected":false},"excerpt":{"rendered":"<p>Mersin B\u00fcy\u00fck\u015fehir Belediye Ba\u015fkan\u0131 Vahap Se\u00e7er, Cumhuriyet Halk Partisi (CHP) Mersin \u0130l Ba\u015fkanl\u0131\u011f\u0131 taraf\u0131ndan d\u00fczenlenen&nbsp;&#8216;CHP Mersin \u0130l Dan\u0131\u015fma Kurulu Toplant\u0131s\u0131&#8217;na kat\u0131ld\u0131. Yeni\u015fehir Belediyesi Atat\u00fcrk K\u00fclt\u00fcr Merkezi&#8217;nde d\u00fczenlenen Dan\u0131\u015fma Kurulu Toplant\u0131s\u0131&#8217;na; Mersin B\u00fcy\u00fck\u015fehir Belediye Ba\u015fkan\u0131 Vahap Se\u00e7er, CHP Grup Ba\u015fkan Vekili Ali Mahir Ba\u015far\u0131r, CHP Mersin \u0130l Ba\u015fkan\u0131 Koral \u00d6m\u00fcr, CHP Mersin Milletvekilleri G\u00fclcan K\u0131\u015f, Talat [&hellip;]<\/p>\n","protected":false},"author":2,"featured_media":33895,"comment_status":"closed","ping_status":"closed","sticky":false,"template":"","format":"standard","meta":{"footnotes":""},"categories":[3,5],"tags":[],"class_list":["post-33894","post","type-post","status-publish","format-standard","has-post-thumbnail","hentry","category-manset","category-mersin"],"views":9,"_links":{"self":[{"href":"https:\/\/mersinkadingazetesi.com\/index.php?rest_route=\/wp\/v2\/posts\/33894"}],"collection":[{"href":"https:\/\/mersinkadingazetesi.com\/index.php?rest_route=\/wp\/v2\/posts"}],"about":[{"href":"https:\/\/mersinkadingazetesi.com\/index.php?rest_route=\/wp\/v2\/types\/post"}],"author":[{"embeddable":true,"href":"https:\/\/mersinkadingazetesi.com\/index.php?rest_route=\/wp\/v2\/users\/2"}],"replies":[{"embeddable":true,"href":"https:\/\/mersinkadingazetesi.com\/index.php?rest_route=%2Fwp%2Fv2%2Fcomments&post=33894"}],"version-history":[{"count":1,"href":"https:\/\/mersinkadingazetesi.com\/index.php?rest_route=\/wp\/v2\/posts\/33894\/revisions"}],"predecessor-version":[{"id":33896,"href":"https:\/\/mersinkadingazetesi.com\/index.php?rest_route=\/wp\/v2\/posts\/33894\/revisions\/33896"}],"wp:featuredmedia":[{"embeddable":true,"href":"https:\/\/mersinkadingazetesi.com\/index.php?rest_route=\/wp\/v2\/media\/33895"}],"wp:attachment":[{"href":"https:\/\/mersinkadingazetesi.com\/index.php?rest_route=%2Fwp%2Fv2%2Fmedia&parent=33894"}],"wp:term":[{"taxonomy":"category","embeddable":true,"href":"https:\/\/mersinkadingazetesi.com\/index.php?rest_route=%2Fwp%2Fv2%2Fcategories&post=33894"},{"taxonomy":"post_tag","embeddable":true,"href":"https:\/\/mersinkadingazetesi.com\/index.php?rest_route=%2Fwp%2Fv2%2Ftags&post=33894"}],"curies":[{"name":"wp","href":"https:\/\/api.w.org\/{rel}","templated":true}]}}