{"id":33897,"date":"2024-07-14T12:24:34","date_gmt":"2024-07-14T09:24:34","guid":{"rendered":"https:\/\/mersinkadingazetesi.com\/?p=33897"},"modified":"2024-07-14T12:24:35","modified_gmt":"2024-07-14T09:24:35","slug":"baskan-abdullah-ozyigit-aydinlikevlerde-semt-pazarini-gezdi","status":"publish","type":"post","link":"https:\/\/mersinkadingazetesi.com\/?p=33897","title":{"rendered":"Ba\u015fkan Abdullah \u00d6zyi\u011fit, Ayd\u0131nl\u0131kevler\u2019de semt pazar\u0131n\u0131 gezdi"},"content":{"rendered":"\n<p>Mersin Yeni\u015fehir Belediye Ba\u015fkan\u0131 Abdullah \u00d6zyi\u011fit, CHP Grup Ba\u015fkanvekili ve Mersin Milletvekili Ali Mahir Ba\u015far\u0131r ile birlikte Ayd\u0131nl\u0131kevler Mahallesi\u2019ndeki semt pazar\u0131n\u0131 gezerek, vatanda\u015flarla bulu\u015ftu.<\/p>\n\n\n\n<p><a><\/a> Yeni\u015fehir\u2019deki t\u00fcm mahalleleri d\u00fczenli olarak gezerek, halk\u0131n talep ve \u00f6nerilerini yerinde dinleyen Yeni\u015fehir Belediye Ba\u015fkan\u0131 Abdullah \u00d6zyi\u011fit son olarak Ayd\u0131nl\u0131kevler Mahallesi\u2019nde semt pazar\u0131nda vatanda\u015flarla bir araya geldi. Ba\u015fkan \u00d6zyi\u011fit, CHP Grup Ba\u015fkanvekili Ali Mahir Ba\u015far\u0131r ve CHP Yeni\u015fehir \u0130l\u00e7e Ba\u015fkan\u0131 Toprak \u00c7al\u0131\u015fkan ile birlikte pazarc\u0131 esnaf\u0131na kolayl\u0131klar diledi, vatanda\u015flar\u0131n sorunlar\u0131n\u0131 dinledi. Yeni\u015fehirlilerden gelen taleplere ili\u015fkin notlar alan Ba\u015fkan \u00d6zyi\u011fit, mevcut sorunlara \u00e7\u00f6z\u00fcm \u00fcretecek projeleri hakk\u0131nda da vatanda\u015flara bilgi verdi.<\/p>\n\n\n\n<p><strong>Halk\u0131n g\u00f6r\u00fc\u015fleri hizmetler i\u00e7in yol g\u00f6sterici oluyor<\/strong><\/p>\n\n\n\n<p>Pazarc\u0131 esnaf\u0131 ile vatanda\u015flarla samimi sohbetler ger\u00e7ekle\u015ftiren Ba\u015fkan \u00d6zyi\u011fit ve Ba\u015far\u0131r, halk\u0131n yo\u011fun ilgisiyle kar\u015f\u0131la\u015ft\u0131. Ba\u015fkan Abdullah \u00d6zyi\u011fit, ziyaret s\u0131ras\u0131nda yapt\u0131\u011f\u0131 a\u00e7\u0131klamada, <strong>&#8220;Vatanda\u015flar\u0131m\u0131zla birebir temas kurmak, onlar\u0131n taleplerini ve sorunlar\u0131n\u0131 dinlemek bizim \u00f6nceli\u011fimiz. Yeni\u015fehir Belediyesi olarak her zaman halk\u0131m\u0131z\u0131n yan\u0131nday\u0131z ve onlar\u0131n hayat\u0131n\u0131 kolayla\u015ft\u0131rmak i\u00e7in \u00e7al\u0131\u015f\u0131yoruz. Bug\u00fcn burada ald\u0131\u011f\u0131m\u0131z geri bildirimler, her zaman oldu\u011fu gibi \u00e7al\u0131\u015fmalar\u0131m\u0131z\u0131 \u015fekillendirmede bizlere yol g\u00f6sterecek. &#8220;<\/strong> dedi.<\/p>\n\n\n\n<p><strong>Yeni\u015fehir Belediyesi mahalle toplant\u0131lar\u0131 d\u00fczenleyecek<\/strong><\/p>\n\n\n\n<p>Yeni\u015fehir Belediye Ba\u015fkan\u0131 Abdullah \u00d6zyi\u011fit, A\u011fustos ay\u0131n\u0131n sonunda 5 y\u0131ll\u0131k stratejik plan\u0131n haz\u0131rlanmas\u0131 i\u00e7in t\u00fcm mahallelerde toplant\u0131lar d\u00fczenleyeceklerini ifade etti. \u00d6zyi\u011fit,<strong> \u201c 2019 y\u0131l\u0131nda yapt\u0131\u011f\u0131m\u0131z gibi yine halk\u0131m\u0131za gidece\u011fiz, geride b\u0131rakt\u0131\u011f\u0131m\u0131z 5 y\u0131lda neler yapt\u0131\u011f\u0131m\u0131z\u0131 anlataca\u011f\u0131z, hesap verece\u011fiz ama ayn\u0131 zamanda \u00f6n\u00fcm\u00fczdeki 5 y\u0131lda neler yapmam\u0131z gerekti\u011fini de konu\u015faca\u011f\u0131z. Bu toplant\u0131larla as\u0131l amac\u0131m\u0131z hizmette eksik b\u0131rakmamak, sorunlara kar\u015f\u0131 birlikte \u00e7\u00f6z\u00fcm \u00f6nerileri geli\u015ftirmek. Halk\u0131m\u0131z\u0131n taleplerini dinleyece\u011fiz. Vatanda\u015flar\u0131m\u0131z Yeni\u015fehir\u2019de kent y\u00f6netimine do\u011frudan kat\u0131l\u0131yor. Bundan gurur duyuyoruz, ba\u015far\u0131m\u0131z\u0131n nedeni de bu birlikteliktir, ortak ak\u0131ld\u0131r.<\/strong>\u201d diye konu\u015ftu.<\/p>\n","protected":false},"excerpt":{"rendered":"<p>Mersin Yeni\u015fehir Belediye Ba\u015fkan\u0131 Abdullah \u00d6zyi\u011fit, CHP Grup Ba\u015fkanvekili ve Mersin Milletvekili Ali Mahir Ba\u015far\u0131r ile birlikte Ayd\u0131nl\u0131kevler Mahallesi\u2019ndeki semt pazar\u0131n\u0131 gezerek, vatanda\u015flarla bulu\u015ftu. Yeni\u015fehir\u2019deki t\u00fcm mahalleleri d\u00fczenli olarak gezerek, halk\u0131n talep ve \u00f6nerilerini yerinde dinleyen Yeni\u015fehir Belediye Ba\u015fkan\u0131 Abdullah \u00d6zyi\u011fit son olarak Ayd\u0131nl\u0131kevler Mahallesi\u2019nde semt pazar\u0131nda vatanda\u015flarla bir araya geldi. Ba\u015fkan \u00d6zyi\u011fit, CHP Grup [&hellip;]<\/p>\n","protected":false},"author":2,"featured_media":33898,"comment_status":"closed","ping_status":"closed","sticky":false,"template":"","format":"standard","meta":{"footnotes":""},"categories":[3,5],"tags":[],"class_list":["post-33897","post","type-post","status-publish","format-standard","has-post-thumbnail","hentry","category-manset","category-mersin"],"views":17,"_links":{"self":[{"href":"https:\/\/mersinkadingazetesi.com\/index.php?rest_route=\/wp\/v2\/posts\/33897"}],"collection":[{"href":"https:\/\/mersinkadingazetesi.com\/index.php?rest_route=\/wp\/v2\/posts"}],"about":[{"href":"https:\/\/mersinkadingazetesi.com\/index.php?rest_route=\/wp\/v2\/types\/post"}],"author":[{"embeddable":true,"href":"https:\/\/mersinkadingazetesi.com\/index.php?rest_route=\/wp\/v2\/users\/2"}],"replies":[{"embeddable":true,"href":"https:\/\/mersinkadingazetesi.com\/index.php?rest_route=%2Fwp%2Fv2%2Fcomments&post=33897"}],"version-history":[{"count":1,"href":"https:\/\/mersinkadingazetesi.com\/index.php?rest_route=\/wp\/v2\/posts\/33897\/revisions"}],"predecessor-version":[{"id":33899,"href":"https:\/\/mersinkadingazetesi.com\/index.php?rest_route=\/wp\/v2\/posts\/33897\/revisions\/33899"}],"wp:featuredmedia":[{"embeddable":true,"href":"https:\/\/mersinkadingazetesi.com\/index.php?rest_route=\/wp\/v2\/media\/33898"}],"wp:attachment":[{"href":"https:\/\/mersinkadingazetesi.com\/index.php?rest_route=%2Fwp%2Fv2%2Fmedia&parent=33897"}],"wp:term":[{"taxonomy":"category","embeddable":true,"href":"https:\/\/mersinkadingazetesi.com\/index.php?rest_route=%2Fwp%2Fv2%2Fcategories&post=33897"},{"taxonomy":"post_tag","embeddable":true,"href":"https:\/\/mersinkadingazetesi.com\/index.php?rest_route=%2Fwp%2Fv2%2Ftags&post=33897"}],"curies":[{"name":"wp","href":"https:\/\/api.w.org\/{rel}","templated":true}]}}