{"id":33920,"date":"2024-07-16T11:53:24","date_gmt":"2024-07-16T08:53:24","guid":{"rendered":"https:\/\/mersinkadingazetesi.com\/?p=33920"},"modified":"2024-07-16T11:53:25","modified_gmt":"2024-07-16T08:53:25","slug":"gozlukule-hoyugunde-kazi-12-ay-yapilmalidir","status":"publish","type":"post","link":"https:\/\/mersinkadingazetesi.com\/?p=33920","title":{"rendered":"G\u00d6ZL\u00dcKULE H\u00d6Y\u00dc\u011e\u00dcNDE KAZI 12 AY YAPILMALIDIR"},"content":{"rendered":"\n<p>K\u00fclt\u00fcr ve Turizm Bakanl\u0131\u011f\u0131 2019 y\u0131l\u0131nda bir karar alarak kaz\u0131lar\u0131n 12 ay yap\u0131lmas\u0131n\u0131 ba\u015flatt\u0131. Tarsuslular, G\u00f6zl\u00fckule H\u00f6y\u00fc\u011f\u00fcndeki kaz\u0131lar\u0131nda 12 ay yap\u0131lmas\u0131n\u0131 talep ediyor.<\/p>\n\n\n\n<p>Anadolu&#8217;nun en \u00f6nemli h\u00f6y\u00fcklerinden biri Tarsus G\u00f6zl\u00fckule H\u00f6y\u00fc\u011f\u00fc&#8217;d\u00fcr. Kentin 10 bin y\u0131ll\u0131k tarihine \u0131\u015f\u0131k tutan ve ilk bilimsel kaz\u0131 1930&#8217;lu y\u0131llarda ba\u015flad\u0131. Daha sonra G\u00f6zl\u00fckule H\u00f6y\u00fc\u011f\u00fc kaz\u0131lar\u0131 2001 y\u0131l\u0131nda ba\u015flad\u0131 ve hala devam ediyor.<\/p>\n\n\n\n<p>Bo\u011fazi\u00e7i \u00dcniversitesi Tarih B\u00f6l\u00fcm\u00fc \u00d6\u011fretim \u00dcyesi Prof. Dr. G\u00fcnhan Dan\u0131\u015fman&#8217;\u0131n ba\u015fkanl\u0131\u011f\u0131nda 2000&#8217;de ba\u015flat\u0131lan G\u00f6zl\u00fckule H\u00f6y\u00fck kaz\u0131s\u0131 24 y\u0131ld\u0131r devam ediyor.<\/p>\n\n\n\n<p>Ayn\u0131 \u00fcniversiteden Prof. Dr. Asl\u0131 \u00d6zyar&#8217;\u0131n ekibiyle s\u00fcrd\u00fcrd\u00fc\u011f\u00fc kaz\u0131lar y\u0131lda bir kez ve toplamda 1 ay, 45 g\u00fcn en fazla iki ay yap\u0131l\u0131yor.<\/p>\n\n\n\n<p>Ancak kamuoyunun g\u00f6r\u00fc\u015f\u00fcnde g\u00f6re, bug\u00fcn gelinen noktada kaz\u0131da bir ilerleme yok. Arkeolojiden biraz anlayan bilir ki arkeolojik kaz\u0131lar i\u011fneyle kuyu kazar gibi yava\u015f ilerler. Ve 100 y\u0131l s\u00fcren kaz\u0131lar oldu\u011fu da bilinmektedir.<\/p>\n\n\n\n<p>Y\u0131lda sadece 1-2 ay yap\u0131lan kaz\u0131larla s\u00fcrenin bu kadar uzamas\u0131 ya da kaz\u0131n\u0131n yava\u015f ilerlemesi sonucunu do\u011furmaktad\u0131r.<\/p>\n\n\n\n<p>K\u00fclt\u00fcr ve Turizm Bakanl\u0131\u011f\u0131 2019 y\u0131l\u0131nda bir karar alarak kaz\u0131lar\u0131n 12 ay yap\u0131lmas\u0131n\u0131 ba\u015flatt\u0131.<\/p>\n\n\n\n<p>K\u00fclt\u00fcr ve Turizm Bakan\u0131 Mehmet Nuri Ersoy, konuyla ilgili olarak bas\u0131na ve kamuoyuna&nbsp;arkeolojik kaz\u0131lar\u0131 12 aya yayacaklar\u0131n\u0131 s\u00f6yleyerek,&nbsp;<em>&#8220;Binden fazla uzman ve 3 binden fazla i\u015f\u00e7iye ek istihdam olana\u011f\u0131 bu proje ile yarat\u0131lm\u0131\u015f olacak&#8221;&nbsp;<\/em>demi\u015fti.<\/p>\n\n\n\n<p>Bakanl\u0131\u011f\u0131n bu karar\u0131ndan sonra T\u00fcrkiye genelinde&nbsp;122 kaz\u0131 alan\u0131n\u0131 desteklemeye ba\u015flad\u0131. Mersin&#8217;de de bakanl\u0131k\u00e7a desteklenen ve 12 ay kaz\u0131 yap\u0131lacak 3 ya da 4 tane arkeolojik kaz\u0131 alan\u0131 bulunuyor. Ancak b\u00f6lgemizde 12 ay yap\u0131lacak kaz\u0131lar i\u00e7erisinde Tarsus&nbsp;G\u00f6zl\u00fckule H\u00f6y\u00fc\u011f\u00fc bulunmuyor.<\/p>\n\n\n\n<p>Tarsus&#8217;ta baz\u0131 sivil toplum kurulu\u015flar\u0131, bakanl\u0131k karar\u0131n\u0131n Tarsus&#8217;ta da uygulanmas\u0131 gerekti\u011fini savunarak,&nbsp;<em>&#8220;<\/em><em>Tarsus&#8217;un \u015fu an devam eden tek kaz\u0131s\u0131 olan&nbsp;G\u00f6zl\u00fckule H\u00f6y\u00fc\u011f\u00fcnde de 12 ay yap\u0131lmal\u0131d\u0131r.&#8221;<\/em>&nbsp;diyorlar.<\/p>\n\n\n\n<p>G\u00f6zl\u00fckule H\u00f6y\u00fc\u011f\u00fcnde kaz\u0131lar\u0131n 12 ay yap\u0131lmas\u0131 konusunda Tarsus Kent K\u00fclt\u00fcr Sanat Tan\u0131t\u0131m Derne\u011fi (Tarsader) ve Tarsus Ressamlar Derne\u011fi ile Aratos Felsefe Dergisi ve K\u00fclt\u00fcr Sanatevi&nbsp;&nbsp;g\u00f6r\u00fc\u015flerini belirttiler.<\/p>\n\n\n\n<p>Konuya ili\u015fkin a\u00e7\u0131klama yapan Tarsus Kent K\u00fclt\u00fcr Sanat Tan\u0131t\u0131m Derne\u011fi (Tarsader) Ba\u015fkan\u0131 emekli savc\u0131 Osman Homurlu,&nbsp;<em>&#8220;<\/em><em>K\u00fclt\u00fcr ve Turizm Bakanl\u0131\u011f\u0131na \u00c7a\u011fr\u0131m\u0131zd\u0131r: G\u00f6zl\u00fckle H\u00f6y\u00fc\u011f\u00fc kaz\u0131lar\u0131 12 ay s\u00fcrd\u00fcr\u00fclmelidir&#8221; ba\u015fl\u0131\u011f\u0131yla yapt\u0131\u011f\u0131 a\u00e7\u0131klamada, &#8220;D\u00fcnyan\u0131n en eski kentlerinden olan Tarsus&#8217;un ilk yerle\u015fim yeri oldu\u011fu bilinen G\u00f6zl\u00fckle&#8217;de 2001 y\u0131l\u0131ndan beri Bo\u011fazi\u00e7i \u00dcniversitesi Tarih B\u00f6l\u00fcm\u00fc taraf\u0131ndan her y\u0131l 1- 2 ay s\u00fcren k\u0131sa kaz\u0131 \u00e7al\u0131\u015fmalar\u0131 yap\u0131lmaktad\u0131r. Bu \u00e7ok k\u0131sa s\u00fcrelerde bir sonuca varmak olana\u011f\u0131 yoktur. K\u00fclt\u00fcr ve Turizm Bakanl\u0131\u011f\u0131m\u0131z\u0131n \u00f6nemli kaz\u0131lar\u0131n 12 ay s\u00fcrd\u00fcr\u00fclmesi karar\u0131 gere\u011fince, G\u00f6zl\u00fckle H\u00f6y\u00fc\u011f\u00fc kaz\u0131lar\u0131n\u0131n da 12 ay devam\u0131 gerekmektedir.<\/em><em><\/em><\/p>\n\n\n\n<p><em>Tarsus Belediyesi ve Mersin B\u00fcy\u00fck\u015fehir Belediyesi kaz\u0131ya her t\u00fcrl\u00fc katk\u0131y\u0131 verecek, i\u015f\u00e7i takviyesi de yapacakt\u0131r. Tarsader olarak, G\u00f6zl\u00fckle H\u00f6y\u00fc\u011f\u00fc Kaz\u0131 s\u00fcresinin 12 aya \u00e7\u0131kar\u0131lmas\u0131n\u0131 talep&nbsp;ediyoruz.&#8221;<\/em>&nbsp;diye konu\u015ftu.<\/p>\n\n\n\n<p>Tarsus Ressamlar Derne\u011fi Ba\u015fkan\u0131 Merve Tokg\u00f6z ise a\u00e7\u0131klamas\u0131nda,&nbsp;<em>&#8220;Tarsus&#8217;un k\u00fclt\u00fcrel miras\u0131n\u0131n geli\u015fimi ve sanata de\u011fer katan, G\u00f6zl\u00fckule H\u00f6y\u00fc\u011f\u00fcdeki kaz\u0131 \u00e7al\u0131\u015fmalar\u0131, K\u00fclt\u00fcr ve Turizmi Bakanl\u0131\u011f\u0131nca 12 ay desteklenmelidir. Tarsus ressamlar derne\u011fi ba\u015fkan\u0131 olarak G\u00f6zl\u00fckule H\u00f6y\u00fck kaz\u0131s\u0131n\u0131n 12 ay devam etmesini istiyorum&#8221;<\/em>&nbsp;dedi.<\/p>\n\n\n\n<p>Atat\u00fcrk\u00e7\u00fc D\u00fc\u015f\u00fcnce Derne\u011fi Ba\u015fkan\u0131 G\u00f6khan Arkan, G\u00f6zl\u00fckule H\u00f6y\u00fc\u011f\u00fcne dair \u015fu g\u00f6r\u00fc\u015fleri dile getirdi,&nbsp;<em>&#8220;Tarsus il\u00e7emizde, kentimizin 10 bin y\u0131ll\u0131k tarihine \u0131\u015f\u0131k tutan G\u00f6zl\u00fckule H\u00f6y\u00fc\u011f\u00fc kaz\u0131lar\u0131n\u0131n ivme kazanarak 12 ay s\u00fcrmesini bakanl\u0131\u011f\u0131m\u0131zdan talep ediyorum.&#8221;<\/em><\/p>\n\n\n\n<p>Aratos Felsefe Dergisi ve K\u00fclt\u00fcr Sanatevi y\u00f6netici gazeteci-yazar U\u011fur Pi\u015fmanl\u0131k,&nbsp;G\u00f6zl\u00fckule H\u00f6y\u00fc\u011f\u00fcn\u00fcn&nbsp;Anadolu&#8217;daki G\u00f6beklitepe, \u00c7atal H\u00f6y\u00fck, Alaca H\u00f6y\u00fck gibi \u00f6nemli bir de\u011ferde oldu\u011funu ifade ederek,&nbsp;<em>&#8220;Hatty Goldman&#8217;\u0131n 1930 ve &#8217;40&#8217;l\u0131 y\u0131llarda yapt\u0131\u011f\u0131 kaz\u0131larda ortaya \u00e7\u0131kan 33 katmanl\u0131 bir h\u00f6y\u00fck Tarsus&#8217;un tarihine \u0131\u015f\u0131k tutmas\u0131 a\u00e7\u0131s\u0131ndan elbette \u00e7ok \u00f6nemli. Bu kaz\u0131lar\u0131n y\u0131lda birka\u00e7 s\u00fcrmesi yerine bakanl\u0131\u011f\u0131n 12 ay kaz\u0131 karar\u0131na uyularak y\u0131la yay\u0131lmas\u0131 \u00e7ok daha anlaml\u0131 olur. Kaz\u0131n\u0131n s\u00fcreklili\u011fi, ortaya \u00e7\u0131kacak eserler ve bilgiler bir yan\u0131yla kent tarihine \u0131\u015f\u0131k tutacak ve ara\u015ft\u0131rmac\u0131lara a\u00e7\u0131lacak di\u011fer yan\u0131yla da turizme a\u00e7\u0131lacak ve Tarsus&#8217;un tan\u0131t\u0131m\u0131na hizmet edecektir. Yetkililer, bunlar\u0131 dikkate alarak&nbsp;<\/em><em>G\u00f6zl\u00fckule H\u00f6y\u00fck kaz\u0131s\u0131n\u0131n 12 ay yap\u0131lmas\u0131n\u0131 sa\u011flamal\u0131d\u0131r&#8221;<\/em>&nbsp;diye konu\u015ftu.<\/p>\n\n\n\n<p>&nbsp;&nbsp;&nbsp;&nbsp;&nbsp;&nbsp;&nbsp;&nbsp;&nbsp;&nbsp;&nbsp;&nbsp;&nbsp;&nbsp;&nbsp;&nbsp;Edinilen bilgiye g\u00f6re,&nbsp;ancak sadece y\u0131lda yaz\u0131n 2 ay olarak yap\u0131lan G\u00f6zl\u00fckule H\u00f6y\u00fc\u011f\u00fc kaz\u0131s\u0131 \u015fu an A\u011fustos ay\u0131 itibariyle devam ediyor.&nbsp;<\/p>\n","protected":false},"excerpt":{"rendered":"<p>K\u00fclt\u00fcr ve Turizm Bakanl\u0131\u011f\u0131 2019 y\u0131l\u0131nda bir karar alarak kaz\u0131lar\u0131n 12 ay yap\u0131lmas\u0131n\u0131 ba\u015flatt\u0131. Tarsuslular, G\u00f6zl\u00fckule H\u00f6y\u00fc\u011f\u00fcndeki kaz\u0131lar\u0131nda 12 ay yap\u0131lmas\u0131n\u0131 talep ediyor. Anadolu&#8217;nun en \u00f6nemli h\u00f6y\u00fcklerinden biri Tarsus G\u00f6zl\u00fckule H\u00f6y\u00fc\u011f\u00fc&#8217;d\u00fcr. Kentin 10 bin y\u0131ll\u0131k tarihine \u0131\u015f\u0131k tutan ve ilk bilimsel kaz\u0131 1930&#8217;lu y\u0131llarda ba\u015flad\u0131. Daha sonra G\u00f6zl\u00fckule H\u00f6y\u00fc\u011f\u00fc kaz\u0131lar\u0131 2001 y\u0131l\u0131nda ba\u015flad\u0131 ve hala [&hellip;]<\/p>\n","protected":false},"author":2,"featured_media":33921,"comment_status":"closed","ping_status":"closed","sticky":false,"template":"","format":"standard","meta":{"footnotes":""},"categories":[2,3],"tags":[],"class_list":["post-33920","post","type-post","status-publish","format-standard","has-post-thumbnail","hentry","category-gundem","category-manset"],"views":10,"_links":{"self":[{"href":"https:\/\/mersinkadingazetesi.com\/index.php?rest_route=\/wp\/v2\/posts\/33920"}],"collection":[{"href":"https:\/\/mersinkadingazetesi.com\/index.php?rest_route=\/wp\/v2\/posts"}],"about":[{"href":"https:\/\/mersinkadingazetesi.com\/index.php?rest_route=\/wp\/v2\/types\/post"}],"author":[{"embeddable":true,"href":"https:\/\/mersinkadingazetesi.com\/index.php?rest_route=\/wp\/v2\/users\/2"}],"replies":[{"embeddable":true,"href":"https:\/\/mersinkadingazetesi.com\/index.php?rest_route=%2Fwp%2Fv2%2Fcomments&post=33920"}],"version-history":[{"count":1,"href":"https:\/\/mersinkadingazetesi.com\/index.php?rest_route=\/wp\/v2\/posts\/33920\/revisions"}],"predecessor-version":[{"id":33922,"href":"https:\/\/mersinkadingazetesi.com\/index.php?rest_route=\/wp\/v2\/posts\/33920\/revisions\/33922"}],"wp:featuredmedia":[{"embeddable":true,"href":"https:\/\/mersinkadingazetesi.com\/index.php?rest_route=\/wp\/v2\/media\/33921"}],"wp:attachment":[{"href":"https:\/\/mersinkadingazetesi.com\/index.php?rest_route=%2Fwp%2Fv2%2Fmedia&parent=33920"}],"wp:term":[{"taxonomy":"category","embeddable":true,"href":"https:\/\/mersinkadingazetesi.com\/index.php?rest_route=%2Fwp%2Fv2%2Fcategories&post=33920"},{"taxonomy":"post_tag","embeddable":true,"href":"https:\/\/mersinkadingazetesi.com\/index.php?rest_route=%2Fwp%2Fv2%2Ftags&post=33920"}],"curies":[{"name":"wp","href":"https:\/\/api.w.org\/{rel}","templated":true}]}}