{"id":33923,"date":"2024-07-16T11:54:08","date_gmt":"2024-07-16T08:54:08","guid":{"rendered":"https:\/\/mersinkadingazetesi.com\/?p=33923"},"modified":"2024-07-16T11:54:08","modified_gmt":"2024-07-16T08:54:08","slug":"turkiye-genelinde-tarim-alanlari-yuzde-2-daraldi","status":"publish","type":"post","link":"https:\/\/mersinkadingazetesi.com\/?p=33923","title":{"rendered":"&#8216;T\u00dcRK\u0130YE GENEL\u0130NDE TARIM ALANLARI Y\u00dcZDE 2 DARALDI"},"content":{"rendered":"\n<p>MERS\u0130N&#8217;DE Y\u00dcZDE 14 D\u00dc\u015eT\u00dc!&#8217;<\/p>\n\n\n\n<p>Mersin Ticaret Borsas\u0131 Ba\u015fkan \u00d6. Abdullah \u00d6zdemir, Mersin Tar\u0131m ve G\u0131da Sekt\u00f6r\u00fc hakk\u0131nda de\u011ferlendirmelerde bulundu.<\/p>\n\n\n\n<p>Tar\u0131m ve g\u0131da sekt\u00f6r\u00fcn\u00fcn, Mersin&#8217;i T\u00fcrkiye&#8217;nin en \u00f6nemli \u00fcretim ve ihracat merkezlerinden biri yapt\u0131\u011f\u0131n\u0131 s\u00f6yleyen \u00d6zdemir, &#8220;\u00dcretim a\u00e7\u0131s\u0131ndan bak\u0131ld\u0131\u011f\u0131nda, Mersin T\u00fcrkiye&#8217;de meyve \u00fcretiminde birinci, sebze \u00fcretiminde ise \u00fc\u00e7\u00fcnc\u00fc s\u0131radad\u0131r. Tar\u0131msal ihracatta ise \u00fclke genelinde d\u00f6rd\u00fcnc\u00fc konumdad\u0131r.&nbsp;T\u00fcrkiye \u0130hracat\u00e7\u0131lar Meclisi verilerine g\u00f6re, 2023 y\u0131l\u0131nda Mersin&#8217;den 17 firma T\u00fcrkiye\u2019nin \u0130lk bin \u0130hracat\u00e7\u0131s\u0131 listesine girmi\u015ftir. Bu firmalar\u0131n 12&#8217;si tar\u0131m ve g\u0131da sekt\u00f6r\u00fcnde faaliyet g\u00f6stermektedir, bu da sekt\u00f6r\u00fcn Mersin ekonomisi a\u00e7\u0131s\u0131ndan \u00f6nemini a\u00e7\u0131k\u00e7a ortaya koymaktad\u0131r.&#8221; dedi.<\/p>\n\n\n\n<p>&#8220;Mersin&#8217;in bitkisel \u00fcretim de\u011feri dolar baz\u0131nda y\u00fczde 30 geriledi&#8221;<\/p>\n\n\n\n<p>Ancak Mersin&#8217;in tar\u0131m ve g\u0131dada sahip oldu\u011fu potansiyeli hem has\u0131las\u0131na hem de ihracat\u0131na tam olarak yans\u0131tamad\u0131\u011f\u0131n\u0131&nbsp; belirten \u00d6zdemir, &#8220;Veriler de bu durumu do\u011fruluyor. T\u00fcrkiye, 2010 y\u0131l\u0131nda 70 milyar dolar tar\u0131msal has\u0131la ile en y\u00fcksek de\u011fere ula\u015fm\u0131\u015ft\u0131, ancak bu rakam kademeli olarak azalarak 45 milyar dolara kadar geriledi. Bug\u00fcn gelinen noktada ise 68,5 milyar dolar seviyesine ula\u015fabildik. Mersin&#8217;in tar\u0131msal has\u0131las\u0131 ayn\u0131 d\u00f6nemde 2,5 milyar dolardan 2,2 milyar dolara d\u00fc\u015ferek y\u00fczde 12 de\u011fer kaybetti. \u00dcstelik, bu d\u00f6nemde \u00fclke n\u00fcfusu y\u00fczde 17, Mersin n\u00fcfusu ise y\u00fczde 19 artt\u0131. 2010&#8217;dan bu yana T\u00fcrkiye genelinde tar\u0131m alanlar\u0131 y\u00fczde 2 daral\u0131rken, Mersin&#8217;de y\u00fczde 14 d\u00fc\u015ft\u00fc ve Mersin&#8217;in bitkisel \u00fcretim de\u011feri dolar baz\u0131nda y\u00fczde 30 geriledi.&nbsp;Bu olumsuz tabloyu tersine \u00e7evirmek i\u00e7in, Tar\u0131m ve Orman Bakanl\u0131\u011f\u0131m\u0131z\u0131n tar\u0131msal \u00fcretimin planlanmas\u0131 hususunda att\u0131\u011f\u0131 ad\u0131mlar\u0131 \u00e7ok de\u011ferli buluyoruz.&#8221; \u015feklinde konu\u015ftu.<\/p>\n\n\n\n<p>&#8220;Topraklar\u0131m\u0131zdan azami verim al\u0131nmal\u0131&#8221;<\/p>\n\n\n\n<p>Beklentilerinin, yeni \u00fcretim planlamas\u0131n\u0131n ilk a\u015famada Mersin&#8217;in g\u00fc\u00e7l\u00fc oldu\u011fu meyve ve sebze sekt\u00f6r\u00fcndeki konumunu korumaya ve geli\u015ftirmeye \u00f6ncelik vermesi oldu\u011funu ifade eden \u00d6zdemir, &#8220;\u0130kinci a\u015famada ise, Ticaret Bakanl\u0131\u011f\u0131m\u0131z ve sekt\u00f6r bile\u015fenleri ile koordinasyon i\u00e7inde, iklim, toprak, topo\u011frafya ve su k\u0131s\u0131t\u0131 gibi co\u011frafyam\u0131z\u0131n temel \u00f6zelliklerini esas alarak, d\u00fcnya ticaretinde g\u00f6receli olarak \u00fcst\u00fcnl\u00fcklere sahip \u00fcr\u00fcnler ile \u00fcr\u00fcn desenimizi geni\u015fletecek ve pazar \u00e7e\u015fitlili\u011fimizi art\u0131racak politikalar \u00fcretilmelidir. \u00d6rne\u011fin, avokado i\u00e7in d\u00fcnya genelinde 8,5 milyar dolarl\u0131k bir pazar var. Benzer nitelikte \u00fcr\u00fcnlerden mango ve kivi i\u00e7in 4&#8217;er milyar, ananas ve ahududu i\u00e7in de 3&#8217;er milyar dolarl\u0131k ticaret hacmi bulunmaktad\u0131r. Co\u011frafyam\u0131za uygun ve birim ihracat de\u011feri y\u00fcksek bu t\u00fcr tropikal ve subtropikal \u00fcr\u00fcnlerle topraklar\u0131m\u0131zdan azami verim al\u0131nmal\u0131d\u0131r. Bu d\u00f6n\u00fc\u015f\u00fcm\u00fcn ger\u00e7ekle\u015fmesi ve te\u015fviki i\u00e7in Bakanl\u0131\u011f\u0131m\u0131z taraf\u0131ndan pazar ara\u015ft\u0131rmas\u0131 deste\u011fi verilmelidir.&nbsp;Mersin\u2019in \u00f6zellikle katma de\u011feri y\u00fcksek \u00fcr\u00fcnler ile tar\u0131m ve g\u0131da sekt\u00f6r\u00fcndeki gelece\u011finin planlanmas\u0131 a\u00e7\u0131s\u0131ndan, Sanayi ve Teknoloji Bakanl\u0131\u011f\u0131m\u0131z\u0131n yat\u0131r\u0131m te\u015fvik sistemi b\u00fcy\u00fck \u00f6nem ta\u015f\u0131maktad\u0131r. Mersin, yat\u0131r\u0131m te\u015fvik sisteminde \u00fc\u00e7\u00fcnc\u00fc b\u00f6lgede bulunmaktad\u0131r. Mersin\u2019in tar\u0131m ve g\u0131da sekt\u00f6r\u00fcnde s\u0131\u00e7rama yaratabilmesi i\u00e7in \u00f6nerimiz, bu sekt\u00f6rde yap\u0131lacak ve gerekli ko\u015fullar\u0131 sa\u011flayan her t\u00fcrl\u00fc yat\u0131r\u0131m\u0131n belirli bir s\u00fcre i\u00e7in be\u015finci b\u00f6lge kapsam\u0131nda de\u011ferlendirilmesidir. B\u00f6ylece mevcut sermayenin yat\u0131r\u0131ma, \u00fcretime, ihracata ve istihdama d\u00f6n\u00fc\u015f\u00fcm\u00fcn\u00fcn \u00f6n\u00fc a\u00e7\u0131lacakt\u0131r.&#8221; ifadelerini kulland\u0131.<\/p>\n\n\n\n<p>&#8220;Mersin ihracat\u0131n\u0131n y\u00fczde 35&#8217;i sadece narenciye ve bakliyattan geliyor&#8221;<\/p>\n\n\n\n<p>\u00d6zdemir \u015f\u00f6yle devam etti;<\/p>\n\n\n\n<p>&#8220;On \u0130kinci Kalk\u0131nma Plan\u0131nda sekt\u00f6r\u00fcm\u00fcz i\u00e7in \u201c\u00dcr\u00fcn \u00e7e\u015fitlili\u011fi ve markala\u015fma ile uluslararas\u0131 rekabet\u00e7ili\u011fin art\u0131r\u0131lmas\u0131 sa\u011flanarak ihracat gelirleri art\u0131r\u0131lacakt\u0131r\u201d vurgusu yap\u0131lmaktad\u0131r. Bu do\u011frultuda, ilgili Bakanl\u0131klar\u0131m\u0131zdan olumlu ad\u0131mlar atmalar\u0131n\u0131 arzu ediyoruz. \u00d6zel Ticaret Sistemi verilerine g\u00f6re, Mersin ihracat\u0131n\u0131n y\u00fczde 35&#8217;i sadece narenciye ve bakliyattan gelmektedir. Ancak pazarda tutunabilmek i\u00e7in bu \u00fcr\u00fcnleri rekabet i\u00e7inde oldu\u011fumuz \u00fclkelere k\u0131yasla daha ucuza ihra\u00e7 ediyoruz. Bilhassa markala\u015fma y\u00f6n\u00fcnde uygulanacak politikalar ile uluslararas\u0131 pazarlarda rekabet\u00e7i g\u00fcc\u00fcm\u00fcz\u00fc art\u0131rabiliriz.&nbsp;\u0130limizin tar\u0131msal \u00fcretimini, bitkisel \u00fcretim de\u011ferini, tar\u0131msal has\u0131las\u0131n\u0131 ve tar\u0131msal ihracat\u0131n\u0131 art\u0131rarak sahip oldu\u011fu potansiyeli daha g\u00fc\u00e7l\u00fc bir \u015fekilde hayata ge\u00e7irmek i\u00e7in \u00f6n\u00fcm\u00fczdeki y\u0131llar\u0131 bug\u00fcnden planlamal\u0131y\u0131z. Devletimizden beklentimiz, \u00fcretilen ve ihra\u00e7 edilen her bir \u00fcr\u00fcn\u00fc milli servet olarak g\u00f6rmesi ve bu ama\u00e7 do\u011frultusunda \u00f6nerilerimizin dikkate al\u0131narak kar\u015f\u0131l\u0131k bulmas\u0131d\u0131r. Bu potansiyelin verimli bir \u015fekilde de\u011ferlendirilmesi, hem ilimizin d\u0131\u015f ticarette net ihracat\u00e7\u0131 olan pozisyonunu g\u00fc\u00e7lendirecek hem de Mersinli firmalar\u0131n ulusal ve uluslararas\u0131 listelerde daha fazla say\u0131 ile yer almas\u0131n\u0131 sa\u011flayacakt\u0131r.&#8221;<\/p>\n","protected":false},"excerpt":{"rendered":"<p>MERS\u0130N&#8217;DE Y\u00dcZDE 14 D\u00dc\u015eT\u00dc!&#8217; Mersin Ticaret Borsas\u0131 Ba\u015fkan \u00d6. Abdullah \u00d6zdemir, Mersin Tar\u0131m ve G\u0131da Sekt\u00f6r\u00fc hakk\u0131nda de\u011ferlendirmelerde bulundu. Tar\u0131m ve g\u0131da sekt\u00f6r\u00fcn\u00fcn, Mersin&#8217;i T\u00fcrkiye&#8217;nin en \u00f6nemli \u00fcretim ve ihracat merkezlerinden biri yapt\u0131\u011f\u0131n\u0131 s\u00f6yleyen \u00d6zdemir, &#8220;\u00dcretim a\u00e7\u0131s\u0131ndan bak\u0131ld\u0131\u011f\u0131nda, Mersin T\u00fcrkiye&#8217;de meyve \u00fcretiminde birinci, sebze \u00fcretiminde ise \u00fc\u00e7\u00fcnc\u00fc s\u0131radad\u0131r. Tar\u0131msal ihracatta ise \u00fclke genelinde d\u00f6rd\u00fcnc\u00fc konumdad\u0131r.&nbsp;T\u00fcrkiye [&hellip;]<\/p>\n","protected":false},"author":2,"featured_media":16008,"comment_status":"closed","ping_status":"closed","sticky":false,"template":"","format":"standard","meta":{"footnotes":""},"categories":[8,34,2,3,5],"tags":[],"class_list":["post-33923","post","type-post","status-publish","format-standard","has-post-thumbnail","hentry","category-ekonomi","category-flas-haber","category-gundem","category-manset","category-mersin"],"views":16,"_links":{"self":[{"href":"https:\/\/mersinkadingazetesi.com\/index.php?rest_route=\/wp\/v2\/posts\/33923"}],"collection":[{"href":"https:\/\/mersinkadingazetesi.com\/index.php?rest_route=\/wp\/v2\/posts"}],"about":[{"href":"https:\/\/mersinkadingazetesi.com\/index.php?rest_route=\/wp\/v2\/types\/post"}],"author":[{"embeddable":true,"href":"https:\/\/mersinkadingazetesi.com\/index.php?rest_route=\/wp\/v2\/users\/2"}],"replies":[{"embeddable":true,"href":"https:\/\/mersinkadingazetesi.com\/index.php?rest_route=%2Fwp%2Fv2%2Fcomments&post=33923"}],"version-history":[{"count":1,"href":"https:\/\/mersinkadingazetesi.com\/index.php?rest_route=\/wp\/v2\/posts\/33923\/revisions"}],"predecessor-version":[{"id":33924,"href":"https:\/\/mersinkadingazetesi.com\/index.php?rest_route=\/wp\/v2\/posts\/33923\/revisions\/33924"}],"wp:featuredmedia":[{"embeddable":true,"href":"https:\/\/mersinkadingazetesi.com\/index.php?rest_route=\/wp\/v2\/media\/16008"}],"wp:attachment":[{"href":"https:\/\/mersinkadingazetesi.com\/index.php?rest_route=%2Fwp%2Fv2%2Fmedia&parent=33923"}],"wp:term":[{"taxonomy":"category","embeddable":true,"href":"https:\/\/mersinkadingazetesi.com\/index.php?rest_route=%2Fwp%2Fv2%2Fcategories&post=33923"},{"taxonomy":"post_tag","embeddable":true,"href":"https:\/\/mersinkadingazetesi.com\/index.php?rest_route=%2Fwp%2Fv2%2Ftags&post=33923"}],"curies":[{"name":"wp","href":"https:\/\/api.w.org\/{rel}","templated":true}]}}