{"id":33943,"date":"2024-07-17T10:48:11","date_gmt":"2024-07-17T07:48:11","guid":{"rendered":"https:\/\/mersinkadingazetesi.com\/?p=33943"},"modified":"2024-07-17T10:48:11","modified_gmt":"2024-07-17T07:48:11","slug":"vincent-ng-mersin-uluslararasi-limaninin-mip-yeni-yonetim-kurulu-baskani-olarak-atandi","status":"publish","type":"post","link":"https:\/\/mersinkadingazetesi.com\/?p=33943","title":{"rendered":"Vincent NG Mersin Uluslararas\u0131 Liman\u0131&#8217;n\u0131n (MIP) yeni Y\u00f6netim Kurulu Ba\u015fkan\u0131 olarak atand\u0131"},"content":{"rendered":"\n<p>PSA&#8217;n\u0131n Avrupa ve Akdeniz (EuroMed) ve Orta Do\u011fu ve G\u00fcney Asya (MESA) b\u00f6lgelerinin CEO&#8217;su Vincent NG, 26 Haziran 2024 tarihinde \u015firketin y\u0131ll\u0131k Genel Kurul Toplant\u0131s\u0131 s\u0131ras\u0131nda Mersin Uluslararas\u0131 Liman\u0131&#8217;n\u0131n (MIP) yeni Y\u00f6netim Kurulu Ba\u015fkan\u0131 olarak atand\u0131. B\u00f6ylece NG, k\u0131sa bir s\u00fcre \u00f6nce PSA&#8217;n\u0131n EuroMed b\u00f6lgesi CEO&#8217;lu\u011fundan ayr\u0131lan David Yang&#8217;\u0131n yerine ge\u00e7ti.&nbsp;<\/p>\n\n\n\n<p>2012 ile 2023 y\u0131llar\u0131 aras\u0131nda EuroMed ve Amerika k\u0131tas\u0131n\u0131n b\u00f6lgesel CFO&#8217;su olarak g\u00f6rev yapan Vincent NG, 2006 ile 2008 y\u0131llar\u0131 aras\u0131nda MIP&#8217;de derin deniz terminalleri CFO&#8217;su olarak g\u00f6rev yapt\u0131.<\/p>\n\n\n\n<p>Mersin ziyareti s\u0131ras\u0131nda MIP Genel M\u00fcd\u00fcr\u00fc Ajay Kumar Singh ile birlikte Mersin Vali Yard\u0131mc\u0131s\u0131 ve Mersin Liman M\u00fclki \u0130dare Amiri \u0130brahim K\u00fc\u00e7\u00fck ve Mersin B\u00fcy\u00fck\u015fehir Belediye Ba\u015fkan\u0131 Vahap Se\u00e7er ile bir araya gelen Vincent NG, MIP&#8217;nin T\u00fcrkiye&#8217;nin b\u00fcy\u00fcme hik\u00e2yesine olan ba\u011fl\u0131l\u0131\u011f\u0131n\u0131 teyit etti.&nbsp;<\/p>\n\n\n\n<p><strong>Vincent NG hakk\u0131nda:<\/strong><\/p>\n\n\n\n<p>PSA EuroMed ve MESA&#8217;n\u0131n mevcut b\u00f6lgesel CEO&#8217;su olan Vincent NG, PSA i\u015ftirakleri ve ortak giri\u015fimlerinde bir dizi y\u00f6netim kurulunda g\u00f6rev yap\u0131yor. Sorumluluklar\u0131 aras\u0131nda stratejik b\u00fcy\u00fcmeyi y\u00f6nlendirmek, operasyonel m\u00fckemmelli\u011fi sa\u011flamak ve EuroMed ve MESA&#8217;n\u0131n geni\u015fleyen pazarlar\u0131nda ortaya \u00e7\u0131kan f\u0131rsatlardan yararlanmak yer al\u0131yor. Ayn\u0131 zamanda PSA International&#8217;\u0131n \u00dcst Y\u00f6netim Konseyi&#8217;nde de yer aln NG, bundan \u00f6nce bir y\u0131l boyunca PSA&#8217;n\u0131n tedarik zinciri \u00e7\u00f6z\u00fcmleri birimi olan PSA BDP&#8217;nin Kurumsal B\u00fcy\u00fcme CEO&#8217;su ve Finans Direkt\u00f6r\u00fc olarak g\u00f6rev yapt\u0131.<\/p>\n\n\n\n<p>NG, PSA&#8217;ya 1998 y\u0131l\u0131nda muhasebede g\u00f6rev alarak kat\u0131ld\u0131 ve o zamandan beri kurulu\u015f i\u00e7inde bir\u00e7ok farkl\u0131 g\u00f6revde bulundu. Ayn\u0131 zamanda 2008 y\u0131l\u0131nda MIP&#8217;yi kuran ekibin CFO&#8217;su olarak g\u00f6rev yapm\u0131\u015ft\u0131.<\/p>\n\n\n\n<p>NG, MIP&#8217;de ge\u00e7irdi\u011fi 15 ay\u0131n ard\u0131ndan 2008 y\u0131l\u0131nda PSA International&#8217;\u0131n Finans ekibinin Ba\u015fkan Yard\u0131mc\u0131s\u0131 olmu\u015f ve iki y\u0131l sonra MESA B\u00f6lgesi CFO&#8217;lu\u011funa terfi etti.<\/p>\n\n\n\n<p>NG, 2012 ve 2022 y\u0131llar\u0131 aras\u0131nda PSA EuroMed ve Amerika (EMA) B\u00f6lgesel CFO&#8217;su olarak g\u00f6rev yapm\u0131\u015ft\u0131r. Bu s\u00fcre zarf\u0131nda, MIP de dahil olmak \u00fczere PSA&#8217;n\u0131n b\u00f6lgedeki t\u00fcm i\u015ftiraklerinin ve ortak giri\u015fimlerinin finansal y\u00f6netiminden sorumlu olarak i\u015f geli\u015ftirme stratejilerinin ve giri\u015fimlerinin y\u00f6netiminde kilit bir rol oynam\u0131\u015ft\u0131r.<\/p>\n\n\n\n<p>NG, Singapur Nanyang Teknoloji \u00dcniversitesi Muhasebe b\u00f6l\u00fcm\u00fcnden onur derecesiyle mezun olmu\u015f, PSA&#8217;n\u0131n bir\u00e7ok projesinde \u00f6nemli bir de\u011fi\u015fim kataliz\u00f6r\u00fc olarak yapt\u0131\u011f\u0131 katk\u0131lardan dolay\u0131 2016 y\u0131l\u0131nda PSA K\u00fcresel \u015eampiyon \u00d6d\u00fcl\u00fc&#8217;n\u00fc alm\u0131\u015ft\u0131r.<\/p>\n\n\n\n<p>Vincent NG atanmas\u0131yla ilgili olarak \u015funlar\u0131 s\u00f6ylemi\u015ftir: &#8220;Mersin Liman\u0131&#8217;n\u0131n ve b\u00f6lgenin muazzam b\u00fcy\u00fcme potansiyelini hayata ge\u00e7irmek \u00fczere MIP ekibi ve t\u00fcm payda\u015flarla yak\u0131n bir \u015fekilde \u00e7al\u0131\u015fmay\u0131 d\u00f6rt g\u00f6zle bekliyorum. \u00d6zellikle East Med Hub 2 geni\u015fleme projesinin tamamlanmak \u00fczere olmas\u0131ndan dolay\u0131 heyecanl\u0131y\u0131m zira bu proje MIP&#8217;nin kapasitesini ve kabiliyetlerini \u00f6nemli \u00f6l\u00e7\u00fcde art\u0131racakt\u0131r.&#8221;<\/p>\n","protected":false},"excerpt":{"rendered":"<p>PSA&#8217;n\u0131n Avrupa ve Akdeniz (EuroMed) ve Orta Do\u011fu ve G\u00fcney Asya (MESA) b\u00f6lgelerinin CEO&#8217;su Vincent NG, 26 Haziran 2024 tarihinde \u015firketin y\u0131ll\u0131k Genel Kurul Toplant\u0131s\u0131 s\u0131ras\u0131nda Mersin Uluslararas\u0131 Liman\u0131&#8217;n\u0131n (MIP) yeni Y\u00f6netim Kurulu Ba\u015fkan\u0131 olarak atand\u0131. B\u00f6ylece NG, k\u0131sa bir s\u00fcre \u00f6nce PSA&#8217;n\u0131n EuroMed b\u00f6lgesi CEO&#8217;lu\u011fundan ayr\u0131lan David Yang&#8217;\u0131n yerine ge\u00e7ti.&nbsp; 2012 ile 2023 y\u0131llar\u0131 [&hellip;]<\/p>\n","protected":false},"author":2,"featured_media":33944,"comment_status":"closed","ping_status":"closed","sticky":false,"template":"","format":"standard","meta":{"footnotes":""},"categories":[7,1,3],"tags":[],"class_list":["post-33943","post","type-post","status-publish","format-standard","has-post-thumbnail","hentry","category-dunya","category-genel","category-manset"],"views":10,"_links":{"self":[{"href":"https:\/\/mersinkadingazetesi.com\/index.php?rest_route=\/wp\/v2\/posts\/33943"}],"collection":[{"href":"https:\/\/mersinkadingazetesi.com\/index.php?rest_route=\/wp\/v2\/posts"}],"about":[{"href":"https:\/\/mersinkadingazetesi.com\/index.php?rest_route=\/wp\/v2\/types\/post"}],"author":[{"embeddable":true,"href":"https:\/\/mersinkadingazetesi.com\/index.php?rest_route=\/wp\/v2\/users\/2"}],"replies":[{"embeddable":true,"href":"https:\/\/mersinkadingazetesi.com\/index.php?rest_route=%2Fwp%2Fv2%2Fcomments&post=33943"}],"version-history":[{"count":1,"href":"https:\/\/mersinkadingazetesi.com\/index.php?rest_route=\/wp\/v2\/posts\/33943\/revisions"}],"predecessor-version":[{"id":33945,"href":"https:\/\/mersinkadingazetesi.com\/index.php?rest_route=\/wp\/v2\/posts\/33943\/revisions\/33945"}],"wp:featuredmedia":[{"embeddable":true,"href":"https:\/\/mersinkadingazetesi.com\/index.php?rest_route=\/wp\/v2\/media\/33944"}],"wp:attachment":[{"href":"https:\/\/mersinkadingazetesi.com\/index.php?rest_route=%2Fwp%2Fv2%2Fmedia&parent=33943"}],"wp:term":[{"taxonomy":"category","embeddable":true,"href":"https:\/\/mersinkadingazetesi.com\/index.php?rest_route=%2Fwp%2Fv2%2Fcategories&post=33943"},{"taxonomy":"post_tag","embeddable":true,"href":"https:\/\/mersinkadingazetesi.com\/index.php?rest_route=%2Fwp%2Fv2%2Ftags&post=33943"}],"curies":[{"name":"wp","href":"https:\/\/api.w.org\/{rel}","templated":true}]}}