{"id":33948,"date":"2024-07-17T12:40:41","date_gmt":"2024-07-17T09:40:41","guid":{"rendered":"https:\/\/mersinkadingazetesi.com\/?p=33948"},"modified":"2024-07-17T12:40:41","modified_gmt":"2024-07-17T09:40:41","slug":"emekli-kirasini-mi-odesin-karnini-mi-doyursun","status":"publish","type":"post","link":"https:\/\/mersinkadingazetesi.com\/?p=33948","title":{"rendered":"Emekli kiras\u0131n\u0131 m\u0131 \u00f6desin, karn\u0131n\u0131 m\u0131 doyursun?"},"content":{"rendered":"\n<p>Emekli maa\u015f\u0131na yap\u0131lan 2 bin 500 liral\u0131k zamla ilgili meclis genel Kurulunda konu\u015fan CHP Mersin Milletvekili G\u00fclcan K\u0131\u015f, h\u00fck\u00fcmetin emeklileri yoksulla\u015ft\u0131rma politikas\u0131n\u0131n s\u00fcrd\u00fc\u011f\u00fcn\u00fc s\u00f6yledi.<\/p>\n\n\n\n<p>CHP Mersin Milletvekili G\u00fclcan K\u0131\u015f, \u201cG\u00fcnlerdir toplant\u0131 \u00fcst\u00fcne toplant\u0131 yapan AKP\u2019nin ekonomi kurmaylar\u0131 a\u00e7l\u0131k s\u0131n\u0131r\u0131n\u0131n asgari \u00fccreti ge\u00e7ti\u011fi bir d\u00f6nemde emekliye 2 bin 500 lira art\u0131\u015f\u0131 lay\u0131k g\u00f6rm\u00fc\u015ft\u00fcr. Sizlere \u00f6rnek veriyorum. Mersin\u2019de en d\u00fc\u015f\u00fck kira bedeli 15 bin lira iken bir emekli 12 bin 500 lira ile kiras\u0131n\u0131 m\u0131 \u00f6desin, ge\u00e7imini mi sa\u011flas\u0131n? Emeklilerimize kiras\u0131n\u0131 \u00f6demek bir yana kendini doyuramayacak noktaya 22 y\u0131ll\u0131k AKP iktidar\u0131 getirmi\u015ftir. Ama biz buradan CHP olarak s\u00f6z veriyoruz. Emeklilerimiz Avrupa\u2019daki emekliler gibi rahat etmeden, huzur bulmadan, y\u00fczleri g\u00fclmeden sizleri rahat ettirmeyece\u011fiz\u201d dedi.<\/p>\n","protected":false},"excerpt":{"rendered":"<p>Emekli maa\u015f\u0131na yap\u0131lan 2 bin 500 liral\u0131k zamla ilgili meclis genel Kurulunda konu\u015fan CHP Mersin Milletvekili G\u00fclcan K\u0131\u015f, h\u00fck\u00fcmetin emeklileri yoksulla\u015ft\u0131rma politikas\u0131n\u0131n s\u00fcrd\u00fc\u011f\u00fcn\u00fc s\u00f6yledi. CHP Mersin Milletvekili G\u00fclcan K\u0131\u015f, \u201cG\u00fcnlerdir toplant\u0131 \u00fcst\u00fcne toplant\u0131 yapan AKP\u2019nin ekonomi kurmaylar\u0131 a\u00e7l\u0131k s\u0131n\u0131r\u0131n\u0131n asgari \u00fccreti ge\u00e7ti\u011fi bir d\u00f6nemde emekliye 2 bin 500 lira art\u0131\u015f\u0131 lay\u0131k g\u00f6rm\u00fc\u015ft\u00fcr. Sizlere \u00f6rnek veriyorum. [&hellip;]<\/p>\n","protected":false},"author":2,"featured_media":33949,"comment_status":"closed","ping_status":"closed","sticky":false,"template":"","format":"standard","meta":{"footnotes":""},"categories":[8],"tags":[],"class_list":["post-33948","post","type-post","status-publish","format-standard","has-post-thumbnail","hentry","category-ekonomi"],"views":9,"_links":{"self":[{"href":"https:\/\/mersinkadingazetesi.com\/index.php?rest_route=\/wp\/v2\/posts\/33948"}],"collection":[{"href":"https:\/\/mersinkadingazetesi.com\/index.php?rest_route=\/wp\/v2\/posts"}],"about":[{"href":"https:\/\/mersinkadingazetesi.com\/index.php?rest_route=\/wp\/v2\/types\/post"}],"author":[{"embeddable":true,"href":"https:\/\/mersinkadingazetesi.com\/index.php?rest_route=\/wp\/v2\/users\/2"}],"replies":[{"embeddable":true,"href":"https:\/\/mersinkadingazetesi.com\/index.php?rest_route=%2Fwp%2Fv2%2Fcomments&post=33948"}],"version-history":[{"count":1,"href":"https:\/\/mersinkadingazetesi.com\/index.php?rest_route=\/wp\/v2\/posts\/33948\/revisions"}],"predecessor-version":[{"id":33950,"href":"https:\/\/mersinkadingazetesi.com\/index.php?rest_route=\/wp\/v2\/posts\/33948\/revisions\/33950"}],"wp:featuredmedia":[{"embeddable":true,"href":"https:\/\/mersinkadingazetesi.com\/index.php?rest_route=\/wp\/v2\/media\/33949"}],"wp:attachment":[{"href":"https:\/\/mersinkadingazetesi.com\/index.php?rest_route=%2Fwp%2Fv2%2Fmedia&parent=33948"}],"wp:term":[{"taxonomy":"category","embeddable":true,"href":"https:\/\/mersinkadingazetesi.com\/index.php?rest_route=%2Fwp%2Fv2%2Fcategories&post=33948"},{"taxonomy":"post_tag","embeddable":true,"href":"https:\/\/mersinkadingazetesi.com\/index.php?rest_route=%2Fwp%2Fv2%2Ftags&post=33948"}],"curies":[{"name":"wp","href":"https:\/\/api.w.org\/{rel}","templated":true}]}}