{"id":33962,"date":"2024-07-18T11:39:20","date_gmt":"2024-07-18T08:39:20","guid":{"rendered":"https:\/\/mersinkadingazetesi.com\/?p=33962"},"modified":"2024-07-18T11:39:21","modified_gmt":"2024-07-18T08:39:21","slug":"geleneksel-esenli-uzum-senligi-21-temmuz-pazar-gunu-duzenleniyor","status":"publish","type":"post","link":"https:\/\/mersinkadingazetesi.com\/?p=33962","title":{"rendered":"GELENEKSEL ESENL\u0130 \u00dcZ\u00dcM \u015eENL\u0130\u011e\u0130 21 TEMMUZ PAZAR G\u00dcN\u00dc D\u00dcZENLEN\u0130YOR"},"content":{"rendered":"\n<p>Akdeniz Belediyesi\u2019nin 3\u2019\u00fcnc\u00fc Geleneksel Esenli \u00dcz\u00fcm \u015eenli\u011fi, 21 Temmuz 2024 Pazar g\u00fcn\u00fc Esenli Mahalle Meydan\u0131\u2019nda d\u00fczenlenecek. Akdeniz Belediyesi E\u015f Ba\u015fkanlar\u0131 Ho\u015fyar Sar\u0131y\u0131ld\u0131z ve Nuriye Arslan; lezzetin m\u00fczik ve e\u011flence ile bulu\u015faca\u011f\u0131 \u00fcz\u00fcm \u015fenli\u011fine 7\u2019den 70\u2019e t\u00fcm Mersinlileri davet ettiler.<\/p>\n\n\n\n<p>E\u015f Ba\u015fkanlar Arslan ve Sar\u0131y\u0131ld\u0131z\u2019\u0131n ortak \u00e7a\u011fr\u0131s\u0131 \u015f\u00f6yle; \u201cSayg\u0131de\u011fer halk\u0131m\u0131z, k\u0131ymetli hem\u015ferilerimiz; \u00dcz\u00fcm diyar\u0131 Esenli mahallemizde 21 Temmuz Pazar g\u00fcn\u00fc d\u00fczenleyece\u011fimiz \u00fcz\u00fcm \u015fenli\u011fine hepiniz davetlisiniz. B\u00f6lge \u00fcreticilerimizin \u00fcretti\u011fi en g\u00fczel \u00fcz\u00fcmleri be\u011feniye de sunacaklar\u0131 \u015fenli\u011fimiz sayesinde \u00fcreticilerimiz, yerel ve ulusal pazarda daha da g\u00fc\u00e7lenme imk\u00e2n\u0131 elde edecek. Yemye\u015fil do\u011fas\u0131 ile Akdeniz\u2019in en g\u00fczel yerlerinden biri olan Esenli\u2019nin tan\u0131t\u0131m\u0131 sayesinde \u00fcz\u00fcm \u00fcreticilerimiz al\u0131n terlerinin kar\u015f\u0131l\u0131\u011f\u0131n\u0131 alabilecek. \u00c7ocuklar\u0131m\u0131z i\u00e7in aktivite alanlar\u0131n\u0131n yer alaca\u011f\u0131, farkl\u0131 g\u00f6steriler, m\u00fczik dinletileri ve g\u00fcn\u00fcn sonunda ger\u00e7ekle\u015fecek O\u011fuz Aksa\u00e7 konseri ile etkinli\u011fimiz b\u00fcy\u00fck yank\u0131 uyand\u0131racak. Akdeniz Belediyemizin, yerli \u00fcreticilerimiz ve y\u00f6re halk\u0131m\u0131z i\u015fbirli\u011finde organize edece\u011fi; Esenli\u2019nin birbirinden lezzetli \u00fcz\u00fcmlerini t\u00fcm T\u00fcrkiye\u2019ye tan\u0131taca\u011f\u0131 \u015fenli\u011fimizde bulu\u015fal\u0131m. 21 Temmuz 2024 Pazar g\u00fcn\u00fc kimseye randevu vermeyin, Akdeniz\u2019in en tatl\u0131 \u015fenli\u011fini sak\u0131n ka\u00e7\u0131rmay\u0131n! Lezzetin, m\u00fczik, e\u011flence ve co\u015fku ile bulu\u015faca\u011f\u0131 Esenli \u00dcz\u00fcm \u015eenli\u011fi\u2019ne t\u00fcm halk\u0131m\u0131z\u0131 bekliyoruz.\u201d<\/p>\n","protected":false},"excerpt":{"rendered":"<p>Akdeniz Belediyesi\u2019nin 3\u2019\u00fcnc\u00fc Geleneksel Esenli \u00dcz\u00fcm \u015eenli\u011fi, 21 Temmuz 2024 Pazar g\u00fcn\u00fc Esenli Mahalle Meydan\u0131\u2019nda d\u00fczenlenecek. Akdeniz Belediyesi E\u015f Ba\u015fkanlar\u0131 Ho\u015fyar Sar\u0131y\u0131ld\u0131z ve Nuriye Arslan; lezzetin m\u00fczik ve e\u011flence ile bulu\u015faca\u011f\u0131 \u00fcz\u00fcm \u015fenli\u011fine 7\u2019den 70\u2019e t\u00fcm Mersinlileri davet ettiler. E\u015f Ba\u015fkanlar Arslan ve Sar\u0131y\u0131ld\u0131z\u2019\u0131n ortak \u00e7a\u011fr\u0131s\u0131 \u015f\u00f6yle; \u201cSayg\u0131de\u011fer halk\u0131m\u0131z, k\u0131ymetli hem\u015ferilerimiz; \u00dcz\u00fcm diyar\u0131 Esenli mahallemizde [&hellip;]<\/p>\n","protected":false},"author":2,"featured_media":33963,"comment_status":"closed","ping_status":"closed","sticky":false,"template":"","format":"standard","meta":{"footnotes":""},"categories":[1],"tags":[],"class_list":["post-33962","post","type-post","status-publish","format-standard","has-post-thumbnail","hentry","category-genel"],"views":18,"_links":{"self":[{"href":"https:\/\/mersinkadingazetesi.com\/index.php?rest_route=\/wp\/v2\/posts\/33962"}],"collection":[{"href":"https:\/\/mersinkadingazetesi.com\/index.php?rest_route=\/wp\/v2\/posts"}],"about":[{"href":"https:\/\/mersinkadingazetesi.com\/index.php?rest_route=\/wp\/v2\/types\/post"}],"author":[{"embeddable":true,"href":"https:\/\/mersinkadingazetesi.com\/index.php?rest_route=\/wp\/v2\/users\/2"}],"replies":[{"embeddable":true,"href":"https:\/\/mersinkadingazetesi.com\/index.php?rest_route=%2Fwp%2Fv2%2Fcomments&post=33962"}],"version-history":[{"count":1,"href":"https:\/\/mersinkadingazetesi.com\/index.php?rest_route=\/wp\/v2\/posts\/33962\/revisions"}],"predecessor-version":[{"id":33964,"href":"https:\/\/mersinkadingazetesi.com\/index.php?rest_route=\/wp\/v2\/posts\/33962\/revisions\/33964"}],"wp:featuredmedia":[{"embeddable":true,"href":"https:\/\/mersinkadingazetesi.com\/index.php?rest_route=\/wp\/v2\/media\/33963"}],"wp:attachment":[{"href":"https:\/\/mersinkadingazetesi.com\/index.php?rest_route=%2Fwp%2Fv2%2Fmedia&parent=33962"}],"wp:term":[{"taxonomy":"category","embeddable":true,"href":"https:\/\/mersinkadingazetesi.com\/index.php?rest_route=%2Fwp%2Fv2%2Fcategories&post=33962"},{"taxonomy":"post_tag","embeddable":true,"href":"https:\/\/mersinkadingazetesi.com\/index.php?rest_route=%2Fwp%2Fv2%2Ftags&post=33962"}],"curies":[{"name":"wp","href":"https:\/\/api.w.org\/{rel}","templated":true}]}}